{"id":17282,"date":"2023-08-31T10:24:31","date_gmt":"2023-08-31T08:24:31","guid":{"rendered":"https:\/\/www.enerlandgroup.com\/?p=17282"},"modified":"2023-10-19T09:31:41","modified_gmt":"2023-10-19T07:31:41","slug":"enerland-group-participa-en-el-coren-2023","status":"publish","type":"post","link":"https:\/\/www.enerlandgroup.com\/es\/enerland-group-participa-en-el-coren-2023\/","title":{"rendered":"Enerland Group participa en el COREN 2023"},"content":{"rendered":"<h2>Enerland Group participa en el COREN 2023 que tuvo lugar del 23 al 25 de agosto en el hotel Sheraton Presidente, San Salvador.<\/h2>\n<p>&nbsp;<\/p>\n<p>La semana pasada, Dany Reyes, Country Manager de Enerland Group El Salvador, particip\u00f3 como ponente en el evento energ\u00e9tico m\u00e1s importante de Am\u00e9rica Central y el Caribe: el Congreso Regional de Energ\u00eda (COREN 2023), organizado por la <a href=\"https:\/\/industriaelsalvador.com\/\">Asociaci\u00f3n Salvadore\u00f1a de Industriales (ASI)<\/a>. El foro, que tuvo lugar los d\u00edas 23, 24 y 25 de agosto, trabaj\u00f3 como puntos principales la sostenibilidad y eficiencia energ\u00e9tica del pa\u00eds, siendo \u00abAlmacenamiento de Energ\u00eda y Aplicaciones en el Mercado El\u00e9ctrico\u00bb su tem\u00e1tica central.<\/p>\n<p>La din\u00e1mica del foro arranc\u00f3 con presentaciones de grandes empresas de m\u00e1s de 24 pa\u00edses sobre su experiencia en el sector. Posteriormente, analizaron y discutieron diversas materias de inter\u00e9s para el sector industrial de El Salvador y de la regi\u00f3n centroamericana. Durante el debate, Dany Reyes, como moderador del encuentro, dirigi\u00f3 los diferentes temas que se abordaron:<\/p>\n<ul>\n<li>Importancia de los sistemas de almacenamiento de energ\u00eda para continuar con la transici\u00f3n energ\u00e9tica a fuentes renovables<\/li>\n<li>Experiencia en diferentes pa\u00edses sobre la implementaci\u00f3n de sistemas de almacenamiento y los diferentes servicios que prestan a la red<\/li>\n<li>Necesidad de avances regulatorios para acompa\u00f1ar el desarrollo de sistemas de almacenamiento y su integraci\u00f3n con fuentes de energ\u00eda renovable<\/li>\n<\/ul>\n<p>\u201cHa sido un placer haber formado parte de este foro tan interesante y que en estos momentos se considera como uno de los encuentros m\u00e1s emblem\u00e1ticos del sector. Si tengo que llegar a una conclusi\u00f3n ser\u00eda que el desarrollo de los sistemas de almacenamiento de energ\u00eda y su integraci\u00f3n a los sistemas el\u00e9ctricos es clave para no frenar el desarrollo de fuentes renovables y su contribuci\u00f3n a la transici\u00f3n energ\u00e9tica. Desde Enerland trabajaremos para seguir <a href=\"https:\/\/www.enerlandgroup.com\/es\/proyectos\/\">aportando energ\u00eda verde a la generaci\u00f3n el\u00e9ctrica en la regi\u00f3n<\/a>\u201d. Dany Reyes, country manager de Enerland Group El Salvador.<\/p>\n<p>\u00a1Nos vemos en la pr\u00f3xima edici\u00f3n!<\/p>\n","protected":false},"excerpt":{"rendered":"<p>Enerland Group participa en el COREN 2023 que tuvo lugar del 23 al 25<\/p>\n","protected":false},"author":11,"featured_media":17298,"comment_status":"open","ping_status":"open","sticky":false,"template":"","format":"standard","meta":{"_et_pb_use_builder":"","_et_pb_old_content":"","_et_gb_content_width":"","footnotes":""},"categories":[23,161],"tags":[],"class_list":["post-17282","post","type-post","status-publish","format-standard","has-post-thumbnail","hentry","category-corporativo","category-noticias"],"yoast_head":"<!-- This site is optimized with the Yoast SEO plugin v27.4 - https:\/\/yoast.com\/product\/yoast-seo-wordpress\/ -->\n<title>Enerland Group participa en el COREN 2023 - Enerland Energ\u00eda Renovable<\/title>\n<meta name=\"description\" content=\"Enerland Group participa en el COREN 2023 que tuvo lugar el 23, 24 y 25 de agosto en el hotel Sheraton presidente, San Salvador.\" \/>\n<meta name=\"robots\" content=\"index, follow, max-snippet:-1, max-image-preview:large, max-video-preview:-1\" \/>\n<link rel=\"canonical\" href=\"https:\/\/www.enerlandgroup.com\/es\/enerland-group-participa-en-el-coren-2023\/\" \/>\n<meta property=\"og:locale\" content=\"es_ES\" \/>\n<meta property=\"og:type\" content=\"article\" \/>\n<meta property=\"og:title\" content=\"Enerland Group participa en el COREN 2023 - Enerland Energ\u00eda Renovable\" \/>\n<meta property=\"og:description\" content=\"Enerland Group participa en el COREN 2023 que tuvo lugar el 23, 24 y 25 de agosto en el hotel Sheraton presidente, San Salvador.\" \/>\n<meta property=\"og:url\" content=\"https:\/\/www.enerlandgroup.com\/es\/enerland-group-participa-en-el-coren-2023\/\" \/>\n<meta property=\"og:site_name\" content=\"Enerland Energ\u00eda Renovable\" \/>\n<meta property=\"article:published_time\" content=\"2023-08-31T08:24:31+00:00\" \/>\n<meta property=\"article:modified_time\" content=\"2023-10-19T07:31:41+00:00\" \/>\n<meta property=\"og:image\" content=\"https:\/\/www.enerlandgroup.com\/wp-content\/uploads\/2023\/08\/COREN-2023.jpg\" \/>\n\t<meta property=\"og:image:width\" content=\"1870\" \/>\n\t<meta property=\"og:image:height\" content=\"700\" \/>\n\t<meta property=\"og:image:type\" content=\"image\/jpeg\" \/>\n<meta name=\"author\" content=\"Ana\" \/>\n<meta name=\"twitter:card\" content=\"summary_large_image\" \/>\n<script type=\"application\/ld+json\" class=\"yoast-schema-graph\">{\"@context\":\"https:\\\/\\\/schema.org\",\"@graph\":[{\"@type\":\"Article\",\"@id\":\"https:\\\/\\\/www.enerlandgroup.com\\\/es\\\/enerland-group-participa-en-el-coren-2023\\\/#article\",\"isPartOf\":{\"@id\":\"https:\\\/\\\/www.enerlandgroup.com\\\/es\\\/enerland-group-participa-en-el-coren-2023\\\/\"},\"author\":{\"name\":\"Ana\",\"@id\":\"https:\\\/\\\/www.enerlandgroup.com\\\/es\\\/#\\\/schema\\\/person\\\/ff4846e816b3f94eb665e1da0854e1b8\"},\"headline\":\"Enerland Group participa en el COREN 2023\",\"datePublished\":\"2023-08-31T08:24:31+00:00\",\"dateModified\":\"2023-10-19T07:31:41+00:00\",\"mainEntityOfPage\":{\"@id\":\"https:\\\/\\\/www.enerlandgroup.com\\\/es\\\/enerland-group-participa-en-el-coren-2023\\\/\"},\"wordCount\":356,\"commentCount\":0,\"publisher\":{\"@id\":\"https:\\\/\\\/www.enerlandgroup.com\\\/es\\\/#organization\"},\"image\":{\"@id\":\"https:\\\/\\\/www.enerlandgroup.com\\\/es\\\/enerland-group-participa-en-el-coren-2023\\\/#primaryimage\"},\"thumbnailUrl\":\"https:\\\/\\\/www.enerlandgroup.com\\\/wp-content\\\/uploads\\\/2023\\\/08\\\/COREN-2023.jpg\",\"articleSection\":[\"Corporativo\",\"Noticias\"],\"inLanguage\":\"es\",\"potentialAction\":[{\"@type\":\"CommentAction\",\"name\":\"Comment\",\"target\":[\"https:\\\/\\\/www.enerlandgroup.com\\\/es\\\/enerland-group-participa-en-el-coren-2023\\\/#respond\"]}]},{\"@type\":[\"WebPage\",\"ItemPage\"],\"@id\":\"https:\\\/\\\/www.enerlandgroup.com\\\/es\\\/enerland-group-participa-en-el-coren-2023\\\/\",\"url\":\"https:\\\/\\\/www.enerlandgroup.com\\\/es\\\/enerland-group-participa-en-el-coren-2023\\\/\",\"name\":\"Enerland Group participa en el COREN 2023 - Enerland Energ\u00eda Renovable\",\"isPartOf\":{\"@id\":\"https:\\\/\\\/www.enerlandgroup.com\\\/es\\\/#website\"},\"primaryImageOfPage\":{\"@id\":\"https:\\\/\\\/www.enerlandgroup.com\\\/es\\\/enerland-group-participa-en-el-coren-2023\\\/#primaryimage\"},\"image\":{\"@id\":\"https:\\\/\\\/www.enerlandgroup.com\\\/es\\\/enerland-group-participa-en-el-coren-2023\\\/#primaryimage\"},\"thumbnailUrl\":\"https:\\\/\\\/www.enerlandgroup.com\\\/wp-content\\\/uploads\\\/2023\\\/08\\\/COREN-2023.jpg\",\"datePublished\":\"2023-08-31T08:24:31+00:00\",\"dateModified\":\"2023-10-19T07:31:41+00:00\",\"description\":\"Enerland Group participa en el COREN 2023 que tuvo lugar el 23, 24 y 25 de agosto en el hotel Sheraton presidente, San Salvador.\",\"breadcrumb\":{\"@id\":\"https:\\\/\\\/www.enerlandgroup.com\\\/es\\\/enerland-group-participa-en-el-coren-2023\\\/#breadcrumb\"},\"inLanguage\":\"es\",\"potentialAction\":[{\"@type\":\"ReadAction\",\"target\":[\"https:\\\/\\\/www.enerlandgroup.com\\\/es\\\/enerland-group-participa-en-el-coren-2023\\\/\"]}]},{\"@type\":\"ImageObject\",\"inLanguage\":\"es\",\"@id\":\"https:\\\/\\\/www.enerlandgroup.com\\\/es\\\/enerland-group-participa-en-el-coren-2023\\\/#primaryimage\",\"url\":\"https:\\\/\\\/www.enerlandgroup.com\\\/wp-content\\\/uploads\\\/2023\\\/08\\\/COREN-2023.jpg\",\"contentUrl\":\"https:\\\/\\\/www.enerlandgroup.com\\\/wp-content\\\/uploads\\\/2023\\\/08\\\/COREN-2023.jpg\",\"width\":1870,\"height\":700},{\"@type\":\"BreadcrumbList\",\"@id\":\"https:\\\/\\\/www.enerlandgroup.com\\\/es\\\/enerland-group-participa-en-el-coren-2023\\\/#breadcrumb\",\"itemListElement\":[{\"@type\":\"ListItem\",\"position\":1,\"name\":\"Inicio\",\"item\":\"https:\\\/\\\/www.enerlandgroup.com\\\/es\\\/\"},{\"@type\":\"ListItem\",\"position\":2,\"name\":\"Enerland Group participa en el COREN 2023\"}]},{\"@type\":\"WebSite\",\"@id\":\"https:\\\/\\\/www.enerlandgroup.com\\\/es\\\/#website\",\"url\":\"https:\\\/\\\/www.enerlandgroup.com\\\/es\\\/\",\"name\":\"Enerland Energ\u00eda Renovable\",\"description\":\"\",\"publisher\":{\"@id\":\"https:\\\/\\\/www.enerlandgroup.com\\\/es\\\/#organization\"},\"potentialAction\":[{\"@type\":\"SearchAction\",\"target\":{\"@type\":\"EntryPoint\",\"urlTemplate\":\"https:\\\/\\\/www.enerlandgroup.com\\\/es\\\/?s={search_term_string}\"},\"query-input\":{\"@type\":\"PropertyValueSpecification\",\"valueRequired\":true,\"valueName\":\"search_term_string\"}}],\"inLanguage\":\"es\"},{\"@type\":\"Organization\",\"@id\":\"https:\\\/\\\/www.enerlandgroup.com\\\/es\\\/#organization\",\"name\":\"Enerland Group\",\"url\":\"https:\\\/\\\/www.enerlandgroup.com\\\/es\\\/\",\"logo\":{\"@type\":\"ImageObject\",\"inLanguage\":\"es\",\"@id\":\"https:\\\/\\\/www.enerlandgroup.com\\\/es\\\/#\\\/schema\\\/logo\\\/image\\\/\",\"url\":\"https:\\\/\\\/www.enerlandgroup.com\\\/wp-content\\\/uploads\\\/2021\\\/05\\\/Logo_Enerland.png\",\"contentUrl\":\"https:\\\/\\\/www.enerlandgroup.com\\\/wp-content\\\/uploads\\\/2021\\\/05\\\/Logo_Enerland.png\",\"width\":184,\"height\":43,\"caption\":\"Enerland Group\"},\"image\":{\"@id\":\"https:\\\/\\\/www.enerlandgroup.com\\\/es\\\/#\\\/schema\\\/logo\\\/image\\\/\"},\"sameAs\":[\"https:\\\/\\\/www.linkedin.com\\\/company\\\/enerland-group\\\/\",\"https:\\\/\\\/www.youtube.com\\\/channel\\\/UCjdInbThgaPa2_D34vRChmA\"]},{\"@type\":\"Person\",\"@id\":\"https:\\\/\\\/www.enerlandgroup.com\\\/es\\\/#\\\/schema\\\/person\\\/ff4846e816b3f94eb665e1da0854e1b8\",\"name\":\"Ana\",\"image\":{\"@type\":\"ImageObject\",\"inLanguage\":\"es\",\"@id\":\"https:\\\/\\\/secure.gravatar.com\\\/avatar\\\/495e8a53709541de9036eb34e07c65eacd114aba52461487df6099dee02e64f1?s=96&d=mm&r=g\",\"url\":\"https:\\\/\\\/secure.gravatar.com\\\/avatar\\\/495e8a53709541de9036eb34e07c65eacd114aba52461487df6099dee02e64f1?s=96&d=mm&r=g\",\"contentUrl\":\"https:\\\/\\\/secure.gravatar.com\\\/avatar\\\/495e8a53709541de9036eb34e07c65eacd114aba52461487df6099dee02e64f1?s=96&d=mm&r=g\",\"caption\":\"Ana\"},\"url\":\"https:\\\/\\\/www.enerlandgroup.com\\\/es\\\/author\\\/ana-valdizanenerlandgroup-com\\\/\"}]}<\/script>\n<!-- \/ Yoast SEO plugin. -->","yoast_head_json":{"title":"Enerland Group participa en el COREN 2023 - Enerland Energ\u00eda Renovable","description":"Enerland Group participa en el COREN 2023 que tuvo lugar el 23, 24 y 25 de agosto en el hotel Sheraton presidente, San Salvador.","robots":{"index":"index","follow":"follow","max-snippet":"max-snippet:-1","max-image-preview":"max-image-preview:large","max-video-preview":"max-video-preview:-1"},"canonical":"https:\/\/www.enerlandgroup.com\/es\/enerland-group-participa-en-el-coren-2023\/","og_locale":"es_ES","og_type":"article","og_title":"Enerland Group participa en el COREN 2023 - Enerland Energ\u00eda Renovable","og_description":"Enerland Group participa en el COREN 2023 que tuvo lugar el 23, 24 y 25 de agosto en el hotel Sheraton presidente, San Salvador.","og_url":"https:\/\/www.enerlandgroup.com\/es\/enerland-group-participa-en-el-coren-2023\/","og_site_name":"Enerland Energ\u00eda Renovable","article_published_time":"2023-08-31T08:24:31+00:00","article_modified_time":"2023-10-19T07:31:41+00:00","og_image":[{"width":1870,"height":700,"url":"https:\/\/www.enerlandgroup.com\/wp-content\/uploads\/2023\/08\/COREN-2023.jpg","type":"image\/jpeg"}],"author":"Ana","twitter_card":"summary_large_image","schema":{"@context":"https:\/\/schema.org","@graph":[{"@type":"Article","@id":"https:\/\/www.enerlandgroup.com\/es\/enerland-group-participa-en-el-coren-2023\/#article","isPartOf":{"@id":"https:\/\/www.enerlandgroup.com\/es\/enerland-group-participa-en-el-coren-2023\/"},"author":{"name":"Ana","@id":"https:\/\/www.enerlandgroup.com\/es\/#\/schema\/person\/ff4846e816b3f94eb665e1da0854e1b8"},"headline":"Enerland Group participa en el COREN 2023","datePublished":"2023-08-31T08:24:31+00:00","dateModified":"2023-10-19T07:31:41+00:00","mainEntityOfPage":{"@id":"https:\/\/www.enerlandgroup.com\/es\/enerland-group-participa-en-el-coren-2023\/"},"wordCount":356,"commentCount":0,"publisher":{"@id":"https:\/\/www.enerlandgroup.com\/es\/#organization"},"image":{"@id":"https:\/\/www.enerlandgroup.com\/es\/enerland-group-participa-en-el-coren-2023\/#primaryimage"},"thumbnailUrl":"https:\/\/www.enerlandgroup.com\/wp-content\/uploads\/2023\/08\/COREN-2023.jpg","articleSection":["Corporativo","Noticias"],"inLanguage":"es","potentialAction":[{"@type":"CommentAction","name":"Comment","target":["https:\/\/www.enerlandgroup.com\/es\/enerland-group-participa-en-el-coren-2023\/#respond"]}]},{"@type":["WebPage","ItemPage"],"@id":"https:\/\/www.enerlandgroup.com\/es\/enerland-group-participa-en-el-coren-2023\/","url":"https:\/\/www.enerlandgroup.com\/es\/enerland-group-participa-en-el-coren-2023\/","name":"Enerland Group participa en el COREN 2023 - Enerland Energ\u00eda Renovable","isPartOf":{"@id":"https:\/\/www.enerlandgroup.com\/es\/#website"},"primaryImageOfPage":{"@id":"https:\/\/www.enerlandgroup.com\/es\/enerland-group-participa-en-el-coren-2023\/#primaryimage"},"image":{"@id":"https:\/\/www.enerlandgroup.com\/es\/enerland-group-participa-en-el-coren-2023\/#primaryimage"},"thumbnailUrl":"https:\/\/www.enerlandgroup.com\/wp-content\/uploads\/2023\/08\/COREN-2023.jpg","datePublished":"2023-08-31T08:24:31+00:00","dateModified":"2023-10-19T07:31:41+00:00","description":"Enerland Group participa en el COREN 2023 que tuvo lugar el 23, 24 y 25 de agosto en el hotel Sheraton presidente, San Salvador.","breadcrumb":{"@id":"https:\/\/www.enerlandgroup.com\/es\/enerland-group-participa-en-el-coren-2023\/#breadcrumb"},"inLanguage":"es","potentialAction":[{"@type":"ReadAction","target":["https:\/\/www.enerlandgroup.com\/es\/enerland-group-participa-en-el-coren-2023\/"]}]},{"@type":"ImageObject","inLanguage":"es","@id":"https:\/\/www.enerlandgroup.com\/es\/enerland-group-participa-en-el-coren-2023\/#primaryimage","url":"https:\/\/www.enerlandgroup.com\/wp-content\/uploads\/2023\/08\/COREN-2023.jpg","contentUrl":"https:\/\/www.enerlandgroup.com\/wp-content\/uploads\/2023\/08\/COREN-2023.jpg","width":1870,"height":700},{"@type":"BreadcrumbList","@id":"https:\/\/www.enerlandgroup.com\/es\/enerland-group-participa-en-el-coren-2023\/#breadcrumb","itemListElement":[{"@type":"ListItem","position":1,"name":"Inicio","item":"https:\/\/www.enerlandgroup.com\/es\/"},{"@type":"ListItem","position":2,"name":"Enerland Group participa en el COREN 2023"}]},{"@type":"WebSite","@id":"https:\/\/www.enerlandgroup.com\/es\/#website","url":"https:\/\/www.enerlandgroup.com\/es\/","name":"Enerland Energ\u00eda Renovable","description":"","publisher":{"@id":"https:\/\/www.enerlandgroup.com\/es\/#organization"},"potentialAction":[{"@type":"SearchAction","target":{"@type":"EntryPoint","urlTemplate":"https:\/\/www.enerlandgroup.com\/es\/?s={search_term_string}"},"query-input":{"@type":"PropertyValueSpecification","valueRequired":true,"valueName":"search_term_string"}}],"inLanguage":"es"},{"@type":"Organization","@id":"https:\/\/www.enerlandgroup.com\/es\/#organization","name":"Enerland Group","url":"https:\/\/www.enerlandgroup.com\/es\/","logo":{"@type":"ImageObject","inLanguage":"es","@id":"https:\/\/www.enerlandgroup.com\/es\/#\/schema\/logo\/image\/","url":"https:\/\/www.enerlandgroup.com\/wp-content\/uploads\/2021\/05\/Logo_Enerland.png","contentUrl":"https:\/\/www.enerlandgroup.com\/wp-content\/uploads\/2021\/05\/Logo_Enerland.png","width":184,"height":43,"caption":"Enerland Group"},"image":{"@id":"https:\/\/www.enerlandgroup.com\/es\/#\/schema\/logo\/image\/"},"sameAs":["https:\/\/www.linkedin.com\/company\/enerland-group\/","https:\/\/www.youtube.com\/channel\/UCjdInbThgaPa2_D34vRChmA"]},{"@type":"Person","@id":"https:\/\/www.enerlandgroup.com\/es\/#\/schema\/person\/ff4846e816b3f94eb665e1da0854e1b8","name":"Ana","image":{"@type":"ImageObject","inLanguage":"es","@id":"https:\/\/secure.gravatar.com\/avatar\/495e8a53709541de9036eb34e07c65eacd114aba52461487df6099dee02e64f1?s=96&d=mm&r=g","url":"https:\/\/secure.gravatar.com\/avatar\/495e8a53709541de9036eb34e07c65eacd114aba52461487df6099dee02e64f1?s=96&d=mm&r=g","contentUrl":"https:\/\/secure.gravatar.com\/avatar\/495e8a53709541de9036eb34e07c65eacd114aba52461487df6099dee02e64f1?s=96&d=mm&r=g","caption":"Ana"},"url":"https:\/\/www.enerlandgroup.com\/es\/author\/ana-valdizanenerlandgroup-com\/"}]}},"jetpack_featured_media_url":"https:\/\/www.enerlandgroup.com\/wp-content\/uploads\/2023\/08\/COREN-2023.jpg","_links":{"self":[{"href":"https:\/\/www.enerlandgroup.com\/es\/wp-json\/wp\/v2\/posts\/17282","targetHints":{"allow":["GET"]}}],"collection":[{"href":"https:\/\/www.enerlandgroup.com\/es\/wp-json\/wp\/v2\/posts"}],"about":[{"href":"https:\/\/www.enerlandgroup.com\/es\/wp-json\/wp\/v2\/types\/post"}],"author":[{"embeddable":true,"href":"https:\/\/www.enerlandgroup.com\/es\/wp-json\/wp\/v2\/users\/11"}],"replies":[{"embeddable":true,"href":"https:\/\/www.enerlandgroup.com\/es\/wp-json\/wp\/v2\/comments?post=17282"}],"version-history":[{"count":4,"href":"https:\/\/www.enerlandgroup.com\/es\/wp-json\/wp\/v2\/posts\/17282\/revisions"}],"predecessor-version":[{"id":18016,"href":"https:\/\/www.enerlandgroup.com\/es\/wp-json\/wp\/v2\/posts\/17282\/revisions\/18016"}],"wp:featuredmedia":[{"embeddable":true,"href":"https:\/\/www.enerlandgroup.com\/es\/wp-json\/wp\/v2\/media\/17298"}],"wp:attachment":[{"href":"https:\/\/www.enerlandgroup.com\/es\/wp-json\/wp\/v2\/media?parent=17282"}],"wp:term":[{"taxonomy":"category","embeddable":true,"href":"https:\/\/www.enerlandgroup.com\/es\/wp-json\/wp\/v2\/categories?post=17282"},{"taxonomy":"post_tag","embeddable":true,"href":"https:\/\/www.enerlandgroup.com\/es\/wp-json\/wp\/v2\/tags?post=17282"}],"curies":[{"name":"wp","href":"https:\/\/api.w.org\/{rel}","templated":true}]}}