{"id":16709,"date":"2023-07-18T09:26:49","date_gmt":"2023-07-18T07:26:49","guid":{"rendered":"https:\/\/www.enerlandgroup.com\/?p=16709"},"modified":"2023-10-19T09:31:04","modified_gmt":"2023-10-19T07:31:04","slug":"enerland-group-obtiene-el-sello-aragon-circular-2023","status":"publish","type":"post","link":"https:\/\/www.enerlandgroup.com\/es\/enerland-group-obtiene-el-sello-aragon-circular-2023\/","title":{"rendered":"Enerland Group obtiene el Sello Arag\u00f3n Circular 2023"},"content":{"rendered":"<h2>Enerland Group ha obtenido el Sello Arag\u00f3n Circular 2023 en la segunda convocatoria organizada por el departamento de Econom\u00eda, Planificaci\u00f3n y Empleo del Gobierno de Arag\u00f3n. En esta convocatoria, se presentaron casi 100 solicitudes y m\u00e1s de 70 empresas superaron la evaluaci\u00f3n.<\/h2>\n<h3><\/h3>\n<p>A principios de julio, el Gobierno de Arag\u00f3n reconoci\u00f3 a Enerland Group, una compa\u00f1\u00eda multinacional de energ\u00eda renovable, otorg\u00e1ndole el Sello Arag\u00f3n Circular 2023. Los resultados de la segunda convocatoria destacaron el esfuerzo y la labor de 73 empresas y entidades locales que superaron la evaluaci\u00f3n. El sello se otorg\u00f3 en las categor\u00edas de empresas y administraci\u00f3n local.<\/p>\n<p>Para recibir este sello, los t\u00e9cnicos del Gobierno de Arag\u00f3n evaluaron el grado de implementaci\u00f3n de los principios de la econom\u00eda circular en la gesti\u00f3n de Enerland Group, su impacto en la cadena de valor y su contribuci\u00f3n a <a href=\"https:\/\/www.enerlandgroup.com\/es\/sostenibilidad\/\">lograr una econom\u00eda m\u00e1s sostenible<\/a>, eficiente en el uso de los recursos y competitiva en Arag\u00f3n. Daisy Rodr\u00edguez, responsable del departamento de Medioambiente, elabor\u00f3 la memoria presentada, recopilando todas las buenas pr\u00e1cticas de la organizaci\u00f3n en energ\u00eda renovable y estrategia de econom\u00eda circular en el dise\u00f1o, operaci\u00f3n, mantenimiento, desmantelamiento y cierre de proyectos fotovoltaicos.<\/p>\n<p>&nbsp;<\/p>\n<h3>Sobre el Sello Arag\u00f3n Circular<\/h3>\n<p>El Sello Arag\u00f3n Circular 2023 tiene como objetivo <a href=\"https:\/\/www.aragonhoy.es\/economia-planificacion-y-empleo\/sello-aragon-circular-distingue-73-empresas-entidades-segunda-convocatoria-92520\">reconocer los esfuerzos de empresas y entidades en la transici\u00f3n hacia el nuevo modelo econ\u00f3mico circular<\/a>, adem\u00e1s de concienciar a otras actividades econ\u00f3micas, entidades locales y a la sociedad en general sobre la transici\u00f3n de la Comunidad Aut\u00f3noma de Arag\u00f3n hacia una gesti\u00f3n excelente, innovadora, sostenible y circular.<\/p>\n<p>Por eso, el Gobierno de Arag\u00f3n ha reafirmado su compromiso al lanzar la Estrategia Arag\u00f3n Circular en enero de 2020, la cual est\u00e1 alineada con los objetivos de desarrollo sostenible de la Agenda 2030 y tiene como objetivo crear un marco pol\u00edtico, econ\u00f3mico y social que facilite la transici\u00f3n hacia una econom\u00eda circular innovadora en Arag\u00f3n, que utilice eficientemente los recursos, emita bajas cantidades de carbono, genere empleo de calidad y promueva la cohesi\u00f3n territorial.<\/p>\n","protected":false},"excerpt":{"rendered":"<p>Enerland Group ha obtenido el Sello Arag\u00f3n Circular 2023 en la segunda convocatoria organizada<\/p>\n","protected":false},"author":11,"featured_media":16714,"comment_status":"open","ping_status":"open","sticky":false,"template":"","format":"standard","meta":{"_et_pb_use_builder":"","_et_pb_old_content":"","_et_gb_content_width":"","footnotes":""},"categories":[23,161],"tags":[],"class_list":["post-16709","post","type-post","status-publish","format-standard","has-post-thumbnail","hentry","category-corporativo","category-noticias"],"yoast_head":"<!-- This site is optimized with the Yoast SEO plugin v27.4 - https:\/\/yoast.com\/product\/yoast-seo-wordpress\/ -->\n<title>Enerland Group obtiene el Sello Arag\u00f3n Circular 2023 - Enerland Energ\u00eda Renovable<\/title>\n<meta name=\"description\" content=\"El Gobierno de Arag\u00f3n reconoci\u00f3 a Enerland Group, una compa\u00f1\u00eda multinacional de energ\u00eda renovable, otorg\u00e1ndole el Sello Arag\u00f3n Circular 2023.\" \/>\n<meta name=\"robots\" content=\"index, follow, max-snippet:-1, max-image-preview:large, max-video-preview:-1\" \/>\n<link rel=\"canonical\" href=\"https:\/\/www.enerlandgroup.com\/es\/enerland-group-obtiene-el-sello-aragon-circular-2023\/\" \/>\n<meta property=\"og:locale\" content=\"es_ES\" \/>\n<meta property=\"og:type\" content=\"article\" \/>\n<meta property=\"og:title\" content=\"Enerland Group obtiene el Sello Arag\u00f3n Circular 2023 - Enerland Energ\u00eda Renovable\" \/>\n<meta property=\"og:description\" content=\"El Gobierno de Arag\u00f3n reconoci\u00f3 a Enerland Group, una compa\u00f1\u00eda multinacional de energ\u00eda renovable, otorg\u00e1ndole el Sello Arag\u00f3n Circular 2023.\" \/>\n<meta property=\"og:url\" content=\"https:\/\/www.enerlandgroup.com\/es\/enerland-group-obtiene-el-sello-aragon-circular-2023\/\" \/>\n<meta property=\"og:site_name\" content=\"Enerland Energ\u00eda Renovable\" \/>\n<meta property=\"article:published_time\" content=\"2023-07-18T07:26:49+00:00\" \/>\n<meta property=\"article:modified_time\" content=\"2023-10-19T07:31:04+00:00\" \/>\n<meta property=\"og:image\" content=\"https:\/\/www.enerlandgroup.com\/wp-content\/uploads\/2023\/07\/Sello-Economia-Circular.jpg\" \/>\n\t<meta property=\"og:image:width\" content=\"1870\" \/>\n\t<meta property=\"og:image:height\" content=\"700\" \/>\n\t<meta property=\"og:image:type\" content=\"image\/jpeg\" \/>\n<meta name=\"author\" content=\"Ana\" \/>\n<meta name=\"twitter:card\" content=\"summary_large_image\" \/>\n<script type=\"application\/ld+json\" class=\"yoast-schema-graph\">{\"@context\":\"https:\\\/\\\/schema.org\",\"@graph\":[{\"@type\":\"Article\",\"@id\":\"https:\\\/\\\/www.enerlandgroup.com\\\/es\\\/enerland-group-obtiene-el-sello-aragon-circular-2023\\\/#article\",\"isPartOf\":{\"@id\":\"https:\\\/\\\/www.enerlandgroup.com\\\/es\\\/enerland-group-obtiene-el-sello-aragon-circular-2023\\\/\"},\"author\":{\"name\":\"Ana\",\"@id\":\"https:\\\/\\\/www.enerlandgroup.com\\\/es\\\/#\\\/schema\\\/person\\\/ff4846e816b3f94eb665e1da0854e1b8\"},\"headline\":\"Enerland Group obtiene el Sello Arag\u00f3n Circular 2023\",\"datePublished\":\"2023-07-18T07:26:49+00:00\",\"dateModified\":\"2023-10-19T07:31:04+00:00\",\"mainEntityOfPage\":{\"@id\":\"https:\\\/\\\/www.enerlandgroup.com\\\/es\\\/enerland-group-obtiene-el-sello-aragon-circular-2023\\\/\"},\"wordCount\":378,\"commentCount\":0,\"publisher\":{\"@id\":\"https:\\\/\\\/www.enerlandgroup.com\\\/es\\\/#organization\"},\"image\":{\"@id\":\"https:\\\/\\\/www.enerlandgroup.com\\\/es\\\/enerland-group-obtiene-el-sello-aragon-circular-2023\\\/#primaryimage\"},\"thumbnailUrl\":\"https:\\\/\\\/www.enerlandgroup.com\\\/wp-content\\\/uploads\\\/2023\\\/07\\\/Sello-Economia-Circular.jpg\",\"articleSection\":[\"Corporativo\",\"Noticias\"],\"inLanguage\":\"es\",\"potentialAction\":[{\"@type\":\"CommentAction\",\"name\":\"Comment\",\"target\":[\"https:\\\/\\\/www.enerlandgroup.com\\\/es\\\/enerland-group-obtiene-el-sello-aragon-circular-2023\\\/#respond\"]}]},{\"@type\":[\"WebPage\",\"ItemPage\"],\"@id\":\"https:\\\/\\\/www.enerlandgroup.com\\\/es\\\/enerland-group-obtiene-el-sello-aragon-circular-2023\\\/\",\"url\":\"https:\\\/\\\/www.enerlandgroup.com\\\/es\\\/enerland-group-obtiene-el-sello-aragon-circular-2023\\\/\",\"name\":\"Enerland Group obtiene el Sello Arag\u00f3n Circular 2023 - Enerland Energ\u00eda Renovable\",\"isPartOf\":{\"@id\":\"https:\\\/\\\/www.enerlandgroup.com\\\/es\\\/#website\"},\"primaryImageOfPage\":{\"@id\":\"https:\\\/\\\/www.enerlandgroup.com\\\/es\\\/enerland-group-obtiene-el-sello-aragon-circular-2023\\\/#primaryimage\"},\"image\":{\"@id\":\"https:\\\/\\\/www.enerlandgroup.com\\\/es\\\/enerland-group-obtiene-el-sello-aragon-circular-2023\\\/#primaryimage\"},\"thumbnailUrl\":\"https:\\\/\\\/www.enerlandgroup.com\\\/wp-content\\\/uploads\\\/2023\\\/07\\\/Sello-Economia-Circular.jpg\",\"datePublished\":\"2023-07-18T07:26:49+00:00\",\"dateModified\":\"2023-10-19T07:31:04+00:00\",\"description\":\"El Gobierno de Arag\u00f3n reconoci\u00f3 a Enerland Group, una compa\u00f1\u00eda multinacional de energ\u00eda renovable, otorg\u00e1ndole el Sello Arag\u00f3n Circular 2023.\",\"breadcrumb\":{\"@id\":\"https:\\\/\\\/www.enerlandgroup.com\\\/es\\\/enerland-group-obtiene-el-sello-aragon-circular-2023\\\/#breadcrumb\"},\"inLanguage\":\"es\",\"potentialAction\":[{\"@type\":\"ReadAction\",\"target\":[\"https:\\\/\\\/www.enerlandgroup.com\\\/es\\\/enerland-group-obtiene-el-sello-aragon-circular-2023\\\/\"]}]},{\"@type\":\"ImageObject\",\"inLanguage\":\"es\",\"@id\":\"https:\\\/\\\/www.enerlandgroup.com\\\/es\\\/enerland-group-obtiene-el-sello-aragon-circular-2023\\\/#primaryimage\",\"url\":\"https:\\\/\\\/www.enerlandgroup.com\\\/wp-content\\\/uploads\\\/2023\\\/07\\\/Sello-Economia-Circular.jpg\",\"contentUrl\":\"https:\\\/\\\/www.enerlandgroup.com\\\/wp-content\\\/uploads\\\/2023\\\/07\\\/Sello-Economia-Circular.jpg\",\"width\":1870,\"height\":700,\"caption\":\"Sello Econom\u00eda Circular\"},{\"@type\":\"BreadcrumbList\",\"@id\":\"https:\\\/\\\/www.enerlandgroup.com\\\/es\\\/enerland-group-obtiene-el-sello-aragon-circular-2023\\\/#breadcrumb\",\"itemListElement\":[{\"@type\":\"ListItem\",\"position\":1,\"name\":\"Inicio\",\"item\":\"https:\\\/\\\/www.enerlandgroup.com\\\/es\\\/\"},{\"@type\":\"ListItem\",\"position\":2,\"name\":\"Enerland Group obtiene el Sello Arag\u00f3n Circular 2023\"}]},{\"@type\":\"WebSite\",\"@id\":\"https:\\\/\\\/www.enerlandgroup.com\\\/es\\\/#website\",\"url\":\"https:\\\/\\\/www.enerlandgroup.com\\\/es\\\/\",\"name\":\"Enerland Energ\u00eda Renovable\",\"description\":\"\",\"publisher\":{\"@id\":\"https:\\\/\\\/www.enerlandgroup.com\\\/es\\\/#organization\"},\"potentialAction\":[{\"@type\":\"SearchAction\",\"target\":{\"@type\":\"EntryPoint\",\"urlTemplate\":\"https:\\\/\\\/www.enerlandgroup.com\\\/es\\\/?s={search_term_string}\"},\"query-input\":{\"@type\":\"PropertyValueSpecification\",\"valueRequired\":true,\"valueName\":\"search_term_string\"}}],\"inLanguage\":\"es\"},{\"@type\":\"Organization\",\"@id\":\"https:\\\/\\\/www.enerlandgroup.com\\\/es\\\/#organization\",\"name\":\"Enerland Group\",\"url\":\"https:\\\/\\\/www.enerlandgroup.com\\\/es\\\/\",\"logo\":{\"@type\":\"ImageObject\",\"inLanguage\":\"es\",\"@id\":\"https:\\\/\\\/www.enerlandgroup.com\\\/es\\\/#\\\/schema\\\/logo\\\/image\\\/\",\"url\":\"https:\\\/\\\/www.enerlandgroup.com\\\/wp-content\\\/uploads\\\/2021\\\/05\\\/Logo_Enerland.png\",\"contentUrl\":\"https:\\\/\\\/www.enerlandgroup.com\\\/wp-content\\\/uploads\\\/2021\\\/05\\\/Logo_Enerland.png\",\"width\":184,\"height\":43,\"caption\":\"Enerland Group\"},\"image\":{\"@id\":\"https:\\\/\\\/www.enerlandgroup.com\\\/es\\\/#\\\/schema\\\/logo\\\/image\\\/\"},\"sameAs\":[\"https:\\\/\\\/www.linkedin.com\\\/company\\\/enerland-group\\\/\",\"https:\\\/\\\/www.youtube.com\\\/channel\\\/UCjdInbThgaPa2_D34vRChmA\"]},{\"@type\":\"Person\",\"@id\":\"https:\\\/\\\/www.enerlandgroup.com\\\/es\\\/#\\\/schema\\\/person\\\/ff4846e816b3f94eb665e1da0854e1b8\",\"name\":\"Ana\",\"image\":{\"@type\":\"ImageObject\",\"inLanguage\":\"es\",\"@id\":\"https:\\\/\\\/secure.gravatar.com\\\/avatar\\\/495e8a53709541de9036eb34e07c65eacd114aba52461487df6099dee02e64f1?s=96&d=mm&r=g\",\"url\":\"https:\\\/\\\/secure.gravatar.com\\\/avatar\\\/495e8a53709541de9036eb34e07c65eacd114aba52461487df6099dee02e64f1?s=96&d=mm&r=g\",\"contentUrl\":\"https:\\\/\\\/secure.gravatar.com\\\/avatar\\\/495e8a53709541de9036eb34e07c65eacd114aba52461487df6099dee02e64f1?s=96&d=mm&r=g\",\"caption\":\"Ana\"},\"url\":\"https:\\\/\\\/www.enerlandgroup.com\\\/es\\\/author\\\/ana-valdizanenerlandgroup-com\\\/\"}]}<\/script>\n<!-- \/ Yoast SEO plugin. -->","yoast_head_json":{"title":"Enerland Group obtiene el Sello Arag\u00f3n Circular 2023 - Enerland Energ\u00eda Renovable","description":"El Gobierno de Arag\u00f3n reconoci\u00f3 a Enerland Group, una compa\u00f1\u00eda multinacional de energ\u00eda renovable, otorg\u00e1ndole el Sello Arag\u00f3n Circular 2023.","robots":{"index":"index","follow":"follow","max-snippet":"max-snippet:-1","max-image-preview":"max-image-preview:large","max-video-preview":"max-video-preview:-1"},"canonical":"https:\/\/www.enerlandgroup.com\/es\/enerland-group-obtiene-el-sello-aragon-circular-2023\/","og_locale":"es_ES","og_type":"article","og_title":"Enerland Group obtiene el Sello Arag\u00f3n Circular 2023 - Enerland Energ\u00eda Renovable","og_description":"El Gobierno de Arag\u00f3n reconoci\u00f3 a Enerland Group, una compa\u00f1\u00eda multinacional de energ\u00eda renovable, otorg\u00e1ndole el Sello Arag\u00f3n Circular 2023.","og_url":"https:\/\/www.enerlandgroup.com\/es\/enerland-group-obtiene-el-sello-aragon-circular-2023\/","og_site_name":"Enerland Energ\u00eda Renovable","article_published_time":"2023-07-18T07:26:49+00:00","article_modified_time":"2023-10-19T07:31:04+00:00","og_image":[{"width":1870,"height":700,"url":"https:\/\/www.enerlandgroup.com\/wp-content\/uploads\/2023\/07\/Sello-Economia-Circular.jpg","type":"image\/jpeg"}],"author":"Ana","twitter_card":"summary_large_image","schema":{"@context":"https:\/\/schema.org","@graph":[{"@type":"Article","@id":"https:\/\/www.enerlandgroup.com\/es\/enerland-group-obtiene-el-sello-aragon-circular-2023\/#article","isPartOf":{"@id":"https:\/\/www.enerlandgroup.com\/es\/enerland-group-obtiene-el-sello-aragon-circular-2023\/"},"author":{"name":"Ana","@id":"https:\/\/www.enerlandgroup.com\/es\/#\/schema\/person\/ff4846e816b3f94eb665e1da0854e1b8"},"headline":"Enerland Group obtiene el Sello Arag\u00f3n Circular 2023","datePublished":"2023-07-18T07:26:49+00:00","dateModified":"2023-10-19T07:31:04+00:00","mainEntityOfPage":{"@id":"https:\/\/www.enerlandgroup.com\/es\/enerland-group-obtiene-el-sello-aragon-circular-2023\/"},"wordCount":378,"commentCount":0,"publisher":{"@id":"https:\/\/www.enerlandgroup.com\/es\/#organization"},"image":{"@id":"https:\/\/www.enerlandgroup.com\/es\/enerland-group-obtiene-el-sello-aragon-circular-2023\/#primaryimage"},"thumbnailUrl":"https:\/\/www.enerlandgroup.com\/wp-content\/uploads\/2023\/07\/Sello-Economia-Circular.jpg","articleSection":["Corporativo","Noticias"],"inLanguage":"es","potentialAction":[{"@type":"CommentAction","name":"Comment","target":["https:\/\/www.enerlandgroup.com\/es\/enerland-group-obtiene-el-sello-aragon-circular-2023\/#respond"]}]},{"@type":["WebPage","ItemPage"],"@id":"https:\/\/www.enerlandgroup.com\/es\/enerland-group-obtiene-el-sello-aragon-circular-2023\/","url":"https:\/\/www.enerlandgroup.com\/es\/enerland-group-obtiene-el-sello-aragon-circular-2023\/","name":"Enerland Group obtiene el Sello Arag\u00f3n Circular 2023 - Enerland Energ\u00eda Renovable","isPartOf":{"@id":"https:\/\/www.enerlandgroup.com\/es\/#website"},"primaryImageOfPage":{"@id":"https:\/\/www.enerlandgroup.com\/es\/enerland-group-obtiene-el-sello-aragon-circular-2023\/#primaryimage"},"image":{"@id":"https:\/\/www.enerlandgroup.com\/es\/enerland-group-obtiene-el-sello-aragon-circular-2023\/#primaryimage"},"thumbnailUrl":"https:\/\/www.enerlandgroup.com\/wp-content\/uploads\/2023\/07\/Sello-Economia-Circular.jpg","datePublished":"2023-07-18T07:26:49+00:00","dateModified":"2023-10-19T07:31:04+00:00","description":"El Gobierno de Arag\u00f3n reconoci\u00f3 a Enerland Group, una compa\u00f1\u00eda multinacional de energ\u00eda renovable, otorg\u00e1ndole el Sello Arag\u00f3n Circular 2023.","breadcrumb":{"@id":"https:\/\/www.enerlandgroup.com\/es\/enerland-group-obtiene-el-sello-aragon-circular-2023\/#breadcrumb"},"inLanguage":"es","potentialAction":[{"@type":"ReadAction","target":["https:\/\/www.enerlandgroup.com\/es\/enerland-group-obtiene-el-sello-aragon-circular-2023\/"]}]},{"@type":"ImageObject","inLanguage":"es","@id":"https:\/\/www.enerlandgroup.com\/es\/enerland-group-obtiene-el-sello-aragon-circular-2023\/#primaryimage","url":"https:\/\/www.enerlandgroup.com\/wp-content\/uploads\/2023\/07\/Sello-Economia-Circular.jpg","contentUrl":"https:\/\/www.enerlandgroup.com\/wp-content\/uploads\/2023\/07\/Sello-Economia-Circular.jpg","width":1870,"height":700,"caption":"Sello Econom\u00eda Circular"},{"@type":"BreadcrumbList","@id":"https:\/\/www.enerlandgroup.com\/es\/enerland-group-obtiene-el-sello-aragon-circular-2023\/#breadcrumb","itemListElement":[{"@type":"ListItem","position":1,"name":"Inicio","item":"https:\/\/www.enerlandgroup.com\/es\/"},{"@type":"ListItem","position":2,"name":"Enerland Group obtiene el Sello Arag\u00f3n Circular 2023"}]},{"@type":"WebSite","@id":"https:\/\/www.enerlandgroup.com\/es\/#website","url":"https:\/\/www.enerlandgroup.com\/es\/","name":"Enerland Energ\u00eda Renovable","description":"","publisher":{"@id":"https:\/\/www.enerlandgroup.com\/es\/#organization"},"potentialAction":[{"@type":"SearchAction","target":{"@type":"EntryPoint","urlTemplate":"https:\/\/www.enerlandgroup.com\/es\/?s={search_term_string}"},"query-input":{"@type":"PropertyValueSpecification","valueRequired":true,"valueName":"search_term_string"}}],"inLanguage":"es"},{"@type":"Organization","@id":"https:\/\/www.enerlandgroup.com\/es\/#organization","name":"Enerland Group","url":"https:\/\/www.enerlandgroup.com\/es\/","logo":{"@type":"ImageObject","inLanguage":"es","@id":"https:\/\/www.enerlandgroup.com\/es\/#\/schema\/logo\/image\/","url":"https:\/\/www.enerlandgroup.com\/wp-content\/uploads\/2021\/05\/Logo_Enerland.png","contentUrl":"https:\/\/www.enerlandgroup.com\/wp-content\/uploads\/2021\/05\/Logo_Enerland.png","width":184,"height":43,"caption":"Enerland Group"},"image":{"@id":"https:\/\/www.enerlandgroup.com\/es\/#\/schema\/logo\/image\/"},"sameAs":["https:\/\/www.linkedin.com\/company\/enerland-group\/","https:\/\/www.youtube.com\/channel\/UCjdInbThgaPa2_D34vRChmA"]},{"@type":"Person","@id":"https:\/\/www.enerlandgroup.com\/es\/#\/schema\/person\/ff4846e816b3f94eb665e1da0854e1b8","name":"Ana","image":{"@type":"ImageObject","inLanguage":"es","@id":"https:\/\/secure.gravatar.com\/avatar\/495e8a53709541de9036eb34e07c65eacd114aba52461487df6099dee02e64f1?s=96&d=mm&r=g","url":"https:\/\/secure.gravatar.com\/avatar\/495e8a53709541de9036eb34e07c65eacd114aba52461487df6099dee02e64f1?s=96&d=mm&r=g","contentUrl":"https:\/\/secure.gravatar.com\/avatar\/495e8a53709541de9036eb34e07c65eacd114aba52461487df6099dee02e64f1?s=96&d=mm&r=g","caption":"Ana"},"url":"https:\/\/www.enerlandgroup.com\/es\/author\/ana-valdizanenerlandgroup-com\/"}]}},"jetpack_featured_media_url":"https:\/\/www.enerlandgroup.com\/wp-content\/uploads\/2023\/07\/Sello-Economia-Circular.jpg","_links":{"self":[{"href":"https:\/\/www.enerlandgroup.com\/es\/wp-json\/wp\/v2\/posts\/16709","targetHints":{"allow":["GET"]}}],"collection":[{"href":"https:\/\/www.enerlandgroup.com\/es\/wp-json\/wp\/v2\/posts"}],"about":[{"href":"https:\/\/www.enerlandgroup.com\/es\/wp-json\/wp\/v2\/types\/post"}],"author":[{"embeddable":true,"href":"https:\/\/www.enerlandgroup.com\/es\/wp-json\/wp\/v2\/users\/11"}],"replies":[{"embeddable":true,"href":"https:\/\/www.enerlandgroup.com\/es\/wp-json\/wp\/v2\/comments?post=16709"}],"version-history":[{"count":7,"href":"https:\/\/www.enerlandgroup.com\/es\/wp-json\/wp\/v2\/posts\/16709\/revisions"}],"predecessor-version":[{"id":17531,"href":"https:\/\/www.enerlandgroup.com\/es\/wp-json\/wp\/v2\/posts\/16709\/revisions\/17531"}],"wp:featuredmedia":[{"embeddable":true,"href":"https:\/\/www.enerlandgroup.com\/es\/wp-json\/wp\/v2\/media\/16714"}],"wp:attachment":[{"href":"https:\/\/www.enerlandgroup.com\/es\/wp-json\/wp\/v2\/media?parent=16709"}],"wp:term":[{"taxonomy":"category","embeddable":true,"href":"https:\/\/www.enerlandgroup.com\/es\/wp-json\/wp\/v2\/categories?post=16709"},{"taxonomy":"post_tag","embeddable":true,"href":"https:\/\/www.enerlandgroup.com\/es\/wp-json\/wp\/v2\/tags?post=16709"}],"curies":[{"name":"wp","href":"https:\/\/api.w.org\/{rel}","templated":true}]}}