{"id":16506,"date":"2023-06-21T09:50:30","date_gmt":"2023-06-21T07:50:30","guid":{"rendered":"https:\/\/www.enerlandgroup.com\/?p=16506"},"modified":"2023-10-19T09:31:00","modified_gmt":"2023-10-19T07:31:00","slug":"enerland-group-asiste-a-la-primera-asamblea-de-naciones-unidas","status":"publish","type":"post","link":"https:\/\/www.enerlandgroup.com\/es\/enerland-group-asiste-a-la-primera-asamblea-de-naciones-unidas\/","title":{"rendered":"Enerland Group asiste a la Primera Asamblea de Naciones Unidas"},"content":{"rendered":"<h2>La semana pasada Enerland Group asisti\u00f3 a su primera Asamblea de Naciones Unidas en Espa\u00f1a del Pacto Mundial que tuvo lugar en Madrid.<\/h2>\n<p>&nbsp;<\/p>\n<p>El pasado mi\u00e9rcoles, 14 de junio,\u00a0<a href=\"https:\/\/www.linkedin.com\/company\/enerland-group\/\" data-attribute-index=\"0\" data-entity-type=\"MINI_COMPANY\">Enerland Group<\/a>\u00a0y\u00a0<a href=\"https:\/\/www.linkedin.com\/company\/monticellautoconsumo\/\" data-attribute-index=\"2\" data-entity-type=\"MINI_COMPANY\">Monticell<\/a> asisti\u00f3 a su primera Asamblea de Naciones Unidas del <a href=\"https:\/\/www.linkedin.com\/company\/pactomundial\/\" data-attribute-index=\"4\" data-entity-type=\"MINI_COMPANY\">Pacto Mundial de la ONU Espa\u00f1a<\/a>.\u00a0El evento tuvo lugar en Madrid y acogi\u00f3 a m\u00e1s de medio millar de socios para la cita m\u00e1s importante del a\u00f1o de esta iniciativa.\u00a0Angel Hidalgo Armayones, del \u00e1rea comercial, y\u00a0Ana Valdiz\u00e1n Zarazaga, del departamento de marketing, asistieron en representaci\u00f3n de la empresa para conocer los pr\u00f3ximos objetivos para 2024 de la organizaci\u00f3n.\u00a0 Adem\u00e1s, el\u00a0<a href=\"https:\/\/www.linkedin.com\/in\/ACoAAALVda8BFwbF1RRMYUS5GabSPjlk4S0HM50\" data-attribute-index=\"10\" data-entity-type=\"MINI_PROFILE\">Mago More<\/a> dio una charla inspiradora sobre la importancia de ser MOVERS de la\u00a0sostenibilidad, y c\u00f3mo derrumbar cualquier excusa para no actuar.<\/p>\n<p>&nbsp;<\/p>\n<h3>Socios del Pacto Mundial de las Naciones Unidas<\/h3>\n<p>Enerland Group, compa\u00f1\u00eda multinacional de energ\u00eda renovables, consolida su compromiso con el Pacto Mundial de las Naciones Unidas, la mayor iniciativa de sostenibilidad corporativa del mundo, esta vez como socios.\u00a0<a href=\"https:\/\/unglobalcompact.org\/what-is-gc\/participants\/149244\">Comprometidos desde sus inicios con los Diez Principios<\/a> universalmente aceptados en las \u00e1reas de derechos humanos, normas laborales, medioambiente y lucha contra la corrupci\u00f3n, se unen a las m\u00e1s de 21.000 entidades adheridas en m\u00e1s de 160 pa\u00edses a nivel global. En concreto, en Espa\u00f1a, se suma a las 2.100 empresas que conforman la Red Local m\u00e1s importante del mundo, tanto en n\u00famero de asociados, como en Informes de Progreso o memorias de sostenibilidad presentadas.<\/p>\n<p>\u201cDesde Enerland Group, nos sentimos firmemente <a href=\"https:\/\/www.enerlandgroup.com\/es\/sostenibilidad\/\">concienciados no s\u00f3lo con el medioambiente sino tambi\u00e9n con la sociedad<\/a>. Por ello, nuestra compa\u00f1\u00eda est\u00e1 plenamente comprometida para ser parte del cambio hacia un futuro basado en el uso de energ\u00edas renovables, econom\u00eda circular y respeto social. Consideramos que, formar parte del Pacto Mundial nos ayuda a impulsar nuestras acciones de responsabilidad corporativa\u201d afirman desde la direcci\u00f3n.<\/p>\n","protected":false},"excerpt":{"rendered":"<p>La semana pasada Enerland Group asisti\u00f3 a su primera Asamblea de Naciones Unidas en<\/p>\n","protected":false},"author":11,"featured_media":16711,"comment_status":"open","ping_status":"open","sticky":false,"template":"","format":"standard","meta":{"_et_pb_use_builder":"","_et_pb_old_content":"","_et_gb_content_width":"","footnotes":""},"categories":[23,161],"tags":[],"class_list":["post-16506","post","type-post","status-publish","format-standard","has-post-thumbnail","hentry","category-corporativo","category-noticias"],"yoast_head":"<!-- This site is optimized with the Yoast SEO plugin v27.4 - https:\/\/yoast.com\/product\/yoast-seo-wordpress\/ -->\n<title>Enerland Group asiste a la Primera Asamblea de Naciones Unidas - Enerland Energ\u00eda Renovable<\/title>\n<meta name=\"description\" content=\"La semana pasada Enerland Group asisti\u00f3 a su primera Asamblea de Naciones Unidas en Espa\u00f1a del Pacto Mundial que tuvo lugar en Madrid.\" \/>\n<meta name=\"robots\" content=\"index, follow, max-snippet:-1, max-image-preview:large, max-video-preview:-1\" \/>\n<link rel=\"canonical\" href=\"https:\/\/www.enerlandgroup.com\/es\/enerland-group-asiste-a-la-primera-asamblea-de-naciones-unidas\/\" \/>\n<meta property=\"og:locale\" content=\"es_ES\" \/>\n<meta property=\"og:type\" content=\"article\" \/>\n<meta property=\"og:title\" content=\"Enerland Group asiste a la Primera Asamblea de Naciones Unidas - Enerland Energ\u00eda Renovable\" \/>\n<meta property=\"og:description\" content=\"La semana pasada Enerland Group asisti\u00f3 a su primera Asamblea de Naciones Unidas en Espa\u00f1a del Pacto Mundial que tuvo lugar en Madrid.\" \/>\n<meta property=\"og:url\" content=\"https:\/\/www.enerlandgroup.com\/es\/enerland-group-asiste-a-la-primera-asamblea-de-naciones-unidas\/\" \/>\n<meta property=\"og:site_name\" content=\"Enerland Energ\u00eda Renovable\" \/>\n<meta property=\"article:published_time\" content=\"2023-06-21T07:50:30+00:00\" \/>\n<meta property=\"article:modified_time\" content=\"2023-10-19T07:31:00+00:00\" \/>\n<meta property=\"og:image\" content=\"https:\/\/www.enerlandgroup.com\/wp-content\/uploads\/2023\/06\/Asamblea-Pacto-Mundial.jpg\" \/>\n\t<meta property=\"og:image:width\" content=\"1870\" \/>\n\t<meta property=\"og:image:height\" content=\"700\" \/>\n\t<meta property=\"og:image:type\" content=\"image\/jpeg\" \/>\n<meta name=\"author\" content=\"Ana\" \/>\n<meta name=\"twitter:card\" content=\"summary_large_image\" \/>\n<script type=\"application\/ld+json\" class=\"yoast-schema-graph\">{\"@context\":\"https:\\\/\\\/schema.org\",\"@graph\":[{\"@type\":\"Article\",\"@id\":\"https:\\\/\\\/www.enerlandgroup.com\\\/es\\\/enerland-group-asiste-a-la-primera-asamblea-de-naciones-unidas\\\/#article\",\"isPartOf\":{\"@id\":\"https:\\\/\\\/www.enerlandgroup.com\\\/es\\\/enerland-group-asiste-a-la-primera-asamblea-de-naciones-unidas\\\/\"},\"author\":{\"name\":\"Ana\",\"@id\":\"https:\\\/\\\/www.enerlandgroup.com\\\/es\\\/#\\\/schema\\\/person\\\/ff4846e816b3f94eb665e1da0854e1b8\"},\"headline\":\"Enerland Group asiste a la Primera Asamblea de Naciones Unidas\",\"datePublished\":\"2023-06-21T07:50:30+00:00\",\"dateModified\":\"2023-10-19T07:31:00+00:00\",\"mainEntityOfPage\":{\"@id\":\"https:\\\/\\\/www.enerlandgroup.com\\\/es\\\/enerland-group-asiste-a-la-primera-asamblea-de-naciones-unidas\\\/\"},\"wordCount\":339,\"commentCount\":0,\"publisher\":{\"@id\":\"https:\\\/\\\/www.enerlandgroup.com\\\/es\\\/#organization\"},\"image\":{\"@id\":\"https:\\\/\\\/www.enerlandgroup.com\\\/es\\\/enerland-group-asiste-a-la-primera-asamblea-de-naciones-unidas\\\/#primaryimage\"},\"thumbnailUrl\":\"https:\\\/\\\/www.enerlandgroup.com\\\/wp-content\\\/uploads\\\/2023\\\/06\\\/Asamblea-Pacto-Mundial.jpg\",\"articleSection\":[\"Corporativo\",\"Noticias\"],\"inLanguage\":\"es\",\"potentialAction\":[{\"@type\":\"CommentAction\",\"name\":\"Comment\",\"target\":[\"https:\\\/\\\/www.enerlandgroup.com\\\/es\\\/enerland-group-asiste-a-la-primera-asamblea-de-naciones-unidas\\\/#respond\"]}]},{\"@type\":[\"WebPage\",\"ItemPage\"],\"@id\":\"https:\\\/\\\/www.enerlandgroup.com\\\/es\\\/enerland-group-asiste-a-la-primera-asamblea-de-naciones-unidas\\\/\",\"url\":\"https:\\\/\\\/www.enerlandgroup.com\\\/es\\\/enerland-group-asiste-a-la-primera-asamblea-de-naciones-unidas\\\/\",\"name\":\"Enerland Group asiste a la Primera Asamblea de Naciones Unidas - Enerland Energ\u00eda Renovable\",\"isPartOf\":{\"@id\":\"https:\\\/\\\/www.enerlandgroup.com\\\/es\\\/#website\"},\"primaryImageOfPage\":{\"@id\":\"https:\\\/\\\/www.enerlandgroup.com\\\/es\\\/enerland-group-asiste-a-la-primera-asamblea-de-naciones-unidas\\\/#primaryimage\"},\"image\":{\"@id\":\"https:\\\/\\\/www.enerlandgroup.com\\\/es\\\/enerland-group-asiste-a-la-primera-asamblea-de-naciones-unidas\\\/#primaryimage\"},\"thumbnailUrl\":\"https:\\\/\\\/www.enerlandgroup.com\\\/wp-content\\\/uploads\\\/2023\\\/06\\\/Asamblea-Pacto-Mundial.jpg\",\"datePublished\":\"2023-06-21T07:50:30+00:00\",\"dateModified\":\"2023-10-19T07:31:00+00:00\",\"description\":\"La semana pasada Enerland Group asisti\u00f3 a su primera Asamblea de Naciones Unidas en Espa\u00f1a del Pacto Mundial que tuvo lugar en Madrid.\",\"breadcrumb\":{\"@id\":\"https:\\\/\\\/www.enerlandgroup.com\\\/es\\\/enerland-group-asiste-a-la-primera-asamblea-de-naciones-unidas\\\/#breadcrumb\"},\"inLanguage\":\"es\",\"potentialAction\":[{\"@type\":\"ReadAction\",\"target\":[\"https:\\\/\\\/www.enerlandgroup.com\\\/es\\\/enerland-group-asiste-a-la-primera-asamblea-de-naciones-unidas\\\/\"]}]},{\"@type\":\"ImageObject\",\"inLanguage\":\"es\",\"@id\":\"https:\\\/\\\/www.enerlandgroup.com\\\/es\\\/enerland-group-asiste-a-la-primera-asamblea-de-naciones-unidas\\\/#primaryimage\",\"url\":\"https:\\\/\\\/www.enerlandgroup.com\\\/wp-content\\\/uploads\\\/2023\\\/06\\\/Asamblea-Pacto-Mundial.jpg\",\"contentUrl\":\"https:\\\/\\\/www.enerlandgroup.com\\\/wp-content\\\/uploads\\\/2023\\\/06\\\/Asamblea-Pacto-Mundial.jpg\",\"width\":1870,\"height\":700,\"caption\":\"Primera Asamblea de Naciones Unidas\"},{\"@type\":\"BreadcrumbList\",\"@id\":\"https:\\\/\\\/www.enerlandgroup.com\\\/es\\\/enerland-group-asiste-a-la-primera-asamblea-de-naciones-unidas\\\/#breadcrumb\",\"itemListElement\":[{\"@type\":\"ListItem\",\"position\":1,\"name\":\"Inicio\",\"item\":\"https:\\\/\\\/www.enerlandgroup.com\\\/es\\\/\"},{\"@type\":\"ListItem\",\"position\":2,\"name\":\"Enerland Group asiste a la Primera Asamblea de Naciones Unidas\"}]},{\"@type\":\"WebSite\",\"@id\":\"https:\\\/\\\/www.enerlandgroup.com\\\/es\\\/#website\",\"url\":\"https:\\\/\\\/www.enerlandgroup.com\\\/es\\\/\",\"name\":\"Enerland Energ\u00eda Renovable\",\"description\":\"\",\"publisher\":{\"@id\":\"https:\\\/\\\/www.enerlandgroup.com\\\/es\\\/#organization\"},\"potentialAction\":[{\"@type\":\"SearchAction\",\"target\":{\"@type\":\"EntryPoint\",\"urlTemplate\":\"https:\\\/\\\/www.enerlandgroup.com\\\/es\\\/?s={search_term_string}\"},\"query-input\":{\"@type\":\"PropertyValueSpecification\",\"valueRequired\":true,\"valueName\":\"search_term_string\"}}],\"inLanguage\":\"es\"},{\"@type\":\"Organization\",\"@id\":\"https:\\\/\\\/www.enerlandgroup.com\\\/es\\\/#organization\",\"name\":\"Enerland Group\",\"url\":\"https:\\\/\\\/www.enerlandgroup.com\\\/es\\\/\",\"logo\":{\"@type\":\"ImageObject\",\"inLanguage\":\"es\",\"@id\":\"https:\\\/\\\/www.enerlandgroup.com\\\/es\\\/#\\\/schema\\\/logo\\\/image\\\/\",\"url\":\"https:\\\/\\\/www.enerlandgroup.com\\\/wp-content\\\/uploads\\\/2021\\\/05\\\/Logo_Enerland.png\",\"contentUrl\":\"https:\\\/\\\/www.enerlandgroup.com\\\/wp-content\\\/uploads\\\/2021\\\/05\\\/Logo_Enerland.png\",\"width\":184,\"height\":43,\"caption\":\"Enerland Group\"},\"image\":{\"@id\":\"https:\\\/\\\/www.enerlandgroup.com\\\/es\\\/#\\\/schema\\\/logo\\\/image\\\/\"},\"sameAs\":[\"https:\\\/\\\/www.linkedin.com\\\/company\\\/enerland-group\\\/\",\"https:\\\/\\\/www.youtube.com\\\/channel\\\/UCjdInbThgaPa2_D34vRChmA\"]},{\"@type\":\"Person\",\"@id\":\"https:\\\/\\\/www.enerlandgroup.com\\\/es\\\/#\\\/schema\\\/person\\\/ff4846e816b3f94eb665e1da0854e1b8\",\"name\":\"Ana\",\"image\":{\"@type\":\"ImageObject\",\"inLanguage\":\"es\",\"@id\":\"https:\\\/\\\/secure.gravatar.com\\\/avatar\\\/495e8a53709541de9036eb34e07c65eacd114aba52461487df6099dee02e64f1?s=96&d=mm&r=g\",\"url\":\"https:\\\/\\\/secure.gravatar.com\\\/avatar\\\/495e8a53709541de9036eb34e07c65eacd114aba52461487df6099dee02e64f1?s=96&d=mm&r=g\",\"contentUrl\":\"https:\\\/\\\/secure.gravatar.com\\\/avatar\\\/495e8a53709541de9036eb34e07c65eacd114aba52461487df6099dee02e64f1?s=96&d=mm&r=g\",\"caption\":\"Ana\"},\"url\":\"https:\\\/\\\/www.enerlandgroup.com\\\/es\\\/author\\\/ana-valdizanenerlandgroup-com\\\/\"}]}<\/script>\n<!-- \/ Yoast SEO plugin. -->","yoast_head_json":{"title":"Enerland Group asiste a la Primera Asamblea de Naciones Unidas - Enerland Energ\u00eda Renovable","description":"La semana pasada Enerland Group asisti\u00f3 a su primera Asamblea de Naciones Unidas en Espa\u00f1a del Pacto Mundial que tuvo lugar en Madrid.","robots":{"index":"index","follow":"follow","max-snippet":"max-snippet:-1","max-image-preview":"max-image-preview:large","max-video-preview":"max-video-preview:-1"},"canonical":"https:\/\/www.enerlandgroup.com\/es\/enerland-group-asiste-a-la-primera-asamblea-de-naciones-unidas\/","og_locale":"es_ES","og_type":"article","og_title":"Enerland Group asiste a la Primera Asamblea de Naciones Unidas - Enerland Energ\u00eda Renovable","og_description":"La semana pasada Enerland Group asisti\u00f3 a su primera Asamblea de Naciones Unidas en Espa\u00f1a del Pacto Mundial que tuvo lugar en Madrid.","og_url":"https:\/\/www.enerlandgroup.com\/es\/enerland-group-asiste-a-la-primera-asamblea-de-naciones-unidas\/","og_site_name":"Enerland Energ\u00eda Renovable","article_published_time":"2023-06-21T07:50:30+00:00","article_modified_time":"2023-10-19T07:31:00+00:00","og_image":[{"width":1870,"height":700,"url":"https:\/\/www.enerlandgroup.com\/wp-content\/uploads\/2023\/06\/Asamblea-Pacto-Mundial.jpg","type":"image\/jpeg"}],"author":"Ana","twitter_card":"summary_large_image","schema":{"@context":"https:\/\/schema.org","@graph":[{"@type":"Article","@id":"https:\/\/www.enerlandgroup.com\/es\/enerland-group-asiste-a-la-primera-asamblea-de-naciones-unidas\/#article","isPartOf":{"@id":"https:\/\/www.enerlandgroup.com\/es\/enerland-group-asiste-a-la-primera-asamblea-de-naciones-unidas\/"},"author":{"name":"Ana","@id":"https:\/\/www.enerlandgroup.com\/es\/#\/schema\/person\/ff4846e816b3f94eb665e1da0854e1b8"},"headline":"Enerland Group asiste a la Primera Asamblea de Naciones Unidas","datePublished":"2023-06-21T07:50:30+00:00","dateModified":"2023-10-19T07:31:00+00:00","mainEntityOfPage":{"@id":"https:\/\/www.enerlandgroup.com\/es\/enerland-group-asiste-a-la-primera-asamblea-de-naciones-unidas\/"},"wordCount":339,"commentCount":0,"publisher":{"@id":"https:\/\/www.enerlandgroup.com\/es\/#organization"},"image":{"@id":"https:\/\/www.enerlandgroup.com\/es\/enerland-group-asiste-a-la-primera-asamblea-de-naciones-unidas\/#primaryimage"},"thumbnailUrl":"https:\/\/www.enerlandgroup.com\/wp-content\/uploads\/2023\/06\/Asamblea-Pacto-Mundial.jpg","articleSection":["Corporativo","Noticias"],"inLanguage":"es","potentialAction":[{"@type":"CommentAction","name":"Comment","target":["https:\/\/www.enerlandgroup.com\/es\/enerland-group-asiste-a-la-primera-asamblea-de-naciones-unidas\/#respond"]}]},{"@type":["WebPage","ItemPage"],"@id":"https:\/\/www.enerlandgroup.com\/es\/enerland-group-asiste-a-la-primera-asamblea-de-naciones-unidas\/","url":"https:\/\/www.enerlandgroup.com\/es\/enerland-group-asiste-a-la-primera-asamblea-de-naciones-unidas\/","name":"Enerland Group asiste a la Primera Asamblea de Naciones Unidas - Enerland Energ\u00eda Renovable","isPartOf":{"@id":"https:\/\/www.enerlandgroup.com\/es\/#website"},"primaryImageOfPage":{"@id":"https:\/\/www.enerlandgroup.com\/es\/enerland-group-asiste-a-la-primera-asamblea-de-naciones-unidas\/#primaryimage"},"image":{"@id":"https:\/\/www.enerlandgroup.com\/es\/enerland-group-asiste-a-la-primera-asamblea-de-naciones-unidas\/#primaryimage"},"thumbnailUrl":"https:\/\/www.enerlandgroup.com\/wp-content\/uploads\/2023\/06\/Asamblea-Pacto-Mundial.jpg","datePublished":"2023-06-21T07:50:30+00:00","dateModified":"2023-10-19T07:31:00+00:00","description":"La semana pasada Enerland Group asisti\u00f3 a su primera Asamblea de Naciones Unidas en Espa\u00f1a del Pacto Mundial que tuvo lugar en Madrid.","breadcrumb":{"@id":"https:\/\/www.enerlandgroup.com\/es\/enerland-group-asiste-a-la-primera-asamblea-de-naciones-unidas\/#breadcrumb"},"inLanguage":"es","potentialAction":[{"@type":"ReadAction","target":["https:\/\/www.enerlandgroup.com\/es\/enerland-group-asiste-a-la-primera-asamblea-de-naciones-unidas\/"]}]},{"@type":"ImageObject","inLanguage":"es","@id":"https:\/\/www.enerlandgroup.com\/es\/enerland-group-asiste-a-la-primera-asamblea-de-naciones-unidas\/#primaryimage","url":"https:\/\/www.enerlandgroup.com\/wp-content\/uploads\/2023\/06\/Asamblea-Pacto-Mundial.jpg","contentUrl":"https:\/\/www.enerlandgroup.com\/wp-content\/uploads\/2023\/06\/Asamblea-Pacto-Mundial.jpg","width":1870,"height":700,"caption":"Primera Asamblea de Naciones Unidas"},{"@type":"BreadcrumbList","@id":"https:\/\/www.enerlandgroup.com\/es\/enerland-group-asiste-a-la-primera-asamblea-de-naciones-unidas\/#breadcrumb","itemListElement":[{"@type":"ListItem","position":1,"name":"Inicio","item":"https:\/\/www.enerlandgroup.com\/es\/"},{"@type":"ListItem","position":2,"name":"Enerland Group asiste a la Primera Asamblea de Naciones Unidas"}]},{"@type":"WebSite","@id":"https:\/\/www.enerlandgroup.com\/es\/#website","url":"https:\/\/www.enerlandgroup.com\/es\/","name":"Enerland Energ\u00eda Renovable","description":"","publisher":{"@id":"https:\/\/www.enerlandgroup.com\/es\/#organization"},"potentialAction":[{"@type":"SearchAction","target":{"@type":"EntryPoint","urlTemplate":"https:\/\/www.enerlandgroup.com\/es\/?s={search_term_string}"},"query-input":{"@type":"PropertyValueSpecification","valueRequired":true,"valueName":"search_term_string"}}],"inLanguage":"es"},{"@type":"Organization","@id":"https:\/\/www.enerlandgroup.com\/es\/#organization","name":"Enerland Group","url":"https:\/\/www.enerlandgroup.com\/es\/","logo":{"@type":"ImageObject","inLanguage":"es","@id":"https:\/\/www.enerlandgroup.com\/es\/#\/schema\/logo\/image\/","url":"https:\/\/www.enerlandgroup.com\/wp-content\/uploads\/2021\/05\/Logo_Enerland.png","contentUrl":"https:\/\/www.enerlandgroup.com\/wp-content\/uploads\/2021\/05\/Logo_Enerland.png","width":184,"height":43,"caption":"Enerland Group"},"image":{"@id":"https:\/\/www.enerlandgroup.com\/es\/#\/schema\/logo\/image\/"},"sameAs":["https:\/\/www.linkedin.com\/company\/enerland-group\/","https:\/\/www.youtube.com\/channel\/UCjdInbThgaPa2_D34vRChmA"]},{"@type":"Person","@id":"https:\/\/www.enerlandgroup.com\/es\/#\/schema\/person\/ff4846e816b3f94eb665e1da0854e1b8","name":"Ana","image":{"@type":"ImageObject","inLanguage":"es","@id":"https:\/\/secure.gravatar.com\/avatar\/495e8a53709541de9036eb34e07c65eacd114aba52461487df6099dee02e64f1?s=96&d=mm&r=g","url":"https:\/\/secure.gravatar.com\/avatar\/495e8a53709541de9036eb34e07c65eacd114aba52461487df6099dee02e64f1?s=96&d=mm&r=g","contentUrl":"https:\/\/secure.gravatar.com\/avatar\/495e8a53709541de9036eb34e07c65eacd114aba52461487df6099dee02e64f1?s=96&d=mm&r=g","caption":"Ana"},"url":"https:\/\/www.enerlandgroup.com\/es\/author\/ana-valdizanenerlandgroup-com\/"}]}},"jetpack_featured_media_url":"https:\/\/www.enerlandgroup.com\/wp-content\/uploads\/2023\/06\/Asamblea-Pacto-Mundial.jpg","_links":{"self":[{"href":"https:\/\/www.enerlandgroup.com\/es\/wp-json\/wp\/v2\/posts\/16506","targetHints":{"allow":["GET"]}}],"collection":[{"href":"https:\/\/www.enerlandgroup.com\/es\/wp-json\/wp\/v2\/posts"}],"about":[{"href":"https:\/\/www.enerlandgroup.com\/es\/wp-json\/wp\/v2\/types\/post"}],"author":[{"embeddable":true,"href":"https:\/\/www.enerlandgroup.com\/es\/wp-json\/wp\/v2\/users\/11"}],"replies":[{"embeddable":true,"href":"https:\/\/www.enerlandgroup.com\/es\/wp-json\/wp\/v2\/comments?post=16506"}],"version-history":[{"count":2,"href":"https:\/\/www.enerlandgroup.com\/es\/wp-json\/wp\/v2\/posts\/16506\/revisions"}],"predecessor-version":[{"id":17529,"href":"https:\/\/www.enerlandgroup.com\/es\/wp-json\/wp\/v2\/posts\/16506\/revisions\/17529"}],"wp:featuredmedia":[{"embeddable":true,"href":"https:\/\/www.enerlandgroup.com\/es\/wp-json\/wp\/v2\/media\/16711"}],"wp:attachment":[{"href":"https:\/\/www.enerlandgroup.com\/es\/wp-json\/wp\/v2\/media?parent=16506"}],"wp:term":[{"taxonomy":"category","embeddable":true,"href":"https:\/\/www.enerlandgroup.com\/es\/wp-json\/wp\/v2\/categories?post=16506"},{"taxonomy":"post_tag","embeddable":true,"href":"https:\/\/www.enerlandgroup.com\/es\/wp-json\/wp\/v2\/tags?post=16506"}],"curies":[{"name":"wp","href":"https:\/\/api.w.org\/{rel}","templated":true}]}}