{"id":16258,"date":"2023-05-24T09:00:28","date_gmt":"2023-05-24T07:00:28","guid":{"rendered":"https:\/\/www.enerlandgroup.com\/?p=16258"},"modified":"2023-10-19T09:30:03","modified_gmt":"2023-10-19T07:30:03","slug":"ii-torneo-de-padel-enerland","status":"publish","type":"post","link":"https:\/\/www.enerlandgroup.com\/es\/ii-torneo-de-padel-enerland\/","title":{"rendered":"II Torneo de P\u00e1del Enerland"},"content":{"rendered":"<h2>Celebramos el II Torneo de P\u00e1del Enerland. El evento reuni\u00f3 a empleados de diferentes departamentos, quienes demostraron su destreza en la pista y un gran sentimiento de trabajo en equipo.<\/h2>\n<p>&nbsp;<\/p>\n<p>En un ambiente lleno de energ\u00eda, competencia y compa\u00f1erismo, se llev\u00f3 a cabo el esperado II Torneo de P\u00e1del Enerland. Desde la empresa, siempre animamos a nuestros trabajadores a participar en este tipo de eventos, donde la diversi\u00f3n y la competitividad ayudan a formar grandes lazos interdepartamentales.<\/p>\n<p><a href=\"https:\/\/www.enerlandgroup.com\/es\/torneo-de-padel-enerland\/\">Este evento, al igual que el a\u00f1o pasado<\/a>, consiste en reunir a las diferentes personas que forman parte de nuestras oficinas centrales de Enerland en Espa\u00f1a, y en esta edici\u00f3n, tambi\u00e9n tuvimos la participaci\u00f3n de algunos compa\u00f1eros de Italia. A trav\u00e9s de la formaci\u00f3n de parejas por nivel en este deporte, se organiza una liguilla donde todos se enfrentan contra todos.<\/p>\n<p>&nbsp;<\/p>\n<h3>El torneo<\/h3>\n<p>Nuestros trabajadores de la sede central ubicada en Zaragoza y Madrid, as\u00ed como algunos compa\u00f1eros de Italia, se reunieron el s\u00e1bado 20 de mayo en las <a href=\"https:\/\/padelzaragoza.es\/\">instalaciones de Club de P\u00e1del Zaragoza<\/a>. Ah\u00ed, las diferentes parejas que participaron en el mismo, jugaron durante m\u00e1s de 2 horas diferentes partidos.<\/p>\n<p>Con 30 participantes, el nivel de competencia fue excepcional, con partidas re\u00f1idas y jugadas espectaculares. La pasi\u00f3n y el esp\u00edritu deportivo estuvieron presentes en cada encuentro, creando un ambiente de respeto y amistad entre todos los compa\u00f1eros. Tras finalizar las dos fases del torneo, fueron las parejas formadas por V\u00edctor Ru\u00edz y Samuel Rodrigo, del departamento de e\u00f3lica y medioambiente los ganadores de la categor\u00eda Oro. Mientras tanto, Juan L\u00e1zaro, de desarrollos, junto con \u00c1ngel Guerrero, de EPC, fueron los ganadores de la categor\u00eda Plata.<\/p>\n<p>Compa\u00f1erismo, esfuerzo y competitividad fueron los valores que se trabajaron durante esta jornada deportiva que concluy\u00f3 con una barbacoa de celebraci\u00f3n. Una vez m\u00e1s, el equipo Enerland&amp;Monticell demostr\u00f3 que, mediante el trabajo en equipo y la colaboraci\u00f3n, podemos alcanzar cualquier objetivo que nos propongamos.<\/p>\n<p>\u00a1Enhorabuena a todos los participantes por hacer de esta jornada todo un \u00e9xito! Y por supuesto, a los ganadores.<\/p>\n","protected":false},"excerpt":{"rendered":"<p>Celebramos el II Torneo de P\u00e1del Enerland. El evento reuni\u00f3 a empleados de diferentes<\/p>\n","protected":false},"author":11,"featured_media":16289,"comment_status":"open","ping_status":"open","sticky":false,"template":"","format":"standard","meta":{"_et_pb_use_builder":"","_et_pb_old_content":"","_et_gb_content_width":"","footnotes":""},"categories":[23,161],"tags":[],"class_list":["post-16258","post","type-post","status-publish","format-standard","has-post-thumbnail","hentry","category-corporativo","category-noticias"],"yoast_head":"<!-- This site is optimized with the Yoast SEO plugin v27.4 - https:\/\/yoast.com\/product\/yoast-seo-wordpress\/ -->\n<title>II Torneo de P\u00e1del Enerland - Enerland Energ\u00eda Renovable<\/title>\n<meta name=\"description\" content=\"En un ambiente lleno de energ\u00eda, competencia y compa\u00f1erismo, se llev\u00f3 a cabo el esperado II Torneo de P\u00e1del Enerland.\" \/>\n<meta name=\"robots\" content=\"index, follow, max-snippet:-1, max-image-preview:large, max-video-preview:-1\" \/>\n<link rel=\"canonical\" href=\"https:\/\/www.enerlandgroup.com\/es\/ii-torneo-de-padel-enerland\/\" \/>\n<meta property=\"og:locale\" content=\"es_ES\" \/>\n<meta property=\"og:type\" content=\"article\" \/>\n<meta property=\"og:title\" content=\"II Torneo de P\u00e1del Enerland - Enerland Energ\u00eda Renovable\" \/>\n<meta property=\"og:description\" content=\"En un ambiente lleno de energ\u00eda, competencia y compa\u00f1erismo, se llev\u00f3 a cabo el esperado II Torneo de P\u00e1del Enerland.\" \/>\n<meta property=\"og:url\" content=\"https:\/\/www.enerlandgroup.com\/es\/ii-torneo-de-padel-enerland\/\" \/>\n<meta property=\"og:site_name\" content=\"Enerland Energ\u00eda Renovable\" \/>\n<meta property=\"article:published_time\" content=\"2023-05-24T07:00:28+00:00\" \/>\n<meta property=\"article:modified_time\" content=\"2023-10-19T07:30:03+00:00\" \/>\n<meta property=\"og:image\" content=\"https:\/\/www.enerlandgroup.com\/wp-content\/uploads\/2023\/05\/Noticia-II-Torneo-Padel-1.jpg\" \/>\n\t<meta property=\"og:image:width\" content=\"1870\" \/>\n\t<meta property=\"og:image:height\" content=\"700\" \/>\n\t<meta property=\"og:image:type\" content=\"image\/jpeg\" \/>\n<meta name=\"author\" content=\"Ana\" \/>\n<meta name=\"twitter:card\" content=\"summary_large_image\" \/>\n<script type=\"application\/ld+json\" class=\"yoast-schema-graph\">{\"@context\":\"https:\\\/\\\/schema.org\",\"@graph\":[{\"@type\":\"Article\",\"@id\":\"https:\\\/\\\/www.enerlandgroup.com\\\/es\\\/ii-torneo-de-padel-enerland\\\/#article\",\"isPartOf\":{\"@id\":\"https:\\\/\\\/www.enerlandgroup.com\\\/es\\\/ii-torneo-de-padel-enerland\\\/\"},\"author\":{\"name\":\"Ana\",\"@id\":\"https:\\\/\\\/www.enerlandgroup.com\\\/es\\\/#\\\/schema\\\/person\\\/ff4846e816b3f94eb665e1da0854e1b8\"},\"headline\":\"II Torneo de P\u00e1del Enerland\",\"datePublished\":\"2023-05-24T07:00:28+00:00\",\"dateModified\":\"2023-10-19T07:30:03+00:00\",\"mainEntityOfPage\":{\"@id\":\"https:\\\/\\\/www.enerlandgroup.com\\\/es\\\/ii-torneo-de-padel-enerland\\\/\"},\"wordCount\":375,\"commentCount\":0,\"publisher\":{\"@id\":\"https:\\\/\\\/www.enerlandgroup.com\\\/es\\\/#organization\"},\"image\":{\"@id\":\"https:\\\/\\\/www.enerlandgroup.com\\\/es\\\/ii-torneo-de-padel-enerland\\\/#primaryimage\"},\"thumbnailUrl\":\"https:\\\/\\\/www.enerlandgroup.com\\\/wp-content\\\/uploads\\\/2023\\\/05\\\/Noticia-II-Torneo-Padel-1.jpg\",\"articleSection\":[\"Corporativo\",\"Noticias\"],\"inLanguage\":\"es\",\"potentialAction\":[{\"@type\":\"CommentAction\",\"name\":\"Comment\",\"target\":[\"https:\\\/\\\/www.enerlandgroup.com\\\/es\\\/ii-torneo-de-padel-enerland\\\/#respond\"]}]},{\"@type\":[\"WebPage\",\"ItemPage\"],\"@id\":\"https:\\\/\\\/www.enerlandgroup.com\\\/es\\\/ii-torneo-de-padel-enerland\\\/\",\"url\":\"https:\\\/\\\/www.enerlandgroup.com\\\/es\\\/ii-torneo-de-padel-enerland\\\/\",\"name\":\"II Torneo de P\u00e1del Enerland - Enerland Energ\u00eda Renovable\",\"isPartOf\":{\"@id\":\"https:\\\/\\\/www.enerlandgroup.com\\\/es\\\/#website\"},\"primaryImageOfPage\":{\"@id\":\"https:\\\/\\\/www.enerlandgroup.com\\\/es\\\/ii-torneo-de-padel-enerland\\\/#primaryimage\"},\"image\":{\"@id\":\"https:\\\/\\\/www.enerlandgroup.com\\\/es\\\/ii-torneo-de-padel-enerland\\\/#primaryimage\"},\"thumbnailUrl\":\"https:\\\/\\\/www.enerlandgroup.com\\\/wp-content\\\/uploads\\\/2023\\\/05\\\/Noticia-II-Torneo-Padel-1.jpg\",\"datePublished\":\"2023-05-24T07:00:28+00:00\",\"dateModified\":\"2023-10-19T07:30:03+00:00\",\"description\":\"En un ambiente lleno de energ\u00eda, competencia y compa\u00f1erismo, se llev\u00f3 a cabo el esperado II Torneo de P\u00e1del Enerland.\",\"breadcrumb\":{\"@id\":\"https:\\\/\\\/www.enerlandgroup.com\\\/es\\\/ii-torneo-de-padel-enerland\\\/#breadcrumb\"},\"inLanguage\":\"es\",\"potentialAction\":[{\"@type\":\"ReadAction\",\"target\":[\"https:\\\/\\\/www.enerlandgroup.com\\\/es\\\/ii-torneo-de-padel-enerland\\\/\"]}]},{\"@type\":\"ImageObject\",\"inLanguage\":\"es\",\"@id\":\"https:\\\/\\\/www.enerlandgroup.com\\\/es\\\/ii-torneo-de-padel-enerland\\\/#primaryimage\",\"url\":\"https:\\\/\\\/www.enerlandgroup.com\\\/wp-content\\\/uploads\\\/2023\\\/05\\\/Noticia-II-Torneo-Padel-1.jpg\",\"contentUrl\":\"https:\\\/\\\/www.enerlandgroup.com\\\/wp-content\\\/uploads\\\/2023\\\/05\\\/Noticia-II-Torneo-Padel-1.jpg\",\"width\":1870,\"height\":700,\"caption\":\"II Torneo P\u00e1del Enerland\"},{\"@type\":\"BreadcrumbList\",\"@id\":\"https:\\\/\\\/www.enerlandgroup.com\\\/es\\\/ii-torneo-de-padel-enerland\\\/#breadcrumb\",\"itemListElement\":[{\"@type\":\"ListItem\",\"position\":1,\"name\":\"Inicio\",\"item\":\"https:\\\/\\\/www.enerlandgroup.com\\\/es\\\/\"},{\"@type\":\"ListItem\",\"position\":2,\"name\":\"II Torneo de P\u00e1del Enerland\"}]},{\"@type\":\"WebSite\",\"@id\":\"https:\\\/\\\/www.enerlandgroup.com\\\/es\\\/#website\",\"url\":\"https:\\\/\\\/www.enerlandgroup.com\\\/es\\\/\",\"name\":\"Enerland Energ\u00eda Renovable\",\"description\":\"\",\"publisher\":{\"@id\":\"https:\\\/\\\/www.enerlandgroup.com\\\/es\\\/#organization\"},\"potentialAction\":[{\"@type\":\"SearchAction\",\"target\":{\"@type\":\"EntryPoint\",\"urlTemplate\":\"https:\\\/\\\/www.enerlandgroup.com\\\/es\\\/?s={search_term_string}\"},\"query-input\":{\"@type\":\"PropertyValueSpecification\",\"valueRequired\":true,\"valueName\":\"search_term_string\"}}],\"inLanguage\":\"es\"},{\"@type\":\"Organization\",\"@id\":\"https:\\\/\\\/www.enerlandgroup.com\\\/es\\\/#organization\",\"name\":\"Enerland Group\",\"url\":\"https:\\\/\\\/www.enerlandgroup.com\\\/es\\\/\",\"logo\":{\"@type\":\"ImageObject\",\"inLanguage\":\"es\",\"@id\":\"https:\\\/\\\/www.enerlandgroup.com\\\/es\\\/#\\\/schema\\\/logo\\\/image\\\/\",\"url\":\"https:\\\/\\\/www.enerlandgroup.com\\\/wp-content\\\/uploads\\\/2021\\\/05\\\/Logo_Enerland.png\",\"contentUrl\":\"https:\\\/\\\/www.enerlandgroup.com\\\/wp-content\\\/uploads\\\/2021\\\/05\\\/Logo_Enerland.png\",\"width\":184,\"height\":43,\"caption\":\"Enerland Group\"},\"image\":{\"@id\":\"https:\\\/\\\/www.enerlandgroup.com\\\/es\\\/#\\\/schema\\\/logo\\\/image\\\/\"},\"sameAs\":[\"https:\\\/\\\/www.linkedin.com\\\/company\\\/enerland-group\\\/\",\"https:\\\/\\\/www.youtube.com\\\/channel\\\/UCjdInbThgaPa2_D34vRChmA\"]},{\"@type\":\"Person\",\"@id\":\"https:\\\/\\\/www.enerlandgroup.com\\\/es\\\/#\\\/schema\\\/person\\\/ff4846e816b3f94eb665e1da0854e1b8\",\"name\":\"Ana\",\"image\":{\"@type\":\"ImageObject\",\"inLanguage\":\"es\",\"@id\":\"https:\\\/\\\/secure.gravatar.com\\\/avatar\\\/495e8a53709541de9036eb34e07c65eacd114aba52461487df6099dee02e64f1?s=96&d=mm&r=g\",\"url\":\"https:\\\/\\\/secure.gravatar.com\\\/avatar\\\/495e8a53709541de9036eb34e07c65eacd114aba52461487df6099dee02e64f1?s=96&d=mm&r=g\",\"contentUrl\":\"https:\\\/\\\/secure.gravatar.com\\\/avatar\\\/495e8a53709541de9036eb34e07c65eacd114aba52461487df6099dee02e64f1?s=96&d=mm&r=g\",\"caption\":\"Ana\"},\"url\":\"https:\\\/\\\/www.enerlandgroup.com\\\/es\\\/author\\\/ana-valdizanenerlandgroup-com\\\/\"}]}<\/script>\n<!-- \/ Yoast SEO plugin. -->","yoast_head_json":{"title":"II Torneo de P\u00e1del Enerland - Enerland Energ\u00eda Renovable","description":"En un ambiente lleno de energ\u00eda, competencia y compa\u00f1erismo, se llev\u00f3 a cabo el esperado II Torneo de P\u00e1del Enerland.","robots":{"index":"index","follow":"follow","max-snippet":"max-snippet:-1","max-image-preview":"max-image-preview:large","max-video-preview":"max-video-preview:-1"},"canonical":"https:\/\/www.enerlandgroup.com\/es\/ii-torneo-de-padel-enerland\/","og_locale":"es_ES","og_type":"article","og_title":"II Torneo de P\u00e1del Enerland - Enerland Energ\u00eda Renovable","og_description":"En un ambiente lleno de energ\u00eda, competencia y compa\u00f1erismo, se llev\u00f3 a cabo el esperado II Torneo de P\u00e1del Enerland.","og_url":"https:\/\/www.enerlandgroup.com\/es\/ii-torneo-de-padel-enerland\/","og_site_name":"Enerland Energ\u00eda Renovable","article_published_time":"2023-05-24T07:00:28+00:00","article_modified_time":"2023-10-19T07:30:03+00:00","og_image":[{"width":1870,"height":700,"url":"https:\/\/www.enerlandgroup.com\/wp-content\/uploads\/2023\/05\/Noticia-II-Torneo-Padel-1.jpg","type":"image\/jpeg"}],"author":"Ana","twitter_card":"summary_large_image","schema":{"@context":"https:\/\/schema.org","@graph":[{"@type":"Article","@id":"https:\/\/www.enerlandgroup.com\/es\/ii-torneo-de-padel-enerland\/#article","isPartOf":{"@id":"https:\/\/www.enerlandgroup.com\/es\/ii-torneo-de-padel-enerland\/"},"author":{"name":"Ana","@id":"https:\/\/www.enerlandgroup.com\/es\/#\/schema\/person\/ff4846e816b3f94eb665e1da0854e1b8"},"headline":"II Torneo de P\u00e1del Enerland","datePublished":"2023-05-24T07:00:28+00:00","dateModified":"2023-10-19T07:30:03+00:00","mainEntityOfPage":{"@id":"https:\/\/www.enerlandgroup.com\/es\/ii-torneo-de-padel-enerland\/"},"wordCount":375,"commentCount":0,"publisher":{"@id":"https:\/\/www.enerlandgroup.com\/es\/#organization"},"image":{"@id":"https:\/\/www.enerlandgroup.com\/es\/ii-torneo-de-padel-enerland\/#primaryimage"},"thumbnailUrl":"https:\/\/www.enerlandgroup.com\/wp-content\/uploads\/2023\/05\/Noticia-II-Torneo-Padel-1.jpg","articleSection":["Corporativo","Noticias"],"inLanguage":"es","potentialAction":[{"@type":"CommentAction","name":"Comment","target":["https:\/\/www.enerlandgroup.com\/es\/ii-torneo-de-padel-enerland\/#respond"]}]},{"@type":["WebPage","ItemPage"],"@id":"https:\/\/www.enerlandgroup.com\/es\/ii-torneo-de-padel-enerland\/","url":"https:\/\/www.enerlandgroup.com\/es\/ii-torneo-de-padel-enerland\/","name":"II Torneo de P\u00e1del Enerland - Enerland Energ\u00eda Renovable","isPartOf":{"@id":"https:\/\/www.enerlandgroup.com\/es\/#website"},"primaryImageOfPage":{"@id":"https:\/\/www.enerlandgroup.com\/es\/ii-torneo-de-padel-enerland\/#primaryimage"},"image":{"@id":"https:\/\/www.enerlandgroup.com\/es\/ii-torneo-de-padel-enerland\/#primaryimage"},"thumbnailUrl":"https:\/\/www.enerlandgroup.com\/wp-content\/uploads\/2023\/05\/Noticia-II-Torneo-Padel-1.jpg","datePublished":"2023-05-24T07:00:28+00:00","dateModified":"2023-10-19T07:30:03+00:00","description":"En un ambiente lleno de energ\u00eda, competencia y compa\u00f1erismo, se llev\u00f3 a cabo el esperado II Torneo de P\u00e1del Enerland.","breadcrumb":{"@id":"https:\/\/www.enerlandgroup.com\/es\/ii-torneo-de-padel-enerland\/#breadcrumb"},"inLanguage":"es","potentialAction":[{"@type":"ReadAction","target":["https:\/\/www.enerlandgroup.com\/es\/ii-torneo-de-padel-enerland\/"]}]},{"@type":"ImageObject","inLanguage":"es","@id":"https:\/\/www.enerlandgroup.com\/es\/ii-torneo-de-padel-enerland\/#primaryimage","url":"https:\/\/www.enerlandgroup.com\/wp-content\/uploads\/2023\/05\/Noticia-II-Torneo-Padel-1.jpg","contentUrl":"https:\/\/www.enerlandgroup.com\/wp-content\/uploads\/2023\/05\/Noticia-II-Torneo-Padel-1.jpg","width":1870,"height":700,"caption":"II Torneo P\u00e1del Enerland"},{"@type":"BreadcrumbList","@id":"https:\/\/www.enerlandgroup.com\/es\/ii-torneo-de-padel-enerland\/#breadcrumb","itemListElement":[{"@type":"ListItem","position":1,"name":"Inicio","item":"https:\/\/www.enerlandgroup.com\/es\/"},{"@type":"ListItem","position":2,"name":"II Torneo de P\u00e1del Enerland"}]},{"@type":"WebSite","@id":"https:\/\/www.enerlandgroup.com\/es\/#website","url":"https:\/\/www.enerlandgroup.com\/es\/","name":"Enerland Energ\u00eda Renovable","description":"","publisher":{"@id":"https:\/\/www.enerlandgroup.com\/es\/#organization"},"potentialAction":[{"@type":"SearchAction","target":{"@type":"EntryPoint","urlTemplate":"https:\/\/www.enerlandgroup.com\/es\/?s={search_term_string}"},"query-input":{"@type":"PropertyValueSpecification","valueRequired":true,"valueName":"search_term_string"}}],"inLanguage":"es"},{"@type":"Organization","@id":"https:\/\/www.enerlandgroup.com\/es\/#organization","name":"Enerland Group","url":"https:\/\/www.enerlandgroup.com\/es\/","logo":{"@type":"ImageObject","inLanguage":"es","@id":"https:\/\/www.enerlandgroup.com\/es\/#\/schema\/logo\/image\/","url":"https:\/\/www.enerlandgroup.com\/wp-content\/uploads\/2021\/05\/Logo_Enerland.png","contentUrl":"https:\/\/www.enerlandgroup.com\/wp-content\/uploads\/2021\/05\/Logo_Enerland.png","width":184,"height":43,"caption":"Enerland Group"},"image":{"@id":"https:\/\/www.enerlandgroup.com\/es\/#\/schema\/logo\/image\/"},"sameAs":["https:\/\/www.linkedin.com\/company\/enerland-group\/","https:\/\/www.youtube.com\/channel\/UCjdInbThgaPa2_D34vRChmA"]},{"@type":"Person","@id":"https:\/\/www.enerlandgroup.com\/es\/#\/schema\/person\/ff4846e816b3f94eb665e1da0854e1b8","name":"Ana","image":{"@type":"ImageObject","inLanguage":"es","@id":"https:\/\/secure.gravatar.com\/avatar\/495e8a53709541de9036eb34e07c65eacd114aba52461487df6099dee02e64f1?s=96&d=mm&r=g","url":"https:\/\/secure.gravatar.com\/avatar\/495e8a53709541de9036eb34e07c65eacd114aba52461487df6099dee02e64f1?s=96&d=mm&r=g","contentUrl":"https:\/\/secure.gravatar.com\/avatar\/495e8a53709541de9036eb34e07c65eacd114aba52461487df6099dee02e64f1?s=96&d=mm&r=g","caption":"Ana"},"url":"https:\/\/www.enerlandgroup.com\/es\/author\/ana-valdizanenerlandgroup-com\/"}]}},"jetpack_featured_media_url":"https:\/\/www.enerlandgroup.com\/wp-content\/uploads\/2023\/05\/Noticia-II-Torneo-Padel-1.jpg","_links":{"self":[{"href":"https:\/\/www.enerlandgroup.com\/es\/wp-json\/wp\/v2\/posts\/16258","targetHints":{"allow":["GET"]}}],"collection":[{"href":"https:\/\/www.enerlandgroup.com\/es\/wp-json\/wp\/v2\/posts"}],"about":[{"href":"https:\/\/www.enerlandgroup.com\/es\/wp-json\/wp\/v2\/types\/post"}],"author":[{"embeddable":true,"href":"https:\/\/www.enerlandgroup.com\/es\/wp-json\/wp\/v2\/users\/11"}],"replies":[{"embeddable":true,"href":"https:\/\/www.enerlandgroup.com\/es\/wp-json\/wp\/v2\/comments?post=16258"}],"version-history":[{"count":4,"href":"https:\/\/www.enerlandgroup.com\/es\/wp-json\/wp\/v2\/posts\/16258\/revisions"}],"predecessor-version":[{"id":17527,"href":"https:\/\/www.enerlandgroup.com\/es\/wp-json\/wp\/v2\/posts\/16258\/revisions\/17527"}],"wp:featuredmedia":[{"embeddable":true,"href":"https:\/\/www.enerlandgroup.com\/es\/wp-json\/wp\/v2\/media\/16289"}],"wp:attachment":[{"href":"https:\/\/www.enerlandgroup.com\/es\/wp-json\/wp\/v2\/media?parent=16258"}],"wp:term":[{"taxonomy":"category","embeddable":true,"href":"https:\/\/www.enerlandgroup.com\/es\/wp-json\/wp\/v2\/categories?post=16258"},{"taxonomy":"post_tag","embeddable":true,"href":"https:\/\/www.enerlandgroup.com\/es\/wp-json\/wp\/v2\/tags?post=16258"}],"curies":[{"name":"wp","href":"https:\/\/api.w.org\/{rel}","templated":true}]}}