{"id":15422,"date":"2023-03-20T12:29:04","date_gmt":"2023-03-20T11:29:04","guid":{"rendered":"https:\/\/www.enerlandgroup.com\/?p=15422"},"modified":"2023-10-19T09:29:55","modified_gmt":"2023-10-19T07:29:55","slug":"comienza-la-construccion-de-pfv-soure","status":"publish","type":"post","link":"https:\/\/www.enerlandgroup.com\/es\/comienza-la-construccion-de-pfv-soure\/","title":{"rendered":"Comienza la construcci\u00f3n de PFV Soure"},"content":{"rendered":"<h1>Comienza la construcci\u00f3n de PFV Soure 22 MW. Este nuevo parque fotovoltaico es nuestra primera ejecuci\u00f3n en Portugal.<\/h1>\n<p>&nbsp;<\/p>\n<p>Anunciamos el inicio de construcci\u00f3n de PFV Soure en Portugal. En 2019, este proyecto se nos concedi\u00f3 a trav\u00e9s de una subasta. Durante todo este tiempo, nuestro equipo de Enerland Portugal, ha trabajado en <a href=\"https:\/\/www.enerlandgroup.com\/es\/desarrollo\/\">todas las fases para el desarrollo \u00edntegro del proyecto<\/a>. Fue el 2022, cuando PFV Soure alcanz\u00f3 el estado \u00abRTB\u00bb y algunos meses m\u00e1s tarde, se inici\u00f3 la fase de acondicionamiento del terreno. Posteriormente, se ha comenzado a realizar el hincado de las estructuras.<\/p>\n<p>El parque fotovoltaico Soure, contar\u00e1 con una potencia de 22 MW. Se espera que su puesta en marcha se haga efectiva a finales de 2023 y sea entonces cuando comience a producir 35.150 MWh\/a\u00f1o. Esta generaci\u00f3n de energ\u00eda renovable cuyo uso ser\u00e1 destinado a la venta a red, evitar\u00e1 la emisi\u00f3n de m\u00e1s de 12.865 toneladas anuales de CO2 a la atm\u00f3sfera.<\/p>\n<p>&nbsp;<\/p>\n<p><img loading=\"lazy\" decoding=\"async\" class=\"aligncenter wp-image-15423 size-full\" src=\"http:\/\/www.enerlandgroup.com\/wp-content\/uploads\/2023\/03\/Soure_Portugal.gif\" alt=\"construcci\u00f3n de PFV Soure\" width=\"768\" height=\"432\" \/><\/p>\n<p>&nbsp;<\/p>\n<h3>Enerland Portugal<\/h3>\n<p>&nbsp;<\/p>\n<p>El a\u00f1o pasado, a finales de junio, la capacidad fotovoltaica acumulada de Portugal alcanz\u00f3 los 2,19 GW. Actualmente, la solar es la tecnolog\u00eda con mayor crecimiento de capacidad instalada en t\u00e9rminos relativos, pasando de 299 MW en 2013 a 2192 MW en 2022, un 633% m\u00e1s. Seg\u00fan los \u00faltimos datos de<a href=\"https:\/\/www.apren.pt\/\"> APREN, Asociaci\u00f3n Portuguesa de Energ\u00edas Renovables<\/a>, la generaci\u00f3n solar alcanz\u00f3 su punto m\u00e1s alto de la historia en julio, representando el 9% de la producci\u00f3n total de electricidad del pa\u00eds. Adem\u00e1s, el pa\u00eds tambi\u00e9n bati\u00f3 sus anteriores r\u00e9cords en junio y mayo, cuando la energ\u00eda solar represent\u00f3 el 8,6% y el 8,2% de la generaci\u00f3n total, respectivamente.<\/p>\n<p>Enerland Group lleg\u00f3 a Portugal en 2019. Fue entonces cuando la multinacional espa\u00f1ola abri\u00f3 su primera oficina en la capital del pa\u00eds. Desde entonces, el equipo ha crecido exponencialmente. De forma paralela a PFV Soure, el equipo trabaja en el desarrollo de 13,5 MWp m\u00e1s as\u00ed como en varias construcciones de forma simult\u00e1nea ubicadas en la zona centro y sur del pa\u00eds.<\/p>\n<p>&nbsp;<\/p>\n<p><span class=\"ui-provider vy b c d e f g h i j k l m n o p q r s t u v w x y z ab ac ae af ag ah ai aj ak\" dir=\"ltr\">Este contenido est\u00e1 protegido por derechos de autor y no se puede reutilizar. Si desea publicar o ampliar la informaci\u00f3n, contacte: <a class=\"fui-Link ___1qmgydl f3rmtva f1ewtqcl fyind8e f1k6fduh f1w7gpdv fk6fouc fjoy568 figsok6 f1hu3pq6 f11qmguv f19f4twv f1tyq0we f1g0x7ka fhxju0i f1qch9an f1cnd47f fqv5qza f1vmzxwi f1o700av f13mvf36 f1cmlufx f9n3di6 f1ids18y f1tx3yz7 f1deo86v f1eh06m1 f1iescvh ftqa4ok f2hkw1w fhgqx19 f1olyrje f1p93eir f1h8hb77 f1x7u7e9 f10aw75t fsle3fq\" title=\"mailto:marketing@enerlandgroup.com\" href=\"mailto:marketing@enerlandgroup.com\" target=\"_blank\" rel=\"noreferrer noopener\" aria-label=\"V\u00ednculo marketing@enerlandgroup.com\">marketing@enerlandgroup.com<\/a><\/span><\/p>\n","protected":false},"excerpt":{"rendered":"<p>Comienza la construcci\u00f3n de PFV Soure 22 MW. Este nuevo parque fotovoltaico es nuestra<\/p>\n","protected":false},"author":4,"featured_media":15645,"comment_status":"open","ping_status":"open","sticky":false,"template":"","format":"standard","meta":{"_et_pb_use_builder":"","_et_pb_old_content":"","_et_gb_content_width":"","footnotes":""},"categories":[23,161],"tags":[],"class_list":["post-15422","post","type-post","status-publish","format-standard","has-post-thumbnail","hentry","category-corporativo","category-noticias"],"yoast_head":"<!-- This site is optimized with the Yoast SEO plugin v27.4 - https:\/\/yoast.com\/product\/yoast-seo-wordpress\/ -->\n<title>Comienza la construcci\u00f3n de PFV Soure - Enerland Energ\u00eda Renovable<\/title>\n<meta name=\"description\" content=\"Comienza la construcci\u00f3n de PFV Soure 22 MW. Este nuevo parque fotovoltaico es nuestra primera ejecuci\u00f3n en Portugal.\" \/>\n<meta name=\"robots\" content=\"index, follow, max-snippet:-1, max-image-preview:large, max-video-preview:-1\" \/>\n<link rel=\"canonical\" href=\"https:\/\/www.enerlandgroup.com\/es\/comienza-la-construccion-de-pfv-soure\/\" \/>\n<meta property=\"og:locale\" content=\"es_ES\" \/>\n<meta property=\"og:type\" content=\"article\" \/>\n<meta property=\"og:title\" content=\"Comienza la construcci\u00f3n de PFV Soure - Enerland Energ\u00eda Renovable\" \/>\n<meta property=\"og:description\" content=\"Comienza la construcci\u00f3n de PFV Soure 22 MW. Este nuevo parque fotovoltaico es nuestra primera ejecuci\u00f3n en Portugal.\" \/>\n<meta property=\"og:url\" content=\"https:\/\/www.enerlandgroup.com\/es\/comienza-la-construccion-de-pfv-soure\/\" \/>\n<meta property=\"og:site_name\" content=\"Enerland Energ\u00eda Renovable\" \/>\n<meta property=\"article:published_time\" content=\"2023-03-20T11:29:04+00:00\" \/>\n<meta property=\"article:modified_time\" content=\"2023-10-19T07:29:55+00:00\" \/>\n<meta property=\"og:image\" content=\"https:\/\/www.enerlandgroup.com\/wp-content\/uploads\/2023\/03\/Noticia-Soure-Inicio.jpg\" \/>\n\t<meta property=\"og:image:width\" content=\"1870\" \/>\n\t<meta property=\"og:image:height\" content=\"700\" \/>\n\t<meta property=\"og:image:type\" content=\"image\/jpeg\" \/>\n<meta name=\"author\" content=\"Pilar\" \/>\n<meta name=\"twitter:card\" content=\"summary_large_image\" \/>\n<script type=\"application\/ld+json\" class=\"yoast-schema-graph\">{\"@context\":\"https:\\\/\\\/schema.org\",\"@graph\":[{\"@type\":\"Article\",\"@id\":\"https:\\\/\\\/www.enerlandgroup.com\\\/es\\\/comienza-la-construccion-de-pfv-soure\\\/#article\",\"isPartOf\":{\"@id\":\"https:\\\/\\\/www.enerlandgroup.com\\\/es\\\/comienza-la-construccion-de-pfv-soure\\\/\"},\"author\":{\"name\":\"Pilar\",\"@id\":\"https:\\\/\\\/www.enerlandgroup.com\\\/es\\\/#\\\/schema\\\/person\\\/d842c1aed4fef077270deb261453486c\"},\"headline\":\"Comienza la construcci\u00f3n de PFV Soure\",\"datePublished\":\"2023-03-20T11:29:04+00:00\",\"dateModified\":\"2023-10-19T07:29:55+00:00\",\"mainEntityOfPage\":{\"@id\":\"https:\\\/\\\/www.enerlandgroup.com\\\/es\\\/comienza-la-construccion-de-pfv-soure\\\/\"},\"wordCount\":382,\"commentCount\":0,\"publisher\":{\"@id\":\"https:\\\/\\\/www.enerlandgroup.com\\\/es\\\/#organization\"},\"image\":{\"@id\":\"https:\\\/\\\/www.enerlandgroup.com\\\/es\\\/comienza-la-construccion-de-pfv-soure\\\/#primaryimage\"},\"thumbnailUrl\":\"https:\\\/\\\/www.enerlandgroup.com\\\/wp-content\\\/uploads\\\/2023\\\/03\\\/Noticia-Soure-Inicio.jpg\",\"articleSection\":[\"Corporativo\",\"Noticias\"],\"inLanguage\":\"es\",\"potentialAction\":[{\"@type\":\"CommentAction\",\"name\":\"Comment\",\"target\":[\"https:\\\/\\\/www.enerlandgroup.com\\\/es\\\/comienza-la-construccion-de-pfv-soure\\\/#respond\"]}]},{\"@type\":[\"WebPage\",\"ItemPage\"],\"@id\":\"https:\\\/\\\/www.enerlandgroup.com\\\/es\\\/comienza-la-construccion-de-pfv-soure\\\/\",\"url\":\"https:\\\/\\\/www.enerlandgroup.com\\\/es\\\/comienza-la-construccion-de-pfv-soure\\\/\",\"name\":\"Comienza la construcci\u00f3n de PFV Soure - Enerland Energ\u00eda Renovable\",\"isPartOf\":{\"@id\":\"https:\\\/\\\/www.enerlandgroup.com\\\/es\\\/#website\"},\"primaryImageOfPage\":{\"@id\":\"https:\\\/\\\/www.enerlandgroup.com\\\/es\\\/comienza-la-construccion-de-pfv-soure\\\/#primaryimage\"},\"image\":{\"@id\":\"https:\\\/\\\/www.enerlandgroup.com\\\/es\\\/comienza-la-construccion-de-pfv-soure\\\/#primaryimage\"},\"thumbnailUrl\":\"https:\\\/\\\/www.enerlandgroup.com\\\/wp-content\\\/uploads\\\/2023\\\/03\\\/Noticia-Soure-Inicio.jpg\",\"datePublished\":\"2023-03-20T11:29:04+00:00\",\"dateModified\":\"2023-10-19T07:29:55+00:00\",\"description\":\"Comienza la construcci\u00f3n de PFV Soure 22 MW. Este nuevo parque fotovoltaico es nuestra primera ejecuci\u00f3n en Portugal.\",\"breadcrumb\":{\"@id\":\"https:\\\/\\\/www.enerlandgroup.com\\\/es\\\/comienza-la-construccion-de-pfv-soure\\\/#breadcrumb\"},\"inLanguage\":\"es\",\"potentialAction\":[{\"@type\":\"ReadAction\",\"target\":[\"https:\\\/\\\/www.enerlandgroup.com\\\/es\\\/comienza-la-construccion-de-pfv-soure\\\/\"]}]},{\"@type\":\"ImageObject\",\"inLanguage\":\"es\",\"@id\":\"https:\\\/\\\/www.enerlandgroup.com\\\/es\\\/comienza-la-construccion-de-pfv-soure\\\/#primaryimage\",\"url\":\"https:\\\/\\\/www.enerlandgroup.com\\\/wp-content\\\/uploads\\\/2023\\\/03\\\/Noticia-Soure-Inicio.jpg\",\"contentUrl\":\"https:\\\/\\\/www.enerlandgroup.com\\\/wp-content\\\/uploads\\\/2023\\\/03\\\/Noticia-Soure-Inicio.jpg\",\"width\":1870,\"height\":700,\"caption\":\"construcci\u00f3n de PFV Soure\"},{\"@type\":\"BreadcrumbList\",\"@id\":\"https:\\\/\\\/www.enerlandgroup.com\\\/es\\\/comienza-la-construccion-de-pfv-soure\\\/#breadcrumb\",\"itemListElement\":[{\"@type\":\"ListItem\",\"position\":1,\"name\":\"Inicio\",\"item\":\"https:\\\/\\\/www.enerlandgroup.com\\\/es\\\/\"},{\"@type\":\"ListItem\",\"position\":2,\"name\":\"Comienza la construcci\u00f3n de PFV Soure\"}]},{\"@type\":\"WebSite\",\"@id\":\"https:\\\/\\\/www.enerlandgroup.com\\\/es\\\/#website\",\"url\":\"https:\\\/\\\/www.enerlandgroup.com\\\/es\\\/\",\"name\":\"Enerland Energ\u00eda Renovable\",\"description\":\"\",\"publisher\":{\"@id\":\"https:\\\/\\\/www.enerlandgroup.com\\\/es\\\/#organization\"},\"potentialAction\":[{\"@type\":\"SearchAction\",\"target\":{\"@type\":\"EntryPoint\",\"urlTemplate\":\"https:\\\/\\\/www.enerlandgroup.com\\\/es\\\/?s={search_term_string}\"},\"query-input\":{\"@type\":\"PropertyValueSpecification\",\"valueRequired\":true,\"valueName\":\"search_term_string\"}}],\"inLanguage\":\"es\"},{\"@type\":\"Organization\",\"@id\":\"https:\\\/\\\/www.enerlandgroup.com\\\/es\\\/#organization\",\"name\":\"Enerland Group\",\"url\":\"https:\\\/\\\/www.enerlandgroup.com\\\/es\\\/\",\"logo\":{\"@type\":\"ImageObject\",\"inLanguage\":\"es\",\"@id\":\"https:\\\/\\\/www.enerlandgroup.com\\\/es\\\/#\\\/schema\\\/logo\\\/image\\\/\",\"url\":\"https:\\\/\\\/www.enerlandgroup.com\\\/wp-content\\\/uploads\\\/2021\\\/05\\\/Logo_Enerland.png\",\"contentUrl\":\"https:\\\/\\\/www.enerlandgroup.com\\\/wp-content\\\/uploads\\\/2021\\\/05\\\/Logo_Enerland.png\",\"width\":184,\"height\":43,\"caption\":\"Enerland Group\"},\"image\":{\"@id\":\"https:\\\/\\\/www.enerlandgroup.com\\\/es\\\/#\\\/schema\\\/logo\\\/image\\\/\"},\"sameAs\":[\"https:\\\/\\\/www.linkedin.com\\\/company\\\/enerland-group\\\/\",\"https:\\\/\\\/www.youtube.com\\\/channel\\\/UCjdInbThgaPa2_D34vRChmA\"]},{\"@type\":\"Person\",\"@id\":\"https:\\\/\\\/www.enerlandgroup.com\\\/es\\\/#\\\/schema\\\/person\\\/d842c1aed4fef077270deb261453486c\",\"name\":\"Pilar\",\"image\":{\"@type\":\"ImageObject\",\"inLanguage\":\"es\",\"@id\":\"https:\\\/\\\/secure.gravatar.com\\\/avatar\\\/3e6e1323210dee16f137d8ab0ce7231001529459c2f5b2e4ec20c72d1fd442dc?s=96&d=mm&r=g\",\"url\":\"https:\\\/\\\/secure.gravatar.com\\\/avatar\\\/3e6e1323210dee16f137d8ab0ce7231001529459c2f5b2e4ec20c72d1fd442dc?s=96&d=mm&r=g\",\"contentUrl\":\"https:\\\/\\\/secure.gravatar.com\\\/avatar\\\/3e6e1323210dee16f137d8ab0ce7231001529459c2f5b2e4ec20c72d1fd442dc?s=96&d=mm&r=g\",\"caption\":\"Pilar\"},\"url\":\"https:\\\/\\\/www.enerlandgroup.com\\\/es\\\/author\\\/enerland\\\/\"}]}<\/script>\n<!-- \/ Yoast SEO plugin. -->","yoast_head_json":{"title":"Comienza la construcci\u00f3n de PFV Soure - Enerland Energ\u00eda Renovable","description":"Comienza la construcci\u00f3n de PFV Soure 22 MW. Este nuevo parque fotovoltaico es nuestra primera ejecuci\u00f3n en Portugal.","robots":{"index":"index","follow":"follow","max-snippet":"max-snippet:-1","max-image-preview":"max-image-preview:large","max-video-preview":"max-video-preview:-1"},"canonical":"https:\/\/www.enerlandgroup.com\/es\/comienza-la-construccion-de-pfv-soure\/","og_locale":"es_ES","og_type":"article","og_title":"Comienza la construcci\u00f3n de PFV Soure - Enerland Energ\u00eda Renovable","og_description":"Comienza la construcci\u00f3n de PFV Soure 22 MW. Este nuevo parque fotovoltaico es nuestra primera ejecuci\u00f3n en Portugal.","og_url":"https:\/\/www.enerlandgroup.com\/es\/comienza-la-construccion-de-pfv-soure\/","og_site_name":"Enerland Energ\u00eda Renovable","article_published_time":"2023-03-20T11:29:04+00:00","article_modified_time":"2023-10-19T07:29:55+00:00","og_image":[{"width":1870,"height":700,"url":"https:\/\/www.enerlandgroup.com\/wp-content\/uploads\/2023\/03\/Noticia-Soure-Inicio.jpg","type":"image\/jpeg"}],"author":"Pilar","twitter_card":"summary_large_image","schema":{"@context":"https:\/\/schema.org","@graph":[{"@type":"Article","@id":"https:\/\/www.enerlandgroup.com\/es\/comienza-la-construccion-de-pfv-soure\/#article","isPartOf":{"@id":"https:\/\/www.enerlandgroup.com\/es\/comienza-la-construccion-de-pfv-soure\/"},"author":{"name":"Pilar","@id":"https:\/\/www.enerlandgroup.com\/es\/#\/schema\/person\/d842c1aed4fef077270deb261453486c"},"headline":"Comienza la construcci\u00f3n de PFV Soure","datePublished":"2023-03-20T11:29:04+00:00","dateModified":"2023-10-19T07:29:55+00:00","mainEntityOfPage":{"@id":"https:\/\/www.enerlandgroup.com\/es\/comienza-la-construccion-de-pfv-soure\/"},"wordCount":382,"commentCount":0,"publisher":{"@id":"https:\/\/www.enerlandgroup.com\/es\/#organization"},"image":{"@id":"https:\/\/www.enerlandgroup.com\/es\/comienza-la-construccion-de-pfv-soure\/#primaryimage"},"thumbnailUrl":"https:\/\/www.enerlandgroup.com\/wp-content\/uploads\/2023\/03\/Noticia-Soure-Inicio.jpg","articleSection":["Corporativo","Noticias"],"inLanguage":"es","potentialAction":[{"@type":"CommentAction","name":"Comment","target":["https:\/\/www.enerlandgroup.com\/es\/comienza-la-construccion-de-pfv-soure\/#respond"]}]},{"@type":["WebPage","ItemPage"],"@id":"https:\/\/www.enerlandgroup.com\/es\/comienza-la-construccion-de-pfv-soure\/","url":"https:\/\/www.enerlandgroup.com\/es\/comienza-la-construccion-de-pfv-soure\/","name":"Comienza la construcci\u00f3n de PFV Soure - Enerland Energ\u00eda Renovable","isPartOf":{"@id":"https:\/\/www.enerlandgroup.com\/es\/#website"},"primaryImageOfPage":{"@id":"https:\/\/www.enerlandgroup.com\/es\/comienza-la-construccion-de-pfv-soure\/#primaryimage"},"image":{"@id":"https:\/\/www.enerlandgroup.com\/es\/comienza-la-construccion-de-pfv-soure\/#primaryimage"},"thumbnailUrl":"https:\/\/www.enerlandgroup.com\/wp-content\/uploads\/2023\/03\/Noticia-Soure-Inicio.jpg","datePublished":"2023-03-20T11:29:04+00:00","dateModified":"2023-10-19T07:29:55+00:00","description":"Comienza la construcci\u00f3n de PFV Soure 22 MW. Este nuevo parque fotovoltaico es nuestra primera ejecuci\u00f3n en Portugal.","breadcrumb":{"@id":"https:\/\/www.enerlandgroup.com\/es\/comienza-la-construccion-de-pfv-soure\/#breadcrumb"},"inLanguage":"es","potentialAction":[{"@type":"ReadAction","target":["https:\/\/www.enerlandgroup.com\/es\/comienza-la-construccion-de-pfv-soure\/"]}]},{"@type":"ImageObject","inLanguage":"es","@id":"https:\/\/www.enerlandgroup.com\/es\/comienza-la-construccion-de-pfv-soure\/#primaryimage","url":"https:\/\/www.enerlandgroup.com\/wp-content\/uploads\/2023\/03\/Noticia-Soure-Inicio.jpg","contentUrl":"https:\/\/www.enerlandgroup.com\/wp-content\/uploads\/2023\/03\/Noticia-Soure-Inicio.jpg","width":1870,"height":700,"caption":"construcci\u00f3n de PFV Soure"},{"@type":"BreadcrumbList","@id":"https:\/\/www.enerlandgroup.com\/es\/comienza-la-construccion-de-pfv-soure\/#breadcrumb","itemListElement":[{"@type":"ListItem","position":1,"name":"Inicio","item":"https:\/\/www.enerlandgroup.com\/es\/"},{"@type":"ListItem","position":2,"name":"Comienza la construcci\u00f3n de PFV Soure"}]},{"@type":"WebSite","@id":"https:\/\/www.enerlandgroup.com\/es\/#website","url":"https:\/\/www.enerlandgroup.com\/es\/","name":"Enerland Energ\u00eda Renovable","description":"","publisher":{"@id":"https:\/\/www.enerlandgroup.com\/es\/#organization"},"potentialAction":[{"@type":"SearchAction","target":{"@type":"EntryPoint","urlTemplate":"https:\/\/www.enerlandgroup.com\/es\/?s={search_term_string}"},"query-input":{"@type":"PropertyValueSpecification","valueRequired":true,"valueName":"search_term_string"}}],"inLanguage":"es"},{"@type":"Organization","@id":"https:\/\/www.enerlandgroup.com\/es\/#organization","name":"Enerland Group","url":"https:\/\/www.enerlandgroup.com\/es\/","logo":{"@type":"ImageObject","inLanguage":"es","@id":"https:\/\/www.enerlandgroup.com\/es\/#\/schema\/logo\/image\/","url":"https:\/\/www.enerlandgroup.com\/wp-content\/uploads\/2021\/05\/Logo_Enerland.png","contentUrl":"https:\/\/www.enerlandgroup.com\/wp-content\/uploads\/2021\/05\/Logo_Enerland.png","width":184,"height":43,"caption":"Enerland Group"},"image":{"@id":"https:\/\/www.enerlandgroup.com\/es\/#\/schema\/logo\/image\/"},"sameAs":["https:\/\/www.linkedin.com\/company\/enerland-group\/","https:\/\/www.youtube.com\/channel\/UCjdInbThgaPa2_D34vRChmA"]},{"@type":"Person","@id":"https:\/\/www.enerlandgroup.com\/es\/#\/schema\/person\/d842c1aed4fef077270deb261453486c","name":"Pilar","image":{"@type":"ImageObject","inLanguage":"es","@id":"https:\/\/secure.gravatar.com\/avatar\/3e6e1323210dee16f137d8ab0ce7231001529459c2f5b2e4ec20c72d1fd442dc?s=96&d=mm&r=g","url":"https:\/\/secure.gravatar.com\/avatar\/3e6e1323210dee16f137d8ab0ce7231001529459c2f5b2e4ec20c72d1fd442dc?s=96&d=mm&r=g","contentUrl":"https:\/\/secure.gravatar.com\/avatar\/3e6e1323210dee16f137d8ab0ce7231001529459c2f5b2e4ec20c72d1fd442dc?s=96&d=mm&r=g","caption":"Pilar"},"url":"https:\/\/www.enerlandgroup.com\/es\/author\/enerland\/"}]}},"jetpack_featured_media_url":"https:\/\/www.enerlandgroup.com\/wp-content\/uploads\/2023\/03\/Noticia-Soure-Inicio.jpg","_links":{"self":[{"href":"https:\/\/www.enerlandgroup.com\/es\/wp-json\/wp\/v2\/posts\/15422","targetHints":{"allow":["GET"]}}],"collection":[{"href":"https:\/\/www.enerlandgroup.com\/es\/wp-json\/wp\/v2\/posts"}],"about":[{"href":"https:\/\/www.enerlandgroup.com\/es\/wp-json\/wp\/v2\/types\/post"}],"author":[{"embeddable":true,"href":"https:\/\/www.enerlandgroup.com\/es\/wp-json\/wp\/v2\/users\/4"}],"replies":[{"embeddable":true,"href":"https:\/\/www.enerlandgroup.com\/es\/wp-json\/wp\/v2\/comments?post=15422"}],"version-history":[{"count":11,"href":"https:\/\/www.enerlandgroup.com\/es\/wp-json\/wp\/v2\/posts\/15422\/revisions"}],"predecessor-version":[{"id":15648,"href":"https:\/\/www.enerlandgroup.com\/es\/wp-json\/wp\/v2\/posts\/15422\/revisions\/15648"}],"wp:featuredmedia":[{"embeddable":true,"href":"https:\/\/www.enerlandgroup.com\/es\/wp-json\/wp\/v2\/media\/15645"}],"wp:attachment":[{"href":"https:\/\/www.enerlandgroup.com\/es\/wp-json\/wp\/v2\/media?parent=15422"}],"wp:term":[{"taxonomy":"category","embeddable":true,"href":"https:\/\/www.enerlandgroup.com\/es\/wp-json\/wp\/v2\/categories?post=15422"},{"taxonomy":"post_tag","embeddable":true,"href":"https:\/\/www.enerlandgroup.com\/es\/wp-json\/wp\/v2\/tags?post=15422"}],"curies":[{"name":"wp","href":"https:\/\/api.w.org\/{rel}","templated":true}]}}