{"id":15259,"date":"2023-02-27T10:00:35","date_gmt":"2023-02-27T09:00:35","guid":{"rendered":"https:\/\/www.enerlandgroup.com\/?p=15259"},"modified":"2023-10-19T09:28:32","modified_gmt":"2023-10-19T07:28:32","slug":"asistimos-a-spirec-23","status":"publish","type":"post","link":"https:\/\/www.enerlandgroup.com\/es\/asistimos-a-spirec-23\/","title":{"rendered":"Asistimos a SPIREC &#8217;23"},"content":{"rendered":"<h2>Asistimos a SPIREC &#8217;23, la conferencia Internacional de Energ\u00edas Renovables celebrada junto al GENERA en Espa\u00f1a.<\/h2>\n<p>&nbsp;<\/p>\n<p>Asistimos a Spirec &#8217;23, la <a href=\"https:\/\/spirec.es\/#inicio\">Conferencia Internacional de Energ\u00edas Renovables en Espa\u00f1a<\/a> celebrada entre el 20 y 23 de febrero. Este evento ha sido una gran oportunidad para hacer balance del estado actual de la transici\u00f3n energ\u00e9tica y de las energ\u00edas renovables tras un a\u00f1o de enorme convulsi\u00f3n. Al encuentro, asistieron numerosos representantes de gobiernos, empresas y sociedad a nivel europeo. Entre ellos, el presidente del Gobierno de Espa\u00f1a, Pedro S\u00e1nchez y la ministra Teresa Ribera. Ambos, junto a otros representantes de diferentes pa\u00edses europeos, fueron los encargados de la apertura del ciclo de conferencias que tuvieron lugar durante los tres d\u00edas que dur\u00f3 la convocatoria.\u00a0Nuestra responsable del departamento de medioambiente, Daisy Rodriguez Toledano, fue la representante de Enerland como asistente a las primeras conferencias.<\/p>\n<p>&nbsp;<\/p>\n<h3>Genera 2023<\/h3>\n<p>La feria, en comparaci\u00f3n con el 2022, reuni\u00f3 un 60% m\u00e1s de empresas del sector, en total, 385 expositores y de los cuales 141 eran internacionales y de 27 nacionalidades. Adem\u00e1s, esta edici\u00f3n destac\u00f3 por su gran afluencia de visitantes, pudiendo superar el r\u00e9cord de 28.948 asistentes en 2010.<\/p>\n<p>\u00abFue una gran oportunidad de conocer las \u00faltimas novedades tecnol\u00f3gicas del sector para la conservaci\u00f3n de biodiversidad. Cada vez existen m\u00e1s soluciones que permiten favorecer la integraci\u00f3n de las plantas en el medio sin causar afecciones negativas\u00bb. &#8211; Javier Franco, cart\u00f3grafo de Enerland Group.<\/p>\n<p>Durante los tres d\u00edas que tuvo lugar el evento, compa\u00f1eros de diferentes departamentos de Enerland Group tuvieron<a href=\"https:\/\/www.enerlandgroup.com\/es\/contacto\/\"> la oportunidad de establecer nuevos contactos<\/a>. Adem\u00e1s, tambi\u00e9n fue una gran oportunidad para reunirse con proveedores y conocer las \u00faltimas novedades del sector.<\/p>\n<p>\u00abEl genera es uno de los eventos m\u00e1s destacados a nivel comercial en nuestro sector. Es una oportunidad perfecta para acercarnos a los actores principales en la industria y conocer las \u00faltimas innovaciones en materia tecnol\u00f3gica y medioambiental. Qued\u00f3 claro que la fotovoltaica sigue siendo la energ\u00eda l\u00edder y que todav\u00eda le queda mucho camino por desarrollar\u00bb. &#8211; Pilar Asta, responsable del departamento de marketing y comunicaci\u00f3n de Enerland Group.<\/p>\n<pre><\/pre>\n<p>Esperamos volver a vernos en la pr\u00f3xima edici\u00f3n.<\/p>\n","protected":false},"excerpt":{"rendered":"<p>Asistimos a SPIREC &#8217;23, la conferencia Internacional de Energ\u00edas Renovables celebrada junto al GENERA<\/p>\n","protected":false},"author":4,"featured_media":15395,"comment_status":"open","ping_status":"open","sticky":false,"template":"","format":"standard","meta":{"_et_pb_use_builder":"","_et_pb_old_content":"","_et_gb_content_width":"","footnotes":""},"categories":[161],"tags":[],"class_list":["post-15259","post","type-post","status-publish","format-standard","has-post-thumbnail","hentry","category-noticias"],"yoast_head":"<!-- This site is optimized with the Yoast SEO plugin v27.4 - https:\/\/yoast.com\/product\/yoast-seo-wordpress\/ -->\n<title>Asistimos a SPIREC &#039;23 - Enerland Energ\u00eda Renovable<\/title>\n<meta name=\"description\" content=\"Asistimos a SPIREC &#039;23, la conferencia Internacional de Energ\u00edas Renovables celebrada junto al GENERA en Espa\u00f1a.\" \/>\n<meta name=\"robots\" content=\"index, follow, max-snippet:-1, max-image-preview:large, max-video-preview:-1\" \/>\n<link rel=\"canonical\" href=\"https:\/\/www.enerlandgroup.com\/es\/asistimos-a-spirec-23\/\" \/>\n<meta property=\"og:locale\" content=\"es_ES\" \/>\n<meta property=\"og:type\" content=\"article\" \/>\n<meta property=\"og:title\" content=\"Asistimos a SPIREC &#039;23 - Enerland Energ\u00eda Renovable\" \/>\n<meta property=\"og:description\" content=\"Asistimos a SPIREC &#039;23, la conferencia Internacional de Energ\u00edas Renovables celebrada junto al GENERA en Espa\u00f1a.\" \/>\n<meta property=\"og:url\" content=\"https:\/\/www.enerlandgroup.com\/es\/asistimos-a-spirec-23\/\" \/>\n<meta property=\"og:site_name\" content=\"Enerland Energ\u00eda Renovable\" \/>\n<meta property=\"article:published_time\" content=\"2023-02-27T09:00:35+00:00\" \/>\n<meta property=\"article:modified_time\" content=\"2023-10-19T07:28:32+00:00\" \/>\n<meta property=\"og:image\" content=\"https:\/\/www.enerlandgroup.com\/wp-content\/uploads\/2023\/02\/Genera-y-SPIREC-2023.jpg\" \/>\n\t<meta property=\"og:image:width\" content=\"1870\" \/>\n\t<meta property=\"og:image:height\" content=\"700\" \/>\n\t<meta property=\"og:image:type\" content=\"image\/jpeg\" \/>\n<meta name=\"author\" content=\"Pilar\" \/>\n<meta name=\"twitter:card\" content=\"summary_large_image\" \/>\n<script type=\"application\/ld+json\" class=\"yoast-schema-graph\">{\"@context\":\"https:\\\/\\\/schema.org\",\"@graph\":[{\"@type\":\"Article\",\"@id\":\"https:\\\/\\\/www.enerlandgroup.com\\\/es\\\/asistimos-a-spirec-23\\\/#article\",\"isPartOf\":{\"@id\":\"https:\\\/\\\/www.enerlandgroup.com\\\/es\\\/asistimos-a-spirec-23\\\/\"},\"author\":{\"name\":\"Pilar\",\"@id\":\"https:\\\/\\\/www.enerlandgroup.com\\\/es\\\/#\\\/schema\\\/person\\\/d842c1aed4fef077270deb261453486c\"},\"headline\":\"Asistimos a SPIREC &#8217;23\",\"datePublished\":\"2023-02-27T09:00:35+00:00\",\"dateModified\":\"2023-10-19T07:28:32+00:00\",\"mainEntityOfPage\":{\"@id\":\"https:\\\/\\\/www.enerlandgroup.com\\\/es\\\/asistimos-a-spirec-23\\\/\"},\"wordCount\":383,\"commentCount\":0,\"publisher\":{\"@id\":\"https:\\\/\\\/www.enerlandgroup.com\\\/es\\\/#organization\"},\"image\":{\"@id\":\"https:\\\/\\\/www.enerlandgroup.com\\\/es\\\/asistimos-a-spirec-23\\\/#primaryimage\"},\"thumbnailUrl\":\"https:\\\/\\\/www.enerlandgroup.com\\\/wp-content\\\/uploads\\\/2023\\\/02\\\/Genera-y-SPIREC-2023.jpg\",\"articleSection\":[\"Noticias\"],\"inLanguage\":\"es\",\"potentialAction\":[{\"@type\":\"CommentAction\",\"name\":\"Comment\",\"target\":[\"https:\\\/\\\/www.enerlandgroup.com\\\/es\\\/asistimos-a-spirec-23\\\/#respond\"]}]},{\"@type\":[\"WebPage\",\"ItemPage\"],\"@id\":\"https:\\\/\\\/www.enerlandgroup.com\\\/es\\\/asistimos-a-spirec-23\\\/\",\"url\":\"https:\\\/\\\/www.enerlandgroup.com\\\/es\\\/asistimos-a-spirec-23\\\/\",\"name\":\"Asistimos a SPIREC '23 - Enerland Energ\u00eda Renovable\",\"isPartOf\":{\"@id\":\"https:\\\/\\\/www.enerlandgroup.com\\\/es\\\/#website\"},\"primaryImageOfPage\":{\"@id\":\"https:\\\/\\\/www.enerlandgroup.com\\\/es\\\/asistimos-a-spirec-23\\\/#primaryimage\"},\"image\":{\"@id\":\"https:\\\/\\\/www.enerlandgroup.com\\\/es\\\/asistimos-a-spirec-23\\\/#primaryimage\"},\"thumbnailUrl\":\"https:\\\/\\\/www.enerlandgroup.com\\\/wp-content\\\/uploads\\\/2023\\\/02\\\/Genera-y-SPIREC-2023.jpg\",\"datePublished\":\"2023-02-27T09:00:35+00:00\",\"dateModified\":\"2023-10-19T07:28:32+00:00\",\"description\":\"Asistimos a SPIREC '23, la conferencia Internacional de Energ\u00edas Renovables celebrada junto al GENERA en Espa\u00f1a.\",\"breadcrumb\":{\"@id\":\"https:\\\/\\\/www.enerlandgroup.com\\\/es\\\/asistimos-a-spirec-23\\\/#breadcrumb\"},\"inLanguage\":\"es\",\"potentialAction\":[{\"@type\":\"ReadAction\",\"target\":[\"https:\\\/\\\/www.enerlandgroup.com\\\/es\\\/asistimos-a-spirec-23\\\/\"]}]},{\"@type\":\"ImageObject\",\"inLanguage\":\"es\",\"@id\":\"https:\\\/\\\/www.enerlandgroup.com\\\/es\\\/asistimos-a-spirec-23\\\/#primaryimage\",\"url\":\"https:\\\/\\\/www.enerlandgroup.com\\\/wp-content\\\/uploads\\\/2023\\\/02\\\/Genera-y-SPIREC-2023.jpg\",\"contentUrl\":\"https:\\\/\\\/www.enerlandgroup.com\\\/wp-content\\\/uploads\\\/2023\\\/02\\\/Genera-y-SPIREC-2023.jpg\",\"width\":1870,\"height\":700,\"caption\":\"SPIREC '23\"},{\"@type\":\"BreadcrumbList\",\"@id\":\"https:\\\/\\\/www.enerlandgroup.com\\\/es\\\/asistimos-a-spirec-23\\\/#breadcrumb\",\"itemListElement\":[{\"@type\":\"ListItem\",\"position\":1,\"name\":\"Inicio\",\"item\":\"https:\\\/\\\/www.enerlandgroup.com\\\/es\\\/\"},{\"@type\":\"ListItem\",\"position\":2,\"name\":\"Asistimos a SPIREC &#8217;23\"}]},{\"@type\":\"WebSite\",\"@id\":\"https:\\\/\\\/www.enerlandgroup.com\\\/es\\\/#website\",\"url\":\"https:\\\/\\\/www.enerlandgroup.com\\\/es\\\/\",\"name\":\"Enerland Energ\u00eda Renovable\",\"description\":\"\",\"publisher\":{\"@id\":\"https:\\\/\\\/www.enerlandgroup.com\\\/es\\\/#organization\"},\"potentialAction\":[{\"@type\":\"SearchAction\",\"target\":{\"@type\":\"EntryPoint\",\"urlTemplate\":\"https:\\\/\\\/www.enerlandgroup.com\\\/es\\\/?s={search_term_string}\"},\"query-input\":{\"@type\":\"PropertyValueSpecification\",\"valueRequired\":true,\"valueName\":\"search_term_string\"}}],\"inLanguage\":\"es\"},{\"@type\":\"Organization\",\"@id\":\"https:\\\/\\\/www.enerlandgroup.com\\\/es\\\/#organization\",\"name\":\"Enerland Group\",\"url\":\"https:\\\/\\\/www.enerlandgroup.com\\\/es\\\/\",\"logo\":{\"@type\":\"ImageObject\",\"inLanguage\":\"es\",\"@id\":\"https:\\\/\\\/www.enerlandgroup.com\\\/es\\\/#\\\/schema\\\/logo\\\/image\\\/\",\"url\":\"https:\\\/\\\/www.enerlandgroup.com\\\/wp-content\\\/uploads\\\/2021\\\/05\\\/Logo_Enerland.png\",\"contentUrl\":\"https:\\\/\\\/www.enerlandgroup.com\\\/wp-content\\\/uploads\\\/2021\\\/05\\\/Logo_Enerland.png\",\"width\":184,\"height\":43,\"caption\":\"Enerland Group\"},\"image\":{\"@id\":\"https:\\\/\\\/www.enerlandgroup.com\\\/es\\\/#\\\/schema\\\/logo\\\/image\\\/\"},\"sameAs\":[\"https:\\\/\\\/www.linkedin.com\\\/company\\\/enerland-group\\\/\",\"https:\\\/\\\/www.youtube.com\\\/channel\\\/UCjdInbThgaPa2_D34vRChmA\"]},{\"@type\":\"Person\",\"@id\":\"https:\\\/\\\/www.enerlandgroup.com\\\/es\\\/#\\\/schema\\\/person\\\/d842c1aed4fef077270deb261453486c\",\"name\":\"Pilar\",\"image\":{\"@type\":\"ImageObject\",\"inLanguage\":\"es\",\"@id\":\"https:\\\/\\\/secure.gravatar.com\\\/avatar\\\/3e6e1323210dee16f137d8ab0ce7231001529459c2f5b2e4ec20c72d1fd442dc?s=96&d=mm&r=g\",\"url\":\"https:\\\/\\\/secure.gravatar.com\\\/avatar\\\/3e6e1323210dee16f137d8ab0ce7231001529459c2f5b2e4ec20c72d1fd442dc?s=96&d=mm&r=g\",\"contentUrl\":\"https:\\\/\\\/secure.gravatar.com\\\/avatar\\\/3e6e1323210dee16f137d8ab0ce7231001529459c2f5b2e4ec20c72d1fd442dc?s=96&d=mm&r=g\",\"caption\":\"Pilar\"},\"url\":\"https:\\\/\\\/www.enerlandgroup.com\\\/es\\\/author\\\/enerland\\\/\"}]}<\/script>\n<!-- \/ Yoast SEO plugin. -->","yoast_head_json":{"title":"Asistimos a SPIREC '23 - Enerland Energ\u00eda Renovable","description":"Asistimos a SPIREC '23, la conferencia Internacional de Energ\u00edas Renovables celebrada junto al GENERA en Espa\u00f1a.","robots":{"index":"index","follow":"follow","max-snippet":"max-snippet:-1","max-image-preview":"max-image-preview:large","max-video-preview":"max-video-preview:-1"},"canonical":"https:\/\/www.enerlandgroup.com\/es\/asistimos-a-spirec-23\/","og_locale":"es_ES","og_type":"article","og_title":"Asistimos a SPIREC '23 - Enerland Energ\u00eda Renovable","og_description":"Asistimos a SPIREC '23, la conferencia Internacional de Energ\u00edas Renovables celebrada junto al GENERA en Espa\u00f1a.","og_url":"https:\/\/www.enerlandgroup.com\/es\/asistimos-a-spirec-23\/","og_site_name":"Enerland Energ\u00eda Renovable","article_published_time":"2023-02-27T09:00:35+00:00","article_modified_time":"2023-10-19T07:28:32+00:00","og_image":[{"width":1870,"height":700,"url":"https:\/\/www.enerlandgroup.com\/wp-content\/uploads\/2023\/02\/Genera-y-SPIREC-2023.jpg","type":"image\/jpeg"}],"author":"Pilar","twitter_card":"summary_large_image","schema":{"@context":"https:\/\/schema.org","@graph":[{"@type":"Article","@id":"https:\/\/www.enerlandgroup.com\/es\/asistimos-a-spirec-23\/#article","isPartOf":{"@id":"https:\/\/www.enerlandgroup.com\/es\/asistimos-a-spirec-23\/"},"author":{"name":"Pilar","@id":"https:\/\/www.enerlandgroup.com\/es\/#\/schema\/person\/d842c1aed4fef077270deb261453486c"},"headline":"Asistimos a SPIREC &#8217;23","datePublished":"2023-02-27T09:00:35+00:00","dateModified":"2023-10-19T07:28:32+00:00","mainEntityOfPage":{"@id":"https:\/\/www.enerlandgroup.com\/es\/asistimos-a-spirec-23\/"},"wordCount":383,"commentCount":0,"publisher":{"@id":"https:\/\/www.enerlandgroup.com\/es\/#organization"},"image":{"@id":"https:\/\/www.enerlandgroup.com\/es\/asistimos-a-spirec-23\/#primaryimage"},"thumbnailUrl":"https:\/\/www.enerlandgroup.com\/wp-content\/uploads\/2023\/02\/Genera-y-SPIREC-2023.jpg","articleSection":["Noticias"],"inLanguage":"es","potentialAction":[{"@type":"CommentAction","name":"Comment","target":["https:\/\/www.enerlandgroup.com\/es\/asistimos-a-spirec-23\/#respond"]}]},{"@type":["WebPage","ItemPage"],"@id":"https:\/\/www.enerlandgroup.com\/es\/asistimos-a-spirec-23\/","url":"https:\/\/www.enerlandgroup.com\/es\/asistimos-a-spirec-23\/","name":"Asistimos a SPIREC '23 - Enerland Energ\u00eda Renovable","isPartOf":{"@id":"https:\/\/www.enerlandgroup.com\/es\/#website"},"primaryImageOfPage":{"@id":"https:\/\/www.enerlandgroup.com\/es\/asistimos-a-spirec-23\/#primaryimage"},"image":{"@id":"https:\/\/www.enerlandgroup.com\/es\/asistimos-a-spirec-23\/#primaryimage"},"thumbnailUrl":"https:\/\/www.enerlandgroup.com\/wp-content\/uploads\/2023\/02\/Genera-y-SPIREC-2023.jpg","datePublished":"2023-02-27T09:00:35+00:00","dateModified":"2023-10-19T07:28:32+00:00","description":"Asistimos a SPIREC '23, la conferencia Internacional de Energ\u00edas Renovables celebrada junto al GENERA en Espa\u00f1a.","breadcrumb":{"@id":"https:\/\/www.enerlandgroup.com\/es\/asistimos-a-spirec-23\/#breadcrumb"},"inLanguage":"es","potentialAction":[{"@type":"ReadAction","target":["https:\/\/www.enerlandgroup.com\/es\/asistimos-a-spirec-23\/"]}]},{"@type":"ImageObject","inLanguage":"es","@id":"https:\/\/www.enerlandgroup.com\/es\/asistimos-a-spirec-23\/#primaryimage","url":"https:\/\/www.enerlandgroup.com\/wp-content\/uploads\/2023\/02\/Genera-y-SPIREC-2023.jpg","contentUrl":"https:\/\/www.enerlandgroup.com\/wp-content\/uploads\/2023\/02\/Genera-y-SPIREC-2023.jpg","width":1870,"height":700,"caption":"SPIREC '23"},{"@type":"BreadcrumbList","@id":"https:\/\/www.enerlandgroup.com\/es\/asistimos-a-spirec-23\/#breadcrumb","itemListElement":[{"@type":"ListItem","position":1,"name":"Inicio","item":"https:\/\/www.enerlandgroup.com\/es\/"},{"@type":"ListItem","position":2,"name":"Asistimos a SPIREC &#8217;23"}]},{"@type":"WebSite","@id":"https:\/\/www.enerlandgroup.com\/es\/#website","url":"https:\/\/www.enerlandgroup.com\/es\/","name":"Enerland Energ\u00eda Renovable","description":"","publisher":{"@id":"https:\/\/www.enerlandgroup.com\/es\/#organization"},"potentialAction":[{"@type":"SearchAction","target":{"@type":"EntryPoint","urlTemplate":"https:\/\/www.enerlandgroup.com\/es\/?s={search_term_string}"},"query-input":{"@type":"PropertyValueSpecification","valueRequired":true,"valueName":"search_term_string"}}],"inLanguage":"es"},{"@type":"Organization","@id":"https:\/\/www.enerlandgroup.com\/es\/#organization","name":"Enerland Group","url":"https:\/\/www.enerlandgroup.com\/es\/","logo":{"@type":"ImageObject","inLanguage":"es","@id":"https:\/\/www.enerlandgroup.com\/es\/#\/schema\/logo\/image\/","url":"https:\/\/www.enerlandgroup.com\/wp-content\/uploads\/2021\/05\/Logo_Enerland.png","contentUrl":"https:\/\/www.enerlandgroup.com\/wp-content\/uploads\/2021\/05\/Logo_Enerland.png","width":184,"height":43,"caption":"Enerland Group"},"image":{"@id":"https:\/\/www.enerlandgroup.com\/es\/#\/schema\/logo\/image\/"},"sameAs":["https:\/\/www.linkedin.com\/company\/enerland-group\/","https:\/\/www.youtube.com\/channel\/UCjdInbThgaPa2_D34vRChmA"]},{"@type":"Person","@id":"https:\/\/www.enerlandgroup.com\/es\/#\/schema\/person\/d842c1aed4fef077270deb261453486c","name":"Pilar","image":{"@type":"ImageObject","inLanguage":"es","@id":"https:\/\/secure.gravatar.com\/avatar\/3e6e1323210dee16f137d8ab0ce7231001529459c2f5b2e4ec20c72d1fd442dc?s=96&d=mm&r=g","url":"https:\/\/secure.gravatar.com\/avatar\/3e6e1323210dee16f137d8ab0ce7231001529459c2f5b2e4ec20c72d1fd442dc?s=96&d=mm&r=g","contentUrl":"https:\/\/secure.gravatar.com\/avatar\/3e6e1323210dee16f137d8ab0ce7231001529459c2f5b2e4ec20c72d1fd442dc?s=96&d=mm&r=g","caption":"Pilar"},"url":"https:\/\/www.enerlandgroup.com\/es\/author\/enerland\/"}]}},"jetpack_featured_media_url":"https:\/\/www.enerlandgroup.com\/wp-content\/uploads\/2023\/02\/Genera-y-SPIREC-2023.jpg","_links":{"self":[{"href":"https:\/\/www.enerlandgroup.com\/es\/wp-json\/wp\/v2\/posts\/15259","targetHints":{"allow":["GET"]}}],"collection":[{"href":"https:\/\/www.enerlandgroup.com\/es\/wp-json\/wp\/v2\/posts"}],"about":[{"href":"https:\/\/www.enerlandgroup.com\/es\/wp-json\/wp\/v2\/types\/post"}],"author":[{"embeddable":true,"href":"https:\/\/www.enerlandgroup.com\/es\/wp-json\/wp\/v2\/users\/4"}],"replies":[{"embeddable":true,"href":"https:\/\/www.enerlandgroup.com\/es\/wp-json\/wp\/v2\/comments?post=15259"}],"version-history":[{"count":5,"href":"https:\/\/www.enerlandgroup.com\/es\/wp-json\/wp\/v2\/posts\/15259\/revisions"}],"predecessor-version":[{"id":15363,"href":"https:\/\/www.enerlandgroup.com\/es\/wp-json\/wp\/v2\/posts\/15259\/revisions\/15363"}],"wp:featuredmedia":[{"embeddable":true,"href":"https:\/\/www.enerlandgroup.com\/es\/wp-json\/wp\/v2\/media\/15395"}],"wp:attachment":[{"href":"https:\/\/www.enerlandgroup.com\/es\/wp-json\/wp\/v2\/media?parent=15259"}],"wp:term":[{"taxonomy":"category","embeddable":true,"href":"https:\/\/www.enerlandgroup.com\/es\/wp-json\/wp\/v2\/categories?post=15259"},{"taxonomy":"post_tag","embeddable":true,"href":"https:\/\/www.enerlandgroup.com\/es\/wp-json\/wp\/v2\/tags?post=15259"}],"curies":[{"name":"wp","href":"https:\/\/api.w.org\/{rel}","templated":true}]}}