{"id":13692,"date":"2022-11-29T08:03:33","date_gmt":"2022-11-29T07:03:33","guid":{"rendered":"https:\/\/www.enerlandgroup.com\/?p=13692"},"modified":"2023-03-20T12:34:02","modified_gmt":"2023-03-20T11:34:02","slug":"iii-fase-del-pfv-pitarco","status":"publish","type":"post","link":"https:\/\/www.enerlandgroup.com\/es\/iii-fase-del-pfv-pitarco\/","title":{"rendered":"III Fase del PFV Pitarco"},"content":{"rendered":"<h1>Publicamos los avances de la III fase de la construcci\u00f3n del PFV Pitarco. En esta \u00faltima etapa, destaca el avance en el montaje de m\u00f3dulos fotovoltaicos.<\/h1>\n<p>&nbsp;<\/p>\n<p>Os presentamos la III Fase del PFV Pitarco. En anteriores ocasiones, hemos ido mostrando los <a href=\"https:\/\/www.enerlandgroup.com\/es\/ii-fase-del-pfv-pitarco\/\">avances en la construcci\u00f3n del parque fotovoltaico ubicado en Muel, Zaragoza<\/a>. Hace ya varios meses que mostramos las diferentes tareas llevadas a cabo para el acondicionamiento de los terrenos. Posteriormente, pudimos visualizar c\u00f3mo se iban hincando las estructuras. Por \u00faltimo, en este \u00faltimo periodo, podemos observar las \u00faltimas tareas que se han desarrollado para la finalizaci\u00f3n del parque.<\/p>\n<p>Os dejamos con las im\u00e1genes:<\/p>\n<div style=\"width: 1080px;\" class=\"wp-video\"><!--[if lt IE 9]><script>document.createElement('video');<\/script><![endif]-->\n<video class=\"wp-video-shortcode\" id=\"video-13692-1\" width=\"1080\" height=\"608\" preload=\"metadata\" controls=\"controls\"><source type=\"video\/mp4\" src=\"http:\/\/www.enerlandgroup.com\/wp-content\/uploads\/2022\/11\/ENERLAND_Pitarco3_V2-MIN.mp4?_=1\" \/><a href=\"http:\/\/www.enerlandgroup.com\/wp-content\/uploads\/2022\/11\/ENERLAND_Pitarco3_V2-MIN.mp4\">http:\/\/www.enerlandgroup.com\/wp-content\/uploads\/2022\/11\/ENERLAND_Pitarco3_V2-MIN.mp4<\/a><\/video><\/div>\n<h3><\/h3>\n<h3>III Fase del PFV Pitarco: la construcci\u00f3n del proyecto<\/h3>\n<p>&nbsp;<\/p>\n<p>Durante esta tercera fase de la construcci\u00f3n de PFV Pitarco, podemos observar el gran avance llevado a cabo durante las \u00faltimas semanas en cuanto al montaje de los m\u00f3dulos. En pocos d\u00edas, el parque estar\u00e1 finalizado y listo para comenzar a producir energ\u00eda renovable fotovoltaica que se inyectar\u00e1 a la red.<\/p>\n<p>A trav\u00e9s de este tercer video, ponemos observar, no s\u00f3lo el gran avance en el montaje sino tambi\u00e9n la descarga e instalaci\u00f3n de los centros de transformaci\u00f3n de energ\u00eda, los inversores y las tareas de cableado. En anteriores ocasiones, ya hemos podido observar<a href=\"https:\/\/www.linkedin.com\/feed\/update\/urn:li:activity:6967380071640633345\/\"> las primeras tareas de acondicionamiento del terreno<\/a> as\u00ed como las fases de hincado y montaje de estructuras.<a href=\"http:\/\/www.enerlandgroup.com\/wp-content\/uploads\/2022\/11\/ENERLAND_Pitarco3_V2-MIN.mov\">ENERLAND_Pitarco3_V2 MIN.<\/a><\/p>\n","protected":false},"excerpt":{"rendered":"<p>Publicamos los avances de la III fase de la construcci\u00f3n del PFV Pitarco. En<\/p>\n","protected":false},"author":4,"featured_media":13827,"comment_status":"open","ping_status":"open","sticky":false,"template":"","format":"standard","meta":{"_et_pb_use_builder":"","_et_pb_old_content":"","_et_gb_content_width":"","footnotes":""},"categories":[161,22],"tags":[],"class_list":["post-13692","post","type-post","status-publish","format-standard","has-post-thumbnail","hentry","category-noticias","category-proyectos-realizados"],"yoast_head":"<!-- This site is optimized with the Yoast SEO plugin v27.4 - https:\/\/yoast.com\/product\/yoast-seo-wordpress\/ -->\n<title>III Fase del PFV Pitarco - Enerland Energ\u00eda Renovable<\/title>\n<meta name=\"description\" content=\"Seguimos avanzando en la construcci\u00f3n del Parque Fotovoltaico Pitarco. Presentamos las im\u00e1genes la construcci\u00f3n de III Fase del PFV Pitarco\" \/>\n<meta name=\"robots\" content=\"index, follow, max-snippet:-1, max-image-preview:large, max-video-preview:-1\" \/>\n<link rel=\"canonical\" href=\"https:\/\/www.enerlandgroup.com\/es\/iii-fase-del-pfv-pitarco\/\" \/>\n<meta property=\"og:locale\" content=\"es_ES\" \/>\n<meta property=\"og:type\" content=\"article\" \/>\n<meta property=\"og:title\" content=\"III Fase del PFV Pitarco - Enerland Energ\u00eda Renovable\" \/>\n<meta property=\"og:description\" content=\"Seguimos avanzando en la construcci\u00f3n del Parque Fotovoltaico Pitarco. Presentamos las im\u00e1genes la construcci\u00f3n de III Fase del PFV Pitarco\" \/>\n<meta property=\"og:url\" content=\"https:\/\/www.enerlandgroup.com\/es\/iii-fase-del-pfv-pitarco\/\" \/>\n<meta property=\"og:site_name\" content=\"Enerland Energ\u00eda Renovable\" \/>\n<meta property=\"article:published_time\" content=\"2022-11-29T07:03:33+00:00\" \/>\n<meta property=\"article:modified_time\" content=\"2023-03-20T11:34:02+00:00\" \/>\n<meta property=\"og:image\" content=\"https:\/\/www.enerlandgroup.com\/wp-content\/uploads\/2022\/11\/Noticia-Fase-3-Pitarco.jpg\" \/>\n\t<meta property=\"og:image:width\" content=\"1870\" \/>\n\t<meta property=\"og:image:height\" content=\"700\" \/>\n\t<meta property=\"og:image:type\" content=\"image\/jpeg\" \/>\n<meta name=\"author\" content=\"Pilar\" \/>\n<meta name=\"twitter:card\" content=\"summary_large_image\" \/>\n<script type=\"application\/ld+json\" class=\"yoast-schema-graph\">{\"@context\":\"https:\\\/\\\/schema.org\",\"@graph\":[{\"@type\":\"Article\",\"@id\":\"https:\\\/\\\/www.enerlandgroup.com\\\/es\\\/iii-fase-del-pfv-pitarco\\\/#article\",\"isPartOf\":{\"@id\":\"https:\\\/\\\/www.enerlandgroup.com\\\/es\\\/iii-fase-del-pfv-pitarco\\\/\"},\"author\":{\"name\":\"Pilar\",\"@id\":\"https:\\\/\\\/www.enerlandgroup.com\\\/es\\\/#\\\/schema\\\/person\\\/d842c1aed4fef077270deb261453486c\"},\"headline\":\"III Fase del PFV Pitarco\",\"datePublished\":\"2022-11-29T07:03:33+00:00\",\"dateModified\":\"2023-03-20T11:34:02+00:00\",\"mainEntityOfPage\":{\"@id\":\"https:\\\/\\\/www.enerlandgroup.com\\\/es\\\/iii-fase-del-pfv-pitarco\\\/\"},\"wordCount\":268,\"commentCount\":0,\"publisher\":{\"@id\":\"https:\\\/\\\/www.enerlandgroup.com\\\/es\\\/#organization\"},\"image\":{\"@id\":\"https:\\\/\\\/www.enerlandgroup.com\\\/es\\\/iii-fase-del-pfv-pitarco\\\/#primaryimage\"},\"thumbnailUrl\":\"https:\\\/\\\/www.enerlandgroup.com\\\/wp-content\\\/uploads\\\/2022\\\/11\\\/Noticia-Fase-3-Pitarco.jpg\",\"articleSection\":[\"Noticias\",\"Proyectos Realizados\"],\"inLanguage\":\"es\",\"potentialAction\":[{\"@type\":\"CommentAction\",\"name\":\"Comment\",\"target\":[\"https:\\\/\\\/www.enerlandgroup.com\\\/es\\\/iii-fase-del-pfv-pitarco\\\/#respond\"]}]},{\"@type\":[\"WebPage\",\"ItemPage\"],\"@id\":\"https:\\\/\\\/www.enerlandgroup.com\\\/es\\\/iii-fase-del-pfv-pitarco\\\/\",\"url\":\"https:\\\/\\\/www.enerlandgroup.com\\\/es\\\/iii-fase-del-pfv-pitarco\\\/\",\"name\":\"III Fase del PFV Pitarco - Enerland Energ\u00eda Renovable\",\"isPartOf\":{\"@id\":\"https:\\\/\\\/www.enerlandgroup.com\\\/es\\\/#website\"},\"primaryImageOfPage\":{\"@id\":\"https:\\\/\\\/www.enerlandgroup.com\\\/es\\\/iii-fase-del-pfv-pitarco\\\/#primaryimage\"},\"image\":{\"@id\":\"https:\\\/\\\/www.enerlandgroup.com\\\/es\\\/iii-fase-del-pfv-pitarco\\\/#primaryimage\"},\"thumbnailUrl\":\"https:\\\/\\\/www.enerlandgroup.com\\\/wp-content\\\/uploads\\\/2022\\\/11\\\/Noticia-Fase-3-Pitarco.jpg\",\"datePublished\":\"2022-11-29T07:03:33+00:00\",\"dateModified\":\"2023-03-20T11:34:02+00:00\",\"description\":\"Seguimos avanzando en la construcci\u00f3n del Parque Fotovoltaico Pitarco. Presentamos las im\u00e1genes la construcci\u00f3n de III Fase del PFV Pitarco\",\"breadcrumb\":{\"@id\":\"https:\\\/\\\/www.enerlandgroup.com\\\/es\\\/iii-fase-del-pfv-pitarco\\\/#breadcrumb\"},\"inLanguage\":\"es\",\"potentialAction\":[{\"@type\":\"ReadAction\",\"target\":[\"https:\\\/\\\/www.enerlandgroup.com\\\/es\\\/iii-fase-del-pfv-pitarco\\\/\"]}]},{\"@type\":\"ImageObject\",\"inLanguage\":\"es\",\"@id\":\"https:\\\/\\\/www.enerlandgroup.com\\\/es\\\/iii-fase-del-pfv-pitarco\\\/#primaryimage\",\"url\":\"https:\\\/\\\/www.enerlandgroup.com\\\/wp-content\\\/uploads\\\/2022\\\/11\\\/Noticia-Fase-3-Pitarco.jpg\",\"contentUrl\":\"https:\\\/\\\/www.enerlandgroup.com\\\/wp-content\\\/uploads\\\/2022\\\/11\\\/Noticia-Fase-3-Pitarco.jpg\",\"width\":1870,\"height\":700},{\"@type\":\"BreadcrumbList\",\"@id\":\"https:\\\/\\\/www.enerlandgroup.com\\\/es\\\/iii-fase-del-pfv-pitarco\\\/#breadcrumb\",\"itemListElement\":[{\"@type\":\"ListItem\",\"position\":1,\"name\":\"Inicio\",\"item\":\"https:\\\/\\\/www.enerlandgroup.com\\\/es\\\/\"},{\"@type\":\"ListItem\",\"position\":2,\"name\":\"III Fase del PFV Pitarco\"}]},{\"@type\":\"WebSite\",\"@id\":\"https:\\\/\\\/www.enerlandgroup.com\\\/es\\\/#website\",\"url\":\"https:\\\/\\\/www.enerlandgroup.com\\\/es\\\/\",\"name\":\"Enerland Energ\u00eda Renovable\",\"description\":\"\",\"publisher\":{\"@id\":\"https:\\\/\\\/www.enerlandgroup.com\\\/es\\\/#organization\"},\"potentialAction\":[{\"@type\":\"SearchAction\",\"target\":{\"@type\":\"EntryPoint\",\"urlTemplate\":\"https:\\\/\\\/www.enerlandgroup.com\\\/es\\\/?s={search_term_string}\"},\"query-input\":{\"@type\":\"PropertyValueSpecification\",\"valueRequired\":true,\"valueName\":\"search_term_string\"}}],\"inLanguage\":\"es\"},{\"@type\":\"Organization\",\"@id\":\"https:\\\/\\\/www.enerlandgroup.com\\\/es\\\/#organization\",\"name\":\"Enerland Group\",\"url\":\"https:\\\/\\\/www.enerlandgroup.com\\\/es\\\/\",\"logo\":{\"@type\":\"ImageObject\",\"inLanguage\":\"es\",\"@id\":\"https:\\\/\\\/www.enerlandgroup.com\\\/es\\\/#\\\/schema\\\/logo\\\/image\\\/\",\"url\":\"https:\\\/\\\/www.enerlandgroup.com\\\/wp-content\\\/uploads\\\/2021\\\/05\\\/Logo_Enerland.png\",\"contentUrl\":\"https:\\\/\\\/www.enerlandgroup.com\\\/wp-content\\\/uploads\\\/2021\\\/05\\\/Logo_Enerland.png\",\"width\":184,\"height\":43,\"caption\":\"Enerland Group\"},\"image\":{\"@id\":\"https:\\\/\\\/www.enerlandgroup.com\\\/es\\\/#\\\/schema\\\/logo\\\/image\\\/\"},\"sameAs\":[\"https:\\\/\\\/www.linkedin.com\\\/company\\\/enerland-group\\\/\",\"https:\\\/\\\/www.youtube.com\\\/channel\\\/UCjdInbThgaPa2_D34vRChmA\"]},{\"@type\":\"Person\",\"@id\":\"https:\\\/\\\/www.enerlandgroup.com\\\/es\\\/#\\\/schema\\\/person\\\/d842c1aed4fef077270deb261453486c\",\"name\":\"Pilar\",\"image\":{\"@type\":\"ImageObject\",\"inLanguage\":\"es\",\"@id\":\"https:\\\/\\\/secure.gravatar.com\\\/avatar\\\/3e6e1323210dee16f137d8ab0ce7231001529459c2f5b2e4ec20c72d1fd442dc?s=96&d=mm&r=g\",\"url\":\"https:\\\/\\\/secure.gravatar.com\\\/avatar\\\/3e6e1323210dee16f137d8ab0ce7231001529459c2f5b2e4ec20c72d1fd442dc?s=96&d=mm&r=g\",\"contentUrl\":\"https:\\\/\\\/secure.gravatar.com\\\/avatar\\\/3e6e1323210dee16f137d8ab0ce7231001529459c2f5b2e4ec20c72d1fd442dc?s=96&d=mm&r=g\",\"caption\":\"Pilar\"},\"url\":\"https:\\\/\\\/www.enerlandgroup.com\\\/es\\\/author\\\/enerland\\\/\"}]}<\/script>\n<!-- \/ Yoast SEO plugin. -->","yoast_head_json":{"title":"III Fase del PFV Pitarco - Enerland Energ\u00eda Renovable","description":"Seguimos avanzando en la construcci\u00f3n del Parque Fotovoltaico Pitarco. Presentamos las im\u00e1genes la construcci\u00f3n de III Fase del PFV Pitarco","robots":{"index":"index","follow":"follow","max-snippet":"max-snippet:-1","max-image-preview":"max-image-preview:large","max-video-preview":"max-video-preview:-1"},"canonical":"https:\/\/www.enerlandgroup.com\/es\/iii-fase-del-pfv-pitarco\/","og_locale":"es_ES","og_type":"article","og_title":"III Fase del PFV Pitarco - Enerland Energ\u00eda Renovable","og_description":"Seguimos avanzando en la construcci\u00f3n del Parque Fotovoltaico Pitarco. Presentamos las im\u00e1genes la construcci\u00f3n de III Fase del PFV Pitarco","og_url":"https:\/\/www.enerlandgroup.com\/es\/iii-fase-del-pfv-pitarco\/","og_site_name":"Enerland Energ\u00eda Renovable","article_published_time":"2022-11-29T07:03:33+00:00","article_modified_time":"2023-03-20T11:34:02+00:00","og_image":[{"width":1870,"height":700,"url":"https:\/\/www.enerlandgroup.com\/wp-content\/uploads\/2022\/11\/Noticia-Fase-3-Pitarco.jpg","type":"image\/jpeg"}],"author":"Pilar","twitter_card":"summary_large_image","schema":{"@context":"https:\/\/schema.org","@graph":[{"@type":"Article","@id":"https:\/\/www.enerlandgroup.com\/es\/iii-fase-del-pfv-pitarco\/#article","isPartOf":{"@id":"https:\/\/www.enerlandgroup.com\/es\/iii-fase-del-pfv-pitarco\/"},"author":{"name":"Pilar","@id":"https:\/\/www.enerlandgroup.com\/es\/#\/schema\/person\/d842c1aed4fef077270deb261453486c"},"headline":"III Fase del PFV Pitarco","datePublished":"2022-11-29T07:03:33+00:00","dateModified":"2023-03-20T11:34:02+00:00","mainEntityOfPage":{"@id":"https:\/\/www.enerlandgroup.com\/es\/iii-fase-del-pfv-pitarco\/"},"wordCount":268,"commentCount":0,"publisher":{"@id":"https:\/\/www.enerlandgroup.com\/es\/#organization"},"image":{"@id":"https:\/\/www.enerlandgroup.com\/es\/iii-fase-del-pfv-pitarco\/#primaryimage"},"thumbnailUrl":"https:\/\/www.enerlandgroup.com\/wp-content\/uploads\/2022\/11\/Noticia-Fase-3-Pitarco.jpg","articleSection":["Noticias","Proyectos Realizados"],"inLanguage":"es","potentialAction":[{"@type":"CommentAction","name":"Comment","target":["https:\/\/www.enerlandgroup.com\/es\/iii-fase-del-pfv-pitarco\/#respond"]}]},{"@type":["WebPage","ItemPage"],"@id":"https:\/\/www.enerlandgroup.com\/es\/iii-fase-del-pfv-pitarco\/","url":"https:\/\/www.enerlandgroup.com\/es\/iii-fase-del-pfv-pitarco\/","name":"III Fase del PFV Pitarco - Enerland Energ\u00eda Renovable","isPartOf":{"@id":"https:\/\/www.enerlandgroup.com\/es\/#website"},"primaryImageOfPage":{"@id":"https:\/\/www.enerlandgroup.com\/es\/iii-fase-del-pfv-pitarco\/#primaryimage"},"image":{"@id":"https:\/\/www.enerlandgroup.com\/es\/iii-fase-del-pfv-pitarco\/#primaryimage"},"thumbnailUrl":"https:\/\/www.enerlandgroup.com\/wp-content\/uploads\/2022\/11\/Noticia-Fase-3-Pitarco.jpg","datePublished":"2022-11-29T07:03:33+00:00","dateModified":"2023-03-20T11:34:02+00:00","description":"Seguimos avanzando en la construcci\u00f3n del Parque Fotovoltaico Pitarco. Presentamos las im\u00e1genes la construcci\u00f3n de III Fase del PFV Pitarco","breadcrumb":{"@id":"https:\/\/www.enerlandgroup.com\/es\/iii-fase-del-pfv-pitarco\/#breadcrumb"},"inLanguage":"es","potentialAction":[{"@type":"ReadAction","target":["https:\/\/www.enerlandgroup.com\/es\/iii-fase-del-pfv-pitarco\/"]}]},{"@type":"ImageObject","inLanguage":"es","@id":"https:\/\/www.enerlandgroup.com\/es\/iii-fase-del-pfv-pitarco\/#primaryimage","url":"https:\/\/www.enerlandgroup.com\/wp-content\/uploads\/2022\/11\/Noticia-Fase-3-Pitarco.jpg","contentUrl":"https:\/\/www.enerlandgroup.com\/wp-content\/uploads\/2022\/11\/Noticia-Fase-3-Pitarco.jpg","width":1870,"height":700},{"@type":"BreadcrumbList","@id":"https:\/\/www.enerlandgroup.com\/es\/iii-fase-del-pfv-pitarco\/#breadcrumb","itemListElement":[{"@type":"ListItem","position":1,"name":"Inicio","item":"https:\/\/www.enerlandgroup.com\/es\/"},{"@type":"ListItem","position":2,"name":"III Fase del PFV Pitarco"}]},{"@type":"WebSite","@id":"https:\/\/www.enerlandgroup.com\/es\/#website","url":"https:\/\/www.enerlandgroup.com\/es\/","name":"Enerland Energ\u00eda Renovable","description":"","publisher":{"@id":"https:\/\/www.enerlandgroup.com\/es\/#organization"},"potentialAction":[{"@type":"SearchAction","target":{"@type":"EntryPoint","urlTemplate":"https:\/\/www.enerlandgroup.com\/es\/?s={search_term_string}"},"query-input":{"@type":"PropertyValueSpecification","valueRequired":true,"valueName":"search_term_string"}}],"inLanguage":"es"},{"@type":"Organization","@id":"https:\/\/www.enerlandgroup.com\/es\/#organization","name":"Enerland Group","url":"https:\/\/www.enerlandgroup.com\/es\/","logo":{"@type":"ImageObject","inLanguage":"es","@id":"https:\/\/www.enerlandgroup.com\/es\/#\/schema\/logo\/image\/","url":"https:\/\/www.enerlandgroup.com\/wp-content\/uploads\/2021\/05\/Logo_Enerland.png","contentUrl":"https:\/\/www.enerlandgroup.com\/wp-content\/uploads\/2021\/05\/Logo_Enerland.png","width":184,"height":43,"caption":"Enerland Group"},"image":{"@id":"https:\/\/www.enerlandgroup.com\/es\/#\/schema\/logo\/image\/"},"sameAs":["https:\/\/www.linkedin.com\/company\/enerland-group\/","https:\/\/www.youtube.com\/channel\/UCjdInbThgaPa2_D34vRChmA"]},{"@type":"Person","@id":"https:\/\/www.enerlandgroup.com\/es\/#\/schema\/person\/d842c1aed4fef077270deb261453486c","name":"Pilar","image":{"@type":"ImageObject","inLanguage":"es","@id":"https:\/\/secure.gravatar.com\/avatar\/3e6e1323210dee16f137d8ab0ce7231001529459c2f5b2e4ec20c72d1fd442dc?s=96&d=mm&r=g","url":"https:\/\/secure.gravatar.com\/avatar\/3e6e1323210dee16f137d8ab0ce7231001529459c2f5b2e4ec20c72d1fd442dc?s=96&d=mm&r=g","contentUrl":"https:\/\/secure.gravatar.com\/avatar\/3e6e1323210dee16f137d8ab0ce7231001529459c2f5b2e4ec20c72d1fd442dc?s=96&d=mm&r=g","caption":"Pilar"},"url":"https:\/\/www.enerlandgroup.com\/es\/author\/enerland\/"}]}},"jetpack_featured_media_url":"https:\/\/www.enerlandgroup.com\/wp-content\/uploads\/2022\/11\/Noticia-Fase-3-Pitarco.jpg","_links":{"self":[{"href":"https:\/\/www.enerlandgroup.com\/es\/wp-json\/wp\/v2\/posts\/13692","targetHints":{"allow":["GET"]}}],"collection":[{"href":"https:\/\/www.enerlandgroup.com\/es\/wp-json\/wp\/v2\/posts"}],"about":[{"href":"https:\/\/www.enerlandgroup.com\/es\/wp-json\/wp\/v2\/types\/post"}],"author":[{"embeddable":true,"href":"https:\/\/www.enerlandgroup.com\/es\/wp-json\/wp\/v2\/users\/4"}],"replies":[{"embeddable":true,"href":"https:\/\/www.enerlandgroup.com\/es\/wp-json\/wp\/v2\/comments?post=13692"}],"version-history":[{"count":4,"href":"https:\/\/www.enerlandgroup.com\/es\/wp-json\/wp\/v2\/posts\/13692\/revisions"}],"predecessor-version":[{"id":13833,"href":"https:\/\/www.enerlandgroup.com\/es\/wp-json\/wp\/v2\/posts\/13692\/revisions\/13833"}],"wp:featuredmedia":[{"embeddable":true,"href":"https:\/\/www.enerlandgroup.com\/es\/wp-json\/wp\/v2\/media\/13827"}],"wp:attachment":[{"href":"https:\/\/www.enerlandgroup.com\/es\/wp-json\/wp\/v2\/media?parent=13692"}],"wp:term":[{"taxonomy":"category","embeddable":true,"href":"https:\/\/www.enerlandgroup.com\/es\/wp-json\/wp\/v2\/categories?post=13692"},{"taxonomy":"post_tag","embeddable":true,"href":"https:\/\/www.enerlandgroup.com\/es\/wp-json\/wp\/v2\/tags?post=13692"}],"curies":[{"name":"wp","href":"https:\/\/api.w.org\/{rel}","templated":true}]}}