{"id":12330,"date":"2022-04-22T10:53:16","date_gmt":"2022-04-22T08:53:16","guid":{"rendered":"https:\/\/www.enerlandgroup.com\/?p=12330"},"modified":"2022-09-20T09:56:29","modified_gmt":"2022-09-20T07:56:29","slug":"i-fase-del-pfv-pitarco","status":"publish","type":"post","link":"https:\/\/www.enerlandgroup.com\/es\/i-fase-del-pfv-pitarco\/","title":{"rendered":"I Fase del PFV Pitarco"},"content":{"rendered":"<h2>Os mostramos los avances de la I Fase del PFV Pitarco: acondicionamiento y movilizaci\u00f3n de tierras.<\/h2>\n<p>&nbsp;<\/p>\n<p>Hace algunos meses anunci\u00e1bamos el comienzo de obra de nuestra nueva ejecuci\u00f3n en la comunidad de Arag\u00f3n. Hoy, os mostramos los avances de los primeros trabajos realizados en la construcci\u00f3n de la I Fase del <a href=\"https:\/\/www.enerlandgroup.com\/es\/nuevo-parque-solar-en-espana-pitarco\/\">PFV Pitarco<\/a>, ubicado en Muel.<\/p>\n<p>&nbsp;<\/p>\n<h3>La importancia del acondicionamiento del terreno<\/h3>\n<p>&nbsp;<\/p>\n<p>Durante esta fase inicial, se han realizado el acondicionamiento y movimiento de tierras de las m\u00e1s de 100 hect\u00e1reas de extensi\u00f3n que tendr\u00e1 esta planta solar. Para nosotros, es realmente relevante tener en cuenta el territorio donde ubicamos nuestras plantas solares. Llevar a cabo detallados estudios medioambientales sobre el entorno y los elementos que lo conforman es vital para no afectar de forma negativa al mismo. Por esta raz\u00f3n, ponemos especial atenci\u00f3n en, de forma previa a realizar los trabajos de acondicionamiento y movimiento de tierras, aquellos de arqueolog\u00eda y topograf\u00eda. Gracias a ellos, aseguramos nuestro m\u00ednimo impacto sobre el medio.<\/p>\n<p>De forma adicional, en el video, tambi\u00e9n se puede observar el vallado cineg\u00e9tico que se ha colocado alrededor de todo el per\u00edmetro del parque solar. Este tipo de vallado, tiene como principal caracter\u00edstica la apertura de un hueco inferior de grandes dimensiones y una extensa distancia entre los postes. Gracias a ambas medidas, se\u00a0permite la protecci\u00f3n del territorio sin interferir en la libre circulaci\u00f3n de la fauna silvestre de la zona.<\/p>\n<p>Pr\u00f3ximamente, se proceder\u00e1 a la II fase a trav\u00e9s de la cual se comienza a realizar el hincado para, posteriormente, instalar las estructuras sobre las que se colocar\u00e1n los m\u00f3dulos fotovoltaicos. Durante esta segunda fase, comenzar\u00e1n a verse los resultados del buen trabajo acometido en la etapa que mostramos a continuaci\u00f3n.<\/p>\n<p>Pitarco, con una potencia de 62 MWp, una vez finalizada su construcci\u00f3n, generar\u00e1 una energ\u00eda media anual de 122.603 MWh creando un gran valor para nuestro territorio en materia de sostenibilidad.<\/p>\n<p>Os dejamos con el video a trav\u00e9s del <a href=\"https:\/\/www.linkedin.com\/posts\/enerland-group_parque-fotovoltaico-pitarco-62-mw-activity-6923164684770525184-wKSO?utm_source=linkedin_share&amp;utm_medium=member_desktop_web\">enlace.<\/a><\/p>\n","protected":false},"excerpt":{"rendered":"<p>Os mostramos los avances de la I Fase del PFV Pitarco: acondicionamiento y movilizaci\u00f3n<\/p>\n","protected":false},"author":4,"featured_media":12339,"comment_status":"open","ping_status":"open","sticky":false,"template":"","format":"standard","meta":{"_et_pb_use_builder":"","_et_pb_old_content":"","_et_gb_content_width":"","footnotes":""},"categories":[161,22],"tags":[],"class_list":["post-12330","post","type-post","status-publish","format-standard","has-post-thumbnail","hentry","category-noticias","category-proyectos-realizados"],"yoast_head":"<!-- This site is optimized with the Yoast SEO plugin v27.4 - https:\/\/yoast.com\/product\/yoast-seo-wordpress\/ -->\n<title>I Fase del PFV Pitarco - Enerland Energ\u00eda Renovable<\/title>\n<meta name=\"description\" content=\"Os mostramos los avances de I Fase del PFV Pitarco(62 MW) ubicado en Muel. Durante la misma, se ha realizado el acondicionamiento del terreno.\" \/>\n<meta name=\"robots\" content=\"index, follow, max-snippet:-1, max-image-preview:large, max-video-preview:-1\" \/>\n<link rel=\"canonical\" href=\"https:\/\/www.enerlandgroup.com\/es\/i-fase-del-pfv-pitarco\/\" \/>\n<meta property=\"og:locale\" content=\"es_ES\" \/>\n<meta property=\"og:type\" content=\"article\" \/>\n<meta property=\"og:title\" content=\"I Fase del PFV Pitarco - Enerland Energ\u00eda Renovable\" \/>\n<meta property=\"og:description\" content=\"Os mostramos los avances de I Fase del PFV Pitarco(62 MW) ubicado en Muel. Durante la misma, se ha realizado el acondicionamiento del terreno.\" \/>\n<meta property=\"og:url\" content=\"https:\/\/www.enerlandgroup.com\/es\/i-fase-del-pfv-pitarco\/\" \/>\n<meta property=\"og:site_name\" content=\"Enerland Energ\u00eda Renovable\" \/>\n<meta property=\"article:published_time\" content=\"2022-04-22T08:53:16+00:00\" \/>\n<meta property=\"article:modified_time\" content=\"2022-09-20T07:56:29+00:00\" \/>\n<meta property=\"og:image\" content=\"https:\/\/www.enerlandgroup.com\/wp-content\/uploads\/2022\/05\/Noticia-Pitarco-Fase-I.jpg\" \/>\n\t<meta property=\"og:image:width\" content=\"1870\" \/>\n\t<meta property=\"og:image:height\" content=\"700\" \/>\n\t<meta property=\"og:image:type\" content=\"image\/jpeg\" \/>\n<meta name=\"author\" content=\"Pilar\" \/>\n<meta name=\"twitter:card\" content=\"summary_large_image\" \/>\n<script type=\"application\/ld+json\" class=\"yoast-schema-graph\">{\"@context\":\"https:\\\/\\\/schema.org\",\"@graph\":[{\"@type\":\"Article\",\"@id\":\"https:\\\/\\\/www.enerlandgroup.com\\\/es\\\/i-fase-del-pfv-pitarco\\\/#article\",\"isPartOf\":{\"@id\":\"https:\\\/\\\/www.enerlandgroup.com\\\/es\\\/i-fase-del-pfv-pitarco\\\/\"},\"author\":{\"name\":\"Pilar\",\"@id\":\"https:\\\/\\\/www.enerlandgroup.com\\\/es\\\/#\\\/schema\\\/person\\\/d842c1aed4fef077270deb261453486c\"},\"headline\":\"I Fase del PFV Pitarco\",\"datePublished\":\"2022-04-22T08:53:16+00:00\",\"dateModified\":\"2022-09-20T07:56:29+00:00\",\"mainEntityOfPage\":{\"@id\":\"https:\\\/\\\/www.enerlandgroup.com\\\/es\\\/i-fase-del-pfv-pitarco\\\/\"},\"wordCount\":359,\"commentCount\":0,\"publisher\":{\"@id\":\"https:\\\/\\\/www.enerlandgroup.com\\\/es\\\/#organization\"},\"image\":{\"@id\":\"https:\\\/\\\/www.enerlandgroup.com\\\/es\\\/i-fase-del-pfv-pitarco\\\/#primaryimage\"},\"thumbnailUrl\":\"https:\\\/\\\/www.enerlandgroup.com\\\/wp-content\\\/uploads\\\/2022\\\/05\\\/Noticia-Pitarco-Fase-I.jpg\",\"articleSection\":[\"Noticias\",\"Proyectos Realizados\"],\"inLanguage\":\"es\",\"potentialAction\":[{\"@type\":\"CommentAction\",\"name\":\"Comment\",\"target\":[\"https:\\\/\\\/www.enerlandgroup.com\\\/es\\\/i-fase-del-pfv-pitarco\\\/#respond\"]}]},{\"@type\":[\"WebPage\",\"ItemPage\"],\"@id\":\"https:\\\/\\\/www.enerlandgroup.com\\\/es\\\/i-fase-del-pfv-pitarco\\\/\",\"url\":\"https:\\\/\\\/www.enerlandgroup.com\\\/es\\\/i-fase-del-pfv-pitarco\\\/\",\"name\":\"I Fase del PFV Pitarco - Enerland Energ\u00eda Renovable\",\"isPartOf\":{\"@id\":\"https:\\\/\\\/www.enerlandgroup.com\\\/es\\\/#website\"},\"primaryImageOfPage\":{\"@id\":\"https:\\\/\\\/www.enerlandgroup.com\\\/es\\\/i-fase-del-pfv-pitarco\\\/#primaryimage\"},\"image\":{\"@id\":\"https:\\\/\\\/www.enerlandgroup.com\\\/es\\\/i-fase-del-pfv-pitarco\\\/#primaryimage\"},\"thumbnailUrl\":\"https:\\\/\\\/www.enerlandgroup.com\\\/wp-content\\\/uploads\\\/2022\\\/05\\\/Noticia-Pitarco-Fase-I.jpg\",\"datePublished\":\"2022-04-22T08:53:16+00:00\",\"dateModified\":\"2022-09-20T07:56:29+00:00\",\"description\":\"Os mostramos los avances de I Fase del PFV Pitarco(62 MW) ubicado en Muel. Durante la misma, se ha realizado el acondicionamiento del terreno.\",\"breadcrumb\":{\"@id\":\"https:\\\/\\\/www.enerlandgroup.com\\\/es\\\/i-fase-del-pfv-pitarco\\\/#breadcrumb\"},\"inLanguage\":\"es\",\"potentialAction\":[{\"@type\":\"ReadAction\",\"target\":[\"https:\\\/\\\/www.enerlandgroup.com\\\/es\\\/i-fase-del-pfv-pitarco\\\/\"]}]},{\"@type\":\"ImageObject\",\"inLanguage\":\"es\",\"@id\":\"https:\\\/\\\/www.enerlandgroup.com\\\/es\\\/i-fase-del-pfv-pitarco\\\/#primaryimage\",\"url\":\"https:\\\/\\\/www.enerlandgroup.com\\\/wp-content\\\/uploads\\\/2022\\\/05\\\/Noticia-Pitarco-Fase-I.jpg\",\"contentUrl\":\"https:\\\/\\\/www.enerlandgroup.com\\\/wp-content\\\/uploads\\\/2022\\\/05\\\/Noticia-Pitarco-Fase-I.jpg\",\"width\":1870,\"height\":700,\"caption\":\"I Fase del PFV Pitarco\"},{\"@type\":\"BreadcrumbList\",\"@id\":\"https:\\\/\\\/www.enerlandgroup.com\\\/es\\\/i-fase-del-pfv-pitarco\\\/#breadcrumb\",\"itemListElement\":[{\"@type\":\"ListItem\",\"position\":1,\"name\":\"Inicio\",\"item\":\"https:\\\/\\\/www.enerlandgroup.com\\\/es\\\/\"},{\"@type\":\"ListItem\",\"position\":2,\"name\":\"I Fase del PFV Pitarco\"}]},{\"@type\":\"WebSite\",\"@id\":\"https:\\\/\\\/www.enerlandgroup.com\\\/es\\\/#website\",\"url\":\"https:\\\/\\\/www.enerlandgroup.com\\\/es\\\/\",\"name\":\"Enerland Energ\u00eda Renovable\",\"description\":\"\",\"publisher\":{\"@id\":\"https:\\\/\\\/www.enerlandgroup.com\\\/es\\\/#organization\"},\"potentialAction\":[{\"@type\":\"SearchAction\",\"target\":{\"@type\":\"EntryPoint\",\"urlTemplate\":\"https:\\\/\\\/www.enerlandgroup.com\\\/es\\\/?s={search_term_string}\"},\"query-input\":{\"@type\":\"PropertyValueSpecification\",\"valueRequired\":true,\"valueName\":\"search_term_string\"}}],\"inLanguage\":\"es\"},{\"@type\":\"Organization\",\"@id\":\"https:\\\/\\\/www.enerlandgroup.com\\\/es\\\/#organization\",\"name\":\"Enerland Group\",\"url\":\"https:\\\/\\\/www.enerlandgroup.com\\\/es\\\/\",\"logo\":{\"@type\":\"ImageObject\",\"inLanguage\":\"es\",\"@id\":\"https:\\\/\\\/www.enerlandgroup.com\\\/es\\\/#\\\/schema\\\/logo\\\/image\\\/\",\"url\":\"https:\\\/\\\/www.enerlandgroup.com\\\/wp-content\\\/uploads\\\/2021\\\/05\\\/Logo_Enerland.png\",\"contentUrl\":\"https:\\\/\\\/www.enerlandgroup.com\\\/wp-content\\\/uploads\\\/2021\\\/05\\\/Logo_Enerland.png\",\"width\":184,\"height\":43,\"caption\":\"Enerland Group\"},\"image\":{\"@id\":\"https:\\\/\\\/www.enerlandgroup.com\\\/es\\\/#\\\/schema\\\/logo\\\/image\\\/\"},\"sameAs\":[\"https:\\\/\\\/www.linkedin.com\\\/company\\\/enerland-group\\\/\",\"https:\\\/\\\/www.youtube.com\\\/channel\\\/UCjdInbThgaPa2_D34vRChmA\"]},{\"@type\":\"Person\",\"@id\":\"https:\\\/\\\/www.enerlandgroup.com\\\/es\\\/#\\\/schema\\\/person\\\/d842c1aed4fef077270deb261453486c\",\"name\":\"Pilar\",\"image\":{\"@type\":\"ImageObject\",\"inLanguage\":\"es\",\"@id\":\"https:\\\/\\\/secure.gravatar.com\\\/avatar\\\/3e6e1323210dee16f137d8ab0ce7231001529459c2f5b2e4ec20c72d1fd442dc?s=96&d=mm&r=g\",\"url\":\"https:\\\/\\\/secure.gravatar.com\\\/avatar\\\/3e6e1323210dee16f137d8ab0ce7231001529459c2f5b2e4ec20c72d1fd442dc?s=96&d=mm&r=g\",\"contentUrl\":\"https:\\\/\\\/secure.gravatar.com\\\/avatar\\\/3e6e1323210dee16f137d8ab0ce7231001529459c2f5b2e4ec20c72d1fd442dc?s=96&d=mm&r=g\",\"caption\":\"Pilar\"},\"url\":\"https:\\\/\\\/www.enerlandgroup.com\\\/es\\\/author\\\/enerland\\\/\"}]}<\/script>\n<!-- \/ Yoast SEO plugin. -->","yoast_head_json":{"title":"I Fase del PFV Pitarco - Enerland Energ\u00eda Renovable","description":"Os mostramos los avances de I Fase del PFV Pitarco(62 MW) ubicado en Muel. Durante la misma, se ha realizado el acondicionamiento del terreno.","robots":{"index":"index","follow":"follow","max-snippet":"max-snippet:-1","max-image-preview":"max-image-preview:large","max-video-preview":"max-video-preview:-1"},"canonical":"https:\/\/www.enerlandgroup.com\/es\/i-fase-del-pfv-pitarco\/","og_locale":"es_ES","og_type":"article","og_title":"I Fase del PFV Pitarco - Enerland Energ\u00eda Renovable","og_description":"Os mostramos los avances de I Fase del PFV Pitarco(62 MW) ubicado en Muel. Durante la misma, se ha realizado el acondicionamiento del terreno.","og_url":"https:\/\/www.enerlandgroup.com\/es\/i-fase-del-pfv-pitarco\/","og_site_name":"Enerland Energ\u00eda Renovable","article_published_time":"2022-04-22T08:53:16+00:00","article_modified_time":"2022-09-20T07:56:29+00:00","og_image":[{"width":1870,"height":700,"url":"https:\/\/www.enerlandgroup.com\/wp-content\/uploads\/2022\/05\/Noticia-Pitarco-Fase-I.jpg","type":"image\/jpeg"}],"author":"Pilar","twitter_card":"summary_large_image","schema":{"@context":"https:\/\/schema.org","@graph":[{"@type":"Article","@id":"https:\/\/www.enerlandgroup.com\/es\/i-fase-del-pfv-pitarco\/#article","isPartOf":{"@id":"https:\/\/www.enerlandgroup.com\/es\/i-fase-del-pfv-pitarco\/"},"author":{"name":"Pilar","@id":"https:\/\/www.enerlandgroup.com\/es\/#\/schema\/person\/d842c1aed4fef077270deb261453486c"},"headline":"I Fase del PFV Pitarco","datePublished":"2022-04-22T08:53:16+00:00","dateModified":"2022-09-20T07:56:29+00:00","mainEntityOfPage":{"@id":"https:\/\/www.enerlandgroup.com\/es\/i-fase-del-pfv-pitarco\/"},"wordCount":359,"commentCount":0,"publisher":{"@id":"https:\/\/www.enerlandgroup.com\/es\/#organization"},"image":{"@id":"https:\/\/www.enerlandgroup.com\/es\/i-fase-del-pfv-pitarco\/#primaryimage"},"thumbnailUrl":"https:\/\/www.enerlandgroup.com\/wp-content\/uploads\/2022\/05\/Noticia-Pitarco-Fase-I.jpg","articleSection":["Noticias","Proyectos Realizados"],"inLanguage":"es","potentialAction":[{"@type":"CommentAction","name":"Comment","target":["https:\/\/www.enerlandgroup.com\/es\/i-fase-del-pfv-pitarco\/#respond"]}]},{"@type":["WebPage","ItemPage"],"@id":"https:\/\/www.enerlandgroup.com\/es\/i-fase-del-pfv-pitarco\/","url":"https:\/\/www.enerlandgroup.com\/es\/i-fase-del-pfv-pitarco\/","name":"I Fase del PFV Pitarco - Enerland Energ\u00eda Renovable","isPartOf":{"@id":"https:\/\/www.enerlandgroup.com\/es\/#website"},"primaryImageOfPage":{"@id":"https:\/\/www.enerlandgroup.com\/es\/i-fase-del-pfv-pitarco\/#primaryimage"},"image":{"@id":"https:\/\/www.enerlandgroup.com\/es\/i-fase-del-pfv-pitarco\/#primaryimage"},"thumbnailUrl":"https:\/\/www.enerlandgroup.com\/wp-content\/uploads\/2022\/05\/Noticia-Pitarco-Fase-I.jpg","datePublished":"2022-04-22T08:53:16+00:00","dateModified":"2022-09-20T07:56:29+00:00","description":"Os mostramos los avances de I Fase del PFV Pitarco(62 MW) ubicado en Muel. Durante la misma, se ha realizado el acondicionamiento del terreno.","breadcrumb":{"@id":"https:\/\/www.enerlandgroup.com\/es\/i-fase-del-pfv-pitarco\/#breadcrumb"},"inLanguage":"es","potentialAction":[{"@type":"ReadAction","target":["https:\/\/www.enerlandgroup.com\/es\/i-fase-del-pfv-pitarco\/"]}]},{"@type":"ImageObject","inLanguage":"es","@id":"https:\/\/www.enerlandgroup.com\/es\/i-fase-del-pfv-pitarco\/#primaryimage","url":"https:\/\/www.enerlandgroup.com\/wp-content\/uploads\/2022\/05\/Noticia-Pitarco-Fase-I.jpg","contentUrl":"https:\/\/www.enerlandgroup.com\/wp-content\/uploads\/2022\/05\/Noticia-Pitarco-Fase-I.jpg","width":1870,"height":700,"caption":"I Fase del PFV Pitarco"},{"@type":"BreadcrumbList","@id":"https:\/\/www.enerlandgroup.com\/es\/i-fase-del-pfv-pitarco\/#breadcrumb","itemListElement":[{"@type":"ListItem","position":1,"name":"Inicio","item":"https:\/\/www.enerlandgroup.com\/es\/"},{"@type":"ListItem","position":2,"name":"I Fase del PFV Pitarco"}]},{"@type":"WebSite","@id":"https:\/\/www.enerlandgroup.com\/es\/#website","url":"https:\/\/www.enerlandgroup.com\/es\/","name":"Enerland Energ\u00eda Renovable","description":"","publisher":{"@id":"https:\/\/www.enerlandgroup.com\/es\/#organization"},"potentialAction":[{"@type":"SearchAction","target":{"@type":"EntryPoint","urlTemplate":"https:\/\/www.enerlandgroup.com\/es\/?s={search_term_string}"},"query-input":{"@type":"PropertyValueSpecification","valueRequired":true,"valueName":"search_term_string"}}],"inLanguage":"es"},{"@type":"Organization","@id":"https:\/\/www.enerlandgroup.com\/es\/#organization","name":"Enerland Group","url":"https:\/\/www.enerlandgroup.com\/es\/","logo":{"@type":"ImageObject","inLanguage":"es","@id":"https:\/\/www.enerlandgroup.com\/es\/#\/schema\/logo\/image\/","url":"https:\/\/www.enerlandgroup.com\/wp-content\/uploads\/2021\/05\/Logo_Enerland.png","contentUrl":"https:\/\/www.enerlandgroup.com\/wp-content\/uploads\/2021\/05\/Logo_Enerland.png","width":184,"height":43,"caption":"Enerland Group"},"image":{"@id":"https:\/\/www.enerlandgroup.com\/es\/#\/schema\/logo\/image\/"},"sameAs":["https:\/\/www.linkedin.com\/company\/enerland-group\/","https:\/\/www.youtube.com\/channel\/UCjdInbThgaPa2_D34vRChmA"]},{"@type":"Person","@id":"https:\/\/www.enerlandgroup.com\/es\/#\/schema\/person\/d842c1aed4fef077270deb261453486c","name":"Pilar","image":{"@type":"ImageObject","inLanguage":"es","@id":"https:\/\/secure.gravatar.com\/avatar\/3e6e1323210dee16f137d8ab0ce7231001529459c2f5b2e4ec20c72d1fd442dc?s=96&d=mm&r=g","url":"https:\/\/secure.gravatar.com\/avatar\/3e6e1323210dee16f137d8ab0ce7231001529459c2f5b2e4ec20c72d1fd442dc?s=96&d=mm&r=g","contentUrl":"https:\/\/secure.gravatar.com\/avatar\/3e6e1323210dee16f137d8ab0ce7231001529459c2f5b2e4ec20c72d1fd442dc?s=96&d=mm&r=g","caption":"Pilar"},"url":"https:\/\/www.enerlandgroup.com\/es\/author\/enerland\/"}]}},"jetpack_featured_media_url":"https:\/\/www.enerlandgroup.com\/wp-content\/uploads\/2022\/05\/Noticia-Pitarco-Fase-I.jpg","_links":{"self":[{"href":"https:\/\/www.enerlandgroup.com\/es\/wp-json\/wp\/v2\/posts\/12330","targetHints":{"allow":["GET"]}}],"collection":[{"href":"https:\/\/www.enerlandgroup.com\/es\/wp-json\/wp\/v2\/posts"}],"about":[{"href":"https:\/\/www.enerlandgroup.com\/es\/wp-json\/wp\/v2\/types\/post"}],"author":[{"embeddable":true,"href":"https:\/\/www.enerlandgroup.com\/es\/wp-json\/wp\/v2\/users\/4"}],"replies":[{"embeddable":true,"href":"https:\/\/www.enerlandgroup.com\/es\/wp-json\/wp\/v2\/comments?post=12330"}],"version-history":[{"count":4,"href":"https:\/\/www.enerlandgroup.com\/es\/wp-json\/wp\/v2\/posts\/12330\/revisions"}],"predecessor-version":[{"id":12338,"href":"https:\/\/www.enerlandgroup.com\/es\/wp-json\/wp\/v2\/posts\/12330\/revisions\/12338"}],"wp:featuredmedia":[{"embeddable":true,"href":"https:\/\/www.enerlandgroup.com\/es\/wp-json\/wp\/v2\/media\/12339"}],"wp:attachment":[{"href":"https:\/\/www.enerlandgroup.com\/es\/wp-json\/wp\/v2\/media?parent=12330"}],"wp:term":[{"taxonomy":"category","embeddable":true,"href":"https:\/\/www.enerlandgroup.com\/es\/wp-json\/wp\/v2\/categories?post=12330"},{"taxonomy":"post_tag","embeddable":true,"href":"https:\/\/www.enerlandgroup.com\/es\/wp-json\/wp\/v2\/tags?post=12330"}],"curies":[{"name":"wp","href":"https:\/\/api.w.org\/{rel}","templated":true}]}}