{"id":10838,"date":"2022-07-01T11:55:16","date_gmt":"2022-07-01T09:55:16","guid":{"rendered":"https:\/\/www.enerlandgroup.com\/?p=10838"},"modified":"2022-09-23T09:51:42","modified_gmt":"2022-09-23T07:51:42","slug":"volvemos-a-energyear-lisboa","status":"publish","type":"post","link":"https:\/\/www.enerlandgroup.com\/es\/volvemos-a-energyear-lisboa\/","title":{"rendered":"Volvemos a Energyear Lisboa"},"content":{"rendered":"<h2>Con la vuelta de los eventos, Enerland Group est\u00e1 m\u00e1s presente que nunca: volvemos a Energyear, esta vez, en Lisboa.<\/h2>\n<p>&nbsp;<\/p>\n<p>Ya son varios los eventos de Energyear en los que hemos estado presentes. Hace un a\u00f1o, <a href=\"https:\/\/www.enerlandgroup.com\/es\/energyear-2021-italia\/\">nuestro compa\u00f1ero Salvatore fue ponente en la edici\u00f3n celebrada en Mil\u00e1n, Italia<\/a>. Despu\u00e9s, se sucedieron nuevos encuentros en Colombia, Portugal y Espa\u00f1a. Hace unos d\u00edas anunci\u00e1bamos la visita de nuestros compa\u00f1eros a Energyear Madrid. Ahora, volvemos a Energyear Lisboa. Desde nuestra sede en Portugal, Raquel Freitas acompa\u00f1\u00f3 a Mario Baz, nuestro director comercial a la convenci\u00f3n.<\/p>\n<p>&nbsp;<\/p>\n<h3>Eneryear Lisboa 2022<\/h3>\n<p>M\u00e1s de 50 ponentes expertos se reunieron en la segunda edici\u00f3n del evento celebrada en el pa\u00eds vecino. Con m\u00e1s de trescientos asistentes, el congreso reuni\u00f3 a responsables de todas las fases de la cadena de valor del sector de la energ\u00eda renovable. Igualmente, a ellos se sumaron aquellas personas que siguieron las ponencias virtualmente. A trav\u00e9s de las diferentes ponencias, se intercambiaron diferentes puntos de vista sobre el mercado y las previsiones futuras de desarrollo en Portugal.<\/p>\n<p>El evento tuvo lugar en un emplazamiento privilegiado: el Hotel Four Seasons cuyos espacios habilitados para el <em>networking<\/em> dieron lugar a m\u00e1s de doce horas de reuniones. Gracias a ellas,\u00a0los invitados tuvieron la oportunidad de realizar sinergias, pasar un rato en compa\u00f1\u00eda de sus socios o conocer nuevas opciones para el desarrollo del negocio.<\/p>\n<p>\u00abPese a ser un mercado peque\u00f1o, Portugal tiene los objetivos estrat\u00e9gicos en materia energ\u00e9tica muy claros. A ello, se le suma el inter\u00e9s depositado por muchos profesionales para conseguirlos. En Enerland llevamos presentes en Portugal desde 2019. A trav\u00e9s de nuestras actividades de desarrollo y construcci\u00f3n de parques fotovoltaicos tanto en Utility Scale como modalidad de autoconsumo, nos hemos ido consolidando en el pa\u00eds y tenemos grandes perspectivas de crecimiento para los pr\u00f3ximos a\u00f1os\u00bb.- Mario Baz, director comercial de Enerland Group&amp;<a href=\"http:\/\/www.monticell.es\">Monticell<\/a>.<\/p>\n","protected":false},"excerpt":{"rendered":"<p>Con la vuelta de los eventos, Enerland Group est\u00e1 m\u00e1s presente que nunca: volvemos<\/p>\n","protected":false},"author":4,"featured_media":10841,"comment_status":"open","ping_status":"open","sticky":false,"template":"","format":"standard","meta":{"_et_pb_use_builder":"","_et_pb_old_content":"","_et_gb_content_width":"","footnotes":""},"categories":[23,161],"tags":[],"class_list":["post-10838","post","type-post","status-publish","format-standard","has-post-thumbnail","hentry","category-corporativo","category-noticias"],"yoast_head":"<!-- This site is optimized with the Yoast SEO plugin v27.4 - https:\/\/yoast.com\/product\/yoast-seo-wordpress\/ -->\n<title>Volvemos a Energyear Lisboa - Enerland Energ\u00eda Renovable<\/title>\n<meta name=\"description\" content=\"Hace unos d\u00edas anunci\u00e1bamos la visita de nuestros compa\u00f1eros a Energyear Madrid. Ahora, volvemos a Energyear Lisboa.\" \/>\n<meta name=\"robots\" content=\"index, follow, max-snippet:-1, max-image-preview:large, max-video-preview:-1\" \/>\n<link rel=\"canonical\" href=\"https:\/\/www.enerlandgroup.com\/es\/volvemos-a-energyear-lisboa\/\" \/>\n<meta property=\"og:locale\" content=\"es_ES\" \/>\n<meta property=\"og:type\" content=\"article\" \/>\n<meta property=\"og:title\" content=\"Volvemos a Energyear Lisboa - Enerland Energ\u00eda Renovable\" \/>\n<meta property=\"og:description\" content=\"Hace unos d\u00edas anunci\u00e1bamos la visita de nuestros compa\u00f1eros a Energyear Madrid. Ahora, volvemos a Energyear Lisboa.\" \/>\n<meta property=\"og:url\" content=\"https:\/\/www.enerlandgroup.com\/es\/volvemos-a-energyear-lisboa\/\" \/>\n<meta property=\"og:site_name\" content=\"Enerland Energ\u00eda Renovable\" \/>\n<meta property=\"article:published_time\" content=\"2022-07-01T09:55:16+00:00\" \/>\n<meta property=\"article:modified_time\" content=\"2022-09-23T07:51:42+00:00\" \/>\n<meta property=\"og:image\" content=\"https:\/\/www.enerlandgroup.com\/wp-content\/uploads\/2022\/06\/Imagen_Noticia_Energyear_Portugal_2022.jpg\" \/>\n\t<meta property=\"og:image:width\" content=\"1870\" \/>\n\t<meta property=\"og:image:height\" content=\"700\" \/>\n\t<meta property=\"og:image:type\" content=\"image\/jpeg\" \/>\n<meta name=\"author\" content=\"Pilar\" \/>\n<meta name=\"twitter:card\" content=\"summary_large_image\" \/>\n<script type=\"application\/ld+json\" class=\"yoast-schema-graph\">{\"@context\":\"https:\\\/\\\/schema.org\",\"@graph\":[{\"@type\":\"Article\",\"@id\":\"https:\\\/\\\/www.enerlandgroup.com\\\/es\\\/volvemos-a-energyear-lisboa\\\/#article\",\"isPartOf\":{\"@id\":\"https:\\\/\\\/www.enerlandgroup.com\\\/es\\\/volvemos-a-energyear-lisboa\\\/\"},\"author\":{\"name\":\"Pilar\",\"@id\":\"https:\\\/\\\/www.enerlandgroup.com\\\/es\\\/#\\\/schema\\\/person\\\/d842c1aed4fef077270deb261453486c\"},\"headline\":\"Volvemos a Energyear Lisboa\",\"datePublished\":\"2022-07-01T09:55:16+00:00\",\"dateModified\":\"2022-09-23T07:51:42+00:00\",\"mainEntityOfPage\":{\"@id\":\"https:\\\/\\\/www.enerlandgroup.com\\\/es\\\/volvemos-a-energyear-lisboa\\\/\"},\"wordCount\":343,\"commentCount\":0,\"publisher\":{\"@id\":\"https:\\\/\\\/www.enerlandgroup.com\\\/es\\\/#organization\"},\"image\":{\"@id\":\"https:\\\/\\\/www.enerlandgroup.com\\\/es\\\/volvemos-a-energyear-lisboa\\\/#primaryimage\"},\"thumbnailUrl\":\"https:\\\/\\\/www.enerlandgroup.com\\\/wp-content\\\/uploads\\\/2022\\\/06\\\/Imagen_Noticia_Energyear_Portugal_2022.jpg\",\"articleSection\":[\"Corporativo\",\"Noticias\"],\"inLanguage\":\"es\",\"potentialAction\":[{\"@type\":\"CommentAction\",\"name\":\"Comment\",\"target\":[\"https:\\\/\\\/www.enerlandgroup.com\\\/es\\\/volvemos-a-energyear-lisboa\\\/#respond\"]}]},{\"@type\":[\"WebPage\",\"ItemPage\"],\"@id\":\"https:\\\/\\\/www.enerlandgroup.com\\\/es\\\/volvemos-a-energyear-lisboa\\\/\",\"url\":\"https:\\\/\\\/www.enerlandgroup.com\\\/es\\\/volvemos-a-energyear-lisboa\\\/\",\"name\":\"Volvemos a Energyear Lisboa - Enerland Energ\u00eda Renovable\",\"isPartOf\":{\"@id\":\"https:\\\/\\\/www.enerlandgroup.com\\\/es\\\/#website\"},\"primaryImageOfPage\":{\"@id\":\"https:\\\/\\\/www.enerlandgroup.com\\\/es\\\/volvemos-a-energyear-lisboa\\\/#primaryimage\"},\"image\":{\"@id\":\"https:\\\/\\\/www.enerlandgroup.com\\\/es\\\/volvemos-a-energyear-lisboa\\\/#primaryimage\"},\"thumbnailUrl\":\"https:\\\/\\\/www.enerlandgroup.com\\\/wp-content\\\/uploads\\\/2022\\\/06\\\/Imagen_Noticia_Energyear_Portugal_2022.jpg\",\"datePublished\":\"2022-07-01T09:55:16+00:00\",\"dateModified\":\"2022-09-23T07:51:42+00:00\",\"description\":\"Hace unos d\u00edas anunci\u00e1bamos la visita de nuestros compa\u00f1eros a Energyear Madrid. Ahora, volvemos a Energyear Lisboa.\",\"breadcrumb\":{\"@id\":\"https:\\\/\\\/www.enerlandgroup.com\\\/es\\\/volvemos-a-energyear-lisboa\\\/#breadcrumb\"},\"inLanguage\":\"es\",\"potentialAction\":[{\"@type\":\"ReadAction\",\"target\":[\"https:\\\/\\\/www.enerlandgroup.com\\\/es\\\/volvemos-a-energyear-lisboa\\\/\"]}]},{\"@type\":\"ImageObject\",\"inLanguage\":\"es\",\"@id\":\"https:\\\/\\\/www.enerlandgroup.com\\\/es\\\/volvemos-a-energyear-lisboa\\\/#primaryimage\",\"url\":\"https:\\\/\\\/www.enerlandgroup.com\\\/wp-content\\\/uploads\\\/2022\\\/06\\\/Imagen_Noticia_Energyear_Portugal_2022.jpg\",\"contentUrl\":\"https:\\\/\\\/www.enerlandgroup.com\\\/wp-content\\\/uploads\\\/2022\\\/06\\\/Imagen_Noticia_Energyear_Portugal_2022.jpg\",\"width\":1870,\"height\":700,\"caption\":\"Volvemos a Energyear Lisboa\"},{\"@type\":\"BreadcrumbList\",\"@id\":\"https:\\\/\\\/www.enerlandgroup.com\\\/es\\\/volvemos-a-energyear-lisboa\\\/#breadcrumb\",\"itemListElement\":[{\"@type\":\"ListItem\",\"position\":1,\"name\":\"Inicio\",\"item\":\"https:\\\/\\\/www.enerlandgroup.com\\\/es\\\/\"},{\"@type\":\"ListItem\",\"position\":2,\"name\":\"Volvemos a Energyear Lisboa\"}]},{\"@type\":\"WebSite\",\"@id\":\"https:\\\/\\\/www.enerlandgroup.com\\\/es\\\/#website\",\"url\":\"https:\\\/\\\/www.enerlandgroup.com\\\/es\\\/\",\"name\":\"Enerland Energ\u00eda Renovable\",\"description\":\"\",\"publisher\":{\"@id\":\"https:\\\/\\\/www.enerlandgroup.com\\\/es\\\/#organization\"},\"potentialAction\":[{\"@type\":\"SearchAction\",\"target\":{\"@type\":\"EntryPoint\",\"urlTemplate\":\"https:\\\/\\\/www.enerlandgroup.com\\\/es\\\/?s={search_term_string}\"},\"query-input\":{\"@type\":\"PropertyValueSpecification\",\"valueRequired\":true,\"valueName\":\"search_term_string\"}}],\"inLanguage\":\"es\"},{\"@type\":\"Organization\",\"@id\":\"https:\\\/\\\/www.enerlandgroup.com\\\/es\\\/#organization\",\"name\":\"Enerland Group\",\"url\":\"https:\\\/\\\/www.enerlandgroup.com\\\/es\\\/\",\"logo\":{\"@type\":\"ImageObject\",\"inLanguage\":\"es\",\"@id\":\"https:\\\/\\\/www.enerlandgroup.com\\\/es\\\/#\\\/schema\\\/logo\\\/image\\\/\",\"url\":\"https:\\\/\\\/www.enerlandgroup.com\\\/wp-content\\\/uploads\\\/2021\\\/05\\\/Logo_Enerland.png\",\"contentUrl\":\"https:\\\/\\\/www.enerlandgroup.com\\\/wp-content\\\/uploads\\\/2021\\\/05\\\/Logo_Enerland.png\",\"width\":184,\"height\":43,\"caption\":\"Enerland Group\"},\"image\":{\"@id\":\"https:\\\/\\\/www.enerlandgroup.com\\\/es\\\/#\\\/schema\\\/logo\\\/image\\\/\"},\"sameAs\":[\"https:\\\/\\\/www.linkedin.com\\\/company\\\/enerland-group\\\/\",\"https:\\\/\\\/www.youtube.com\\\/channel\\\/UCjdInbThgaPa2_D34vRChmA\"]},{\"@type\":\"Person\",\"@id\":\"https:\\\/\\\/www.enerlandgroup.com\\\/es\\\/#\\\/schema\\\/person\\\/d842c1aed4fef077270deb261453486c\",\"name\":\"Pilar\",\"image\":{\"@type\":\"ImageObject\",\"inLanguage\":\"es\",\"@id\":\"https:\\\/\\\/secure.gravatar.com\\\/avatar\\\/3e6e1323210dee16f137d8ab0ce7231001529459c2f5b2e4ec20c72d1fd442dc?s=96&d=mm&r=g\",\"url\":\"https:\\\/\\\/secure.gravatar.com\\\/avatar\\\/3e6e1323210dee16f137d8ab0ce7231001529459c2f5b2e4ec20c72d1fd442dc?s=96&d=mm&r=g\",\"contentUrl\":\"https:\\\/\\\/secure.gravatar.com\\\/avatar\\\/3e6e1323210dee16f137d8ab0ce7231001529459c2f5b2e4ec20c72d1fd442dc?s=96&d=mm&r=g\",\"caption\":\"Pilar\"},\"url\":\"https:\\\/\\\/www.enerlandgroup.com\\\/es\\\/author\\\/enerland\\\/\"}]}<\/script>\n<!-- \/ Yoast SEO plugin. -->","yoast_head_json":{"title":"Volvemos a Energyear Lisboa - Enerland Energ\u00eda Renovable","description":"Hace unos d\u00edas anunci\u00e1bamos la visita de nuestros compa\u00f1eros a Energyear Madrid. Ahora, volvemos a Energyear Lisboa.","robots":{"index":"index","follow":"follow","max-snippet":"max-snippet:-1","max-image-preview":"max-image-preview:large","max-video-preview":"max-video-preview:-1"},"canonical":"https:\/\/www.enerlandgroup.com\/es\/volvemos-a-energyear-lisboa\/","og_locale":"es_ES","og_type":"article","og_title":"Volvemos a Energyear Lisboa - Enerland Energ\u00eda Renovable","og_description":"Hace unos d\u00edas anunci\u00e1bamos la visita de nuestros compa\u00f1eros a Energyear Madrid. Ahora, volvemos a Energyear Lisboa.","og_url":"https:\/\/www.enerlandgroup.com\/es\/volvemos-a-energyear-lisboa\/","og_site_name":"Enerland Energ\u00eda Renovable","article_published_time":"2022-07-01T09:55:16+00:00","article_modified_time":"2022-09-23T07:51:42+00:00","og_image":[{"width":1870,"height":700,"url":"https:\/\/www.enerlandgroup.com\/wp-content\/uploads\/2022\/06\/Imagen_Noticia_Energyear_Portugal_2022.jpg","type":"image\/jpeg"}],"author":"Pilar","twitter_card":"summary_large_image","schema":{"@context":"https:\/\/schema.org","@graph":[{"@type":"Article","@id":"https:\/\/www.enerlandgroup.com\/es\/volvemos-a-energyear-lisboa\/#article","isPartOf":{"@id":"https:\/\/www.enerlandgroup.com\/es\/volvemos-a-energyear-lisboa\/"},"author":{"name":"Pilar","@id":"https:\/\/www.enerlandgroup.com\/es\/#\/schema\/person\/d842c1aed4fef077270deb261453486c"},"headline":"Volvemos a Energyear Lisboa","datePublished":"2022-07-01T09:55:16+00:00","dateModified":"2022-09-23T07:51:42+00:00","mainEntityOfPage":{"@id":"https:\/\/www.enerlandgroup.com\/es\/volvemos-a-energyear-lisboa\/"},"wordCount":343,"commentCount":0,"publisher":{"@id":"https:\/\/www.enerlandgroup.com\/es\/#organization"},"image":{"@id":"https:\/\/www.enerlandgroup.com\/es\/volvemos-a-energyear-lisboa\/#primaryimage"},"thumbnailUrl":"https:\/\/www.enerlandgroup.com\/wp-content\/uploads\/2022\/06\/Imagen_Noticia_Energyear_Portugal_2022.jpg","articleSection":["Corporativo","Noticias"],"inLanguage":"es","potentialAction":[{"@type":"CommentAction","name":"Comment","target":["https:\/\/www.enerlandgroup.com\/es\/volvemos-a-energyear-lisboa\/#respond"]}]},{"@type":["WebPage","ItemPage"],"@id":"https:\/\/www.enerlandgroup.com\/es\/volvemos-a-energyear-lisboa\/","url":"https:\/\/www.enerlandgroup.com\/es\/volvemos-a-energyear-lisboa\/","name":"Volvemos a Energyear Lisboa - Enerland Energ\u00eda Renovable","isPartOf":{"@id":"https:\/\/www.enerlandgroup.com\/es\/#website"},"primaryImageOfPage":{"@id":"https:\/\/www.enerlandgroup.com\/es\/volvemos-a-energyear-lisboa\/#primaryimage"},"image":{"@id":"https:\/\/www.enerlandgroup.com\/es\/volvemos-a-energyear-lisboa\/#primaryimage"},"thumbnailUrl":"https:\/\/www.enerlandgroup.com\/wp-content\/uploads\/2022\/06\/Imagen_Noticia_Energyear_Portugal_2022.jpg","datePublished":"2022-07-01T09:55:16+00:00","dateModified":"2022-09-23T07:51:42+00:00","description":"Hace unos d\u00edas anunci\u00e1bamos la visita de nuestros compa\u00f1eros a Energyear Madrid. Ahora, volvemos a Energyear Lisboa.","breadcrumb":{"@id":"https:\/\/www.enerlandgroup.com\/es\/volvemos-a-energyear-lisboa\/#breadcrumb"},"inLanguage":"es","potentialAction":[{"@type":"ReadAction","target":["https:\/\/www.enerlandgroup.com\/es\/volvemos-a-energyear-lisboa\/"]}]},{"@type":"ImageObject","inLanguage":"es","@id":"https:\/\/www.enerlandgroup.com\/es\/volvemos-a-energyear-lisboa\/#primaryimage","url":"https:\/\/www.enerlandgroup.com\/wp-content\/uploads\/2022\/06\/Imagen_Noticia_Energyear_Portugal_2022.jpg","contentUrl":"https:\/\/www.enerlandgroup.com\/wp-content\/uploads\/2022\/06\/Imagen_Noticia_Energyear_Portugal_2022.jpg","width":1870,"height":700,"caption":"Volvemos a Energyear Lisboa"},{"@type":"BreadcrumbList","@id":"https:\/\/www.enerlandgroup.com\/es\/volvemos-a-energyear-lisboa\/#breadcrumb","itemListElement":[{"@type":"ListItem","position":1,"name":"Inicio","item":"https:\/\/www.enerlandgroup.com\/es\/"},{"@type":"ListItem","position":2,"name":"Volvemos a Energyear Lisboa"}]},{"@type":"WebSite","@id":"https:\/\/www.enerlandgroup.com\/es\/#website","url":"https:\/\/www.enerlandgroup.com\/es\/","name":"Enerland Energ\u00eda Renovable","description":"","publisher":{"@id":"https:\/\/www.enerlandgroup.com\/es\/#organization"},"potentialAction":[{"@type":"SearchAction","target":{"@type":"EntryPoint","urlTemplate":"https:\/\/www.enerlandgroup.com\/es\/?s={search_term_string}"},"query-input":{"@type":"PropertyValueSpecification","valueRequired":true,"valueName":"search_term_string"}}],"inLanguage":"es"},{"@type":"Organization","@id":"https:\/\/www.enerlandgroup.com\/es\/#organization","name":"Enerland Group","url":"https:\/\/www.enerlandgroup.com\/es\/","logo":{"@type":"ImageObject","inLanguage":"es","@id":"https:\/\/www.enerlandgroup.com\/es\/#\/schema\/logo\/image\/","url":"https:\/\/www.enerlandgroup.com\/wp-content\/uploads\/2021\/05\/Logo_Enerland.png","contentUrl":"https:\/\/www.enerlandgroup.com\/wp-content\/uploads\/2021\/05\/Logo_Enerland.png","width":184,"height":43,"caption":"Enerland Group"},"image":{"@id":"https:\/\/www.enerlandgroup.com\/es\/#\/schema\/logo\/image\/"},"sameAs":["https:\/\/www.linkedin.com\/company\/enerland-group\/","https:\/\/www.youtube.com\/channel\/UCjdInbThgaPa2_D34vRChmA"]},{"@type":"Person","@id":"https:\/\/www.enerlandgroup.com\/es\/#\/schema\/person\/d842c1aed4fef077270deb261453486c","name":"Pilar","image":{"@type":"ImageObject","inLanguage":"es","@id":"https:\/\/secure.gravatar.com\/avatar\/3e6e1323210dee16f137d8ab0ce7231001529459c2f5b2e4ec20c72d1fd442dc?s=96&d=mm&r=g","url":"https:\/\/secure.gravatar.com\/avatar\/3e6e1323210dee16f137d8ab0ce7231001529459c2f5b2e4ec20c72d1fd442dc?s=96&d=mm&r=g","contentUrl":"https:\/\/secure.gravatar.com\/avatar\/3e6e1323210dee16f137d8ab0ce7231001529459c2f5b2e4ec20c72d1fd442dc?s=96&d=mm&r=g","caption":"Pilar"},"url":"https:\/\/www.enerlandgroup.com\/es\/author\/enerland\/"}]}},"jetpack_featured_media_url":"https:\/\/www.enerlandgroup.com\/wp-content\/uploads\/2022\/06\/Imagen_Noticia_Energyear_Portugal_2022.jpg","_links":{"self":[{"href":"https:\/\/www.enerlandgroup.com\/es\/wp-json\/wp\/v2\/posts\/10838","targetHints":{"allow":["GET"]}}],"collection":[{"href":"https:\/\/www.enerlandgroup.com\/es\/wp-json\/wp\/v2\/posts"}],"about":[{"href":"https:\/\/www.enerlandgroup.com\/es\/wp-json\/wp\/v2\/types\/post"}],"author":[{"embeddable":true,"href":"https:\/\/www.enerlandgroup.com\/es\/wp-json\/wp\/v2\/users\/4"}],"replies":[{"embeddable":true,"href":"https:\/\/www.enerlandgroup.com\/es\/wp-json\/wp\/v2\/comments?post=10838"}],"version-history":[{"count":5,"href":"https:\/\/www.enerlandgroup.com\/es\/wp-json\/wp\/v2\/posts\/10838\/revisions"}],"predecessor-version":[{"id":13152,"href":"https:\/\/www.enerlandgroup.com\/es\/wp-json\/wp\/v2\/posts\/10838\/revisions\/13152"}],"wp:featuredmedia":[{"embeddable":true,"href":"https:\/\/www.enerlandgroup.com\/es\/wp-json\/wp\/v2\/media\/10841"}],"wp:attachment":[{"href":"https:\/\/www.enerlandgroup.com\/es\/wp-json\/wp\/v2\/media?parent=10838"}],"wp:term":[{"taxonomy":"category","embeddable":true,"href":"https:\/\/www.enerlandgroup.com\/es\/wp-json\/wp\/v2\/categories?post=10838"},{"taxonomy":"post_tag","embeddable":true,"href":"https:\/\/www.enerlandgroup.com\/es\/wp-json\/wp\/v2\/tags?post=10838"}],"curies":[{"name":"wp","href":"https:\/\/api.w.org\/{rel}","templated":true}]}}