{"id":10604,"date":"2022-06-28T09:05:14","date_gmt":"2022-06-28T07:05:14","guid":{"rendered":"https:\/\/www.enerlandgroup.com\/?p=10604"},"modified":"2022-09-20T09:59:41","modified_gmt":"2022-09-20T07:59:41","slug":"asistimos-a-renmad-22","status":"publish","type":"post","link":"https:\/\/www.enerlandgroup.com\/es\/asistimos-a-renmad-22\/","title":{"rendered":"Asistimos a RENMAD &#8217;22"},"content":{"rendered":"<h2>Asistimos a RENMAD Almacenamiento 2022, el nuevo congreso del sector energ\u00e9tico cuyo tema principal gir\u00f3 entorno al almacenamiento.<\/h2>\n<p>La jornada se celebr\u00f3 durante los d\u00edas 21 y 22 de junio y tuvo lugar en Toledo, Espa\u00f1a. En Enerland Group asistimos a RENMAD 2022 a trav\u00e9s de nuestra directora de <a href=\"https:\/\/www.enerlandgroup.com\/es\/desarrollo\/\">desarrollos,<\/a> Lorena Hern\u00e1ndez y Jos\u00e9 Alfambra, area manager de LATAM&amp;Spain.<\/p>\n<p>El tema principal gir\u00f3 entorno a diferentes aspectos relacionados con los proyectos de almacenamiento energ\u00e9tico en Espa\u00f1a as\u00ed como de su rentabilidad. C\u00f3mo dise\u00f1arlos, financiarlos, promoverlos, construirlos y operarlos fueron algunas de las conversaciones que tuvieron lugar en RENMAD22.<\/p>\n<p>\u00abCon experiencia previa en este \u00e1mbito, asistimos a RENMAD para conocer las perspectivas de futuro de la tecnolog\u00eda del almacenamiento en nuestro pa\u00eds as\u00ed como el marco normativo que actuar\u00e1 para su regulaci\u00f3n\u00bb- Enerland Group<\/p>\n<p>&nbsp;<\/p>\n<h3>Perspectivas del almacenamiento energ\u00e9tico<\/h3>\n<p>Actualmente, esta tecnolog\u00eda se contempla como un imprescindible para atender el despliegue masivo de las renovables en nuestro pa\u00eds, Espa\u00f1a. Por ello, el Ministerio para la Transici\u00f3n Ecol\u00f3gica y el Reto Demogr\u00e1fico ya est\u00e1 trabajando en un marco normativo para su regulaci\u00f3n. Una vez publicado, se espera el comienzo del despliegue inmediato del almacenamiento en Espa\u00f1a.<\/p>\n<p>Para potenciar el desarrollo de la tecnolog\u00eda del almacenamiento, adem\u00e1s, el gobierno pondr\u00e1 a disposici\u00f3n 600 millones de euros en concepto de ayudas. Tambi\u00e9n, los fondos FEDER financiar\u00e1n con 316 millones de euros los proyectos de energ\u00eda renovable. Ambos impulsos le dar\u00e1n la fuerza necesaria al mercado energ\u00e9tico espa\u00f1ol para el desarrollo tanto de las renovables como del almacenamiento en consecuci\u00f3n de los objetivos marcados para la Agenda 2050 marcados por el <a href=\"https:\/\/www.miteco.gob.es\/es\/prensa\/pniec.aspx\">PNIEC<\/a>.<\/p>\n<p>&nbsp;<\/p>\n<h3>A nivel t\u00e9cnico<\/h3>\n<p>Atendiendo a los aspectos m\u00e1s t\u00e9cnicos del almacenamiento energ\u00e9tico, esta tecnolog\u00eda ya est\u00e1 lista para su uso. En otros pa\u00edses tanto a nivel europeo como internacional, ya se viene empleando con \u00e9xito desde hace algunos a\u00f1os.<\/p>\n<p>Gracias a esta tecnolog\u00eda, se espera que la forma de operar los activos de la generaci\u00f3n el\u00e9ctrica var\u00eden por completo.<\/p>\n<p>&nbsp;<\/p>\n","protected":false},"excerpt":{"rendered":"<p>Asistimos a RENMAD Almacenamiento 2022, el nuevo congreso del sector energ\u00e9tico cuyo tema principal<\/p>\n","protected":false},"author":4,"featured_media":10609,"comment_status":"open","ping_status":"open","sticky":false,"template":"","format":"standard","meta":{"_et_pb_use_builder":"","_et_pb_old_content":"","_et_gb_content_width":"","footnotes":""},"categories":[23,161],"tags":[],"class_list":["post-10604","post","type-post","status-publish","format-standard","has-post-thumbnail","hentry","category-corporativo","category-noticias"],"yoast_head":"<!-- This site is optimized with the Yoast SEO plugin v27.4 - https:\/\/yoast.com\/product\/yoast-seo-wordpress\/ -->\n<title>Asistimos a RENMAD &#039;22 - Enerland Energ\u00eda Renovable<\/title>\n<meta name=\"description\" content=\"Asistimos a RENMAD 2022 de la mano de nuestra directora de desarrollos, Lorena Hern\u00e1ndez y Jos\u00e9 Alfambra, area manager de LATAM&amp;Spain.\" \/>\n<meta name=\"robots\" content=\"index, follow, max-snippet:-1, max-image-preview:large, max-video-preview:-1\" \/>\n<link rel=\"canonical\" href=\"https:\/\/www.enerlandgroup.com\/es\/asistimos-a-renmad-22\/\" \/>\n<meta property=\"og:locale\" content=\"es_ES\" \/>\n<meta property=\"og:type\" content=\"article\" \/>\n<meta property=\"og:title\" content=\"Asistimos a RENMAD &#039;22 - Enerland Energ\u00eda Renovable\" \/>\n<meta property=\"og:description\" content=\"Asistimos a RENMAD 2022 de la mano de nuestra directora de desarrollos, Lorena Hern\u00e1ndez y Jos\u00e9 Alfambra, area manager de LATAM&amp;Spain.\" \/>\n<meta property=\"og:url\" content=\"https:\/\/www.enerlandgroup.com\/es\/asistimos-a-renmad-22\/\" \/>\n<meta property=\"og:site_name\" content=\"Enerland Energ\u00eda Renovable\" \/>\n<meta property=\"article:published_time\" content=\"2022-06-28T07:05:14+00:00\" \/>\n<meta property=\"article:modified_time\" content=\"2022-09-20T07:59:41+00:00\" \/>\n<meta property=\"og:image\" content=\"https:\/\/www.enerlandgroup.com\/wp-content\/uploads\/2022\/06\/Post_web_RENMAD.jpg\" \/>\n\t<meta property=\"og:image:width\" content=\"1870\" \/>\n\t<meta property=\"og:image:height\" content=\"700\" \/>\n\t<meta property=\"og:image:type\" content=\"image\/jpeg\" \/>\n<meta name=\"author\" content=\"Pilar\" \/>\n<meta name=\"twitter:card\" content=\"summary_large_image\" \/>\n<script type=\"application\/ld+json\" class=\"yoast-schema-graph\">{\"@context\":\"https:\\\/\\\/schema.org\",\"@graph\":[{\"@type\":\"Article\",\"@id\":\"https:\\\/\\\/www.enerlandgroup.com\\\/es\\\/asistimos-a-renmad-22\\\/#article\",\"isPartOf\":{\"@id\":\"https:\\\/\\\/www.enerlandgroup.com\\\/es\\\/asistimos-a-renmad-22\\\/\"},\"author\":{\"name\":\"Pilar\",\"@id\":\"https:\\\/\\\/www.enerlandgroup.com\\\/es\\\/#\\\/schema\\\/person\\\/d842c1aed4fef077270deb261453486c\"},\"headline\":\"Asistimos a RENMAD &#8217;22\",\"datePublished\":\"2022-06-28T07:05:14+00:00\",\"dateModified\":\"2022-09-20T07:59:41+00:00\",\"mainEntityOfPage\":{\"@id\":\"https:\\\/\\\/www.enerlandgroup.com\\\/es\\\/asistimos-a-renmad-22\\\/\"},\"wordCount\":369,\"commentCount\":0,\"publisher\":{\"@id\":\"https:\\\/\\\/www.enerlandgroup.com\\\/es\\\/#organization\"},\"image\":{\"@id\":\"https:\\\/\\\/www.enerlandgroup.com\\\/es\\\/asistimos-a-renmad-22\\\/#primaryimage\"},\"thumbnailUrl\":\"https:\\\/\\\/www.enerlandgroup.com\\\/wp-content\\\/uploads\\\/2022\\\/06\\\/Post_web_RENMAD.jpg\",\"articleSection\":[\"Corporativo\",\"Noticias\"],\"inLanguage\":\"es\",\"potentialAction\":[{\"@type\":\"CommentAction\",\"name\":\"Comment\",\"target\":[\"https:\\\/\\\/www.enerlandgroup.com\\\/es\\\/asistimos-a-renmad-22\\\/#respond\"]}]},{\"@type\":[\"WebPage\",\"ItemPage\"],\"@id\":\"https:\\\/\\\/www.enerlandgroup.com\\\/es\\\/asistimos-a-renmad-22\\\/\",\"url\":\"https:\\\/\\\/www.enerlandgroup.com\\\/es\\\/asistimos-a-renmad-22\\\/\",\"name\":\"Asistimos a RENMAD '22 - Enerland Energ\u00eda Renovable\",\"isPartOf\":{\"@id\":\"https:\\\/\\\/www.enerlandgroup.com\\\/es\\\/#website\"},\"primaryImageOfPage\":{\"@id\":\"https:\\\/\\\/www.enerlandgroup.com\\\/es\\\/asistimos-a-renmad-22\\\/#primaryimage\"},\"image\":{\"@id\":\"https:\\\/\\\/www.enerlandgroup.com\\\/es\\\/asistimos-a-renmad-22\\\/#primaryimage\"},\"thumbnailUrl\":\"https:\\\/\\\/www.enerlandgroup.com\\\/wp-content\\\/uploads\\\/2022\\\/06\\\/Post_web_RENMAD.jpg\",\"datePublished\":\"2022-06-28T07:05:14+00:00\",\"dateModified\":\"2022-09-20T07:59:41+00:00\",\"description\":\"Asistimos a RENMAD 2022 de la mano de nuestra directora de desarrollos, Lorena Hern\u00e1ndez y Jos\u00e9 Alfambra, area manager de LATAM&Spain.\",\"breadcrumb\":{\"@id\":\"https:\\\/\\\/www.enerlandgroup.com\\\/es\\\/asistimos-a-renmad-22\\\/#breadcrumb\"},\"inLanguage\":\"es\",\"potentialAction\":[{\"@type\":\"ReadAction\",\"target\":[\"https:\\\/\\\/www.enerlandgroup.com\\\/es\\\/asistimos-a-renmad-22\\\/\"]}]},{\"@type\":\"ImageObject\",\"inLanguage\":\"es\",\"@id\":\"https:\\\/\\\/www.enerlandgroup.com\\\/es\\\/asistimos-a-renmad-22\\\/#primaryimage\",\"url\":\"https:\\\/\\\/www.enerlandgroup.com\\\/wp-content\\\/uploads\\\/2022\\\/06\\\/Post_web_RENMAD.jpg\",\"contentUrl\":\"https:\\\/\\\/www.enerlandgroup.com\\\/wp-content\\\/uploads\\\/2022\\\/06\\\/Post_web_RENMAD.jpg\",\"width\":1870,\"height\":700,\"caption\":\"Asistimos a RENMAD: Lorena Hern\u00e1ndez y Jos\u00e9 Alfambra Subias\"},{\"@type\":\"BreadcrumbList\",\"@id\":\"https:\\\/\\\/www.enerlandgroup.com\\\/es\\\/asistimos-a-renmad-22\\\/#breadcrumb\",\"itemListElement\":[{\"@type\":\"ListItem\",\"position\":1,\"name\":\"Inicio\",\"item\":\"https:\\\/\\\/www.enerlandgroup.com\\\/es\\\/\"},{\"@type\":\"ListItem\",\"position\":2,\"name\":\"Asistimos a RENMAD &#8217;22\"}]},{\"@type\":\"WebSite\",\"@id\":\"https:\\\/\\\/www.enerlandgroup.com\\\/es\\\/#website\",\"url\":\"https:\\\/\\\/www.enerlandgroup.com\\\/es\\\/\",\"name\":\"Enerland Energ\u00eda Renovable\",\"description\":\"\",\"publisher\":{\"@id\":\"https:\\\/\\\/www.enerlandgroup.com\\\/es\\\/#organization\"},\"potentialAction\":[{\"@type\":\"SearchAction\",\"target\":{\"@type\":\"EntryPoint\",\"urlTemplate\":\"https:\\\/\\\/www.enerlandgroup.com\\\/es\\\/?s={search_term_string}\"},\"query-input\":{\"@type\":\"PropertyValueSpecification\",\"valueRequired\":true,\"valueName\":\"search_term_string\"}}],\"inLanguage\":\"es\"},{\"@type\":\"Organization\",\"@id\":\"https:\\\/\\\/www.enerlandgroup.com\\\/es\\\/#organization\",\"name\":\"Enerland Group\",\"url\":\"https:\\\/\\\/www.enerlandgroup.com\\\/es\\\/\",\"logo\":{\"@type\":\"ImageObject\",\"inLanguage\":\"es\",\"@id\":\"https:\\\/\\\/www.enerlandgroup.com\\\/es\\\/#\\\/schema\\\/logo\\\/image\\\/\",\"url\":\"https:\\\/\\\/www.enerlandgroup.com\\\/wp-content\\\/uploads\\\/2021\\\/05\\\/Logo_Enerland.png\",\"contentUrl\":\"https:\\\/\\\/www.enerlandgroup.com\\\/wp-content\\\/uploads\\\/2021\\\/05\\\/Logo_Enerland.png\",\"width\":184,\"height\":43,\"caption\":\"Enerland Group\"},\"image\":{\"@id\":\"https:\\\/\\\/www.enerlandgroup.com\\\/es\\\/#\\\/schema\\\/logo\\\/image\\\/\"},\"sameAs\":[\"https:\\\/\\\/www.linkedin.com\\\/company\\\/enerland-group\\\/\",\"https:\\\/\\\/www.youtube.com\\\/channel\\\/UCjdInbThgaPa2_D34vRChmA\"]},{\"@type\":\"Person\",\"@id\":\"https:\\\/\\\/www.enerlandgroup.com\\\/es\\\/#\\\/schema\\\/person\\\/d842c1aed4fef077270deb261453486c\",\"name\":\"Pilar\",\"image\":{\"@type\":\"ImageObject\",\"inLanguage\":\"es\",\"@id\":\"https:\\\/\\\/secure.gravatar.com\\\/avatar\\\/3e6e1323210dee16f137d8ab0ce7231001529459c2f5b2e4ec20c72d1fd442dc?s=96&d=mm&r=g\",\"url\":\"https:\\\/\\\/secure.gravatar.com\\\/avatar\\\/3e6e1323210dee16f137d8ab0ce7231001529459c2f5b2e4ec20c72d1fd442dc?s=96&d=mm&r=g\",\"contentUrl\":\"https:\\\/\\\/secure.gravatar.com\\\/avatar\\\/3e6e1323210dee16f137d8ab0ce7231001529459c2f5b2e4ec20c72d1fd442dc?s=96&d=mm&r=g\",\"caption\":\"Pilar\"},\"url\":\"https:\\\/\\\/www.enerlandgroup.com\\\/es\\\/author\\\/enerland\\\/\"}]}<\/script>\n<!-- \/ Yoast SEO plugin. -->","yoast_head_json":{"title":"Asistimos a RENMAD '22 - Enerland Energ\u00eda Renovable","description":"Asistimos a RENMAD 2022 de la mano de nuestra directora de desarrollos, Lorena Hern\u00e1ndez y Jos\u00e9 Alfambra, area manager de LATAM&Spain.","robots":{"index":"index","follow":"follow","max-snippet":"max-snippet:-1","max-image-preview":"max-image-preview:large","max-video-preview":"max-video-preview:-1"},"canonical":"https:\/\/www.enerlandgroup.com\/es\/asistimos-a-renmad-22\/","og_locale":"es_ES","og_type":"article","og_title":"Asistimos a RENMAD '22 - Enerland Energ\u00eda Renovable","og_description":"Asistimos a RENMAD 2022 de la mano de nuestra directora de desarrollos, Lorena Hern\u00e1ndez y Jos\u00e9 Alfambra, area manager de LATAM&Spain.","og_url":"https:\/\/www.enerlandgroup.com\/es\/asistimos-a-renmad-22\/","og_site_name":"Enerland Energ\u00eda Renovable","article_published_time":"2022-06-28T07:05:14+00:00","article_modified_time":"2022-09-20T07:59:41+00:00","og_image":[{"width":1870,"height":700,"url":"https:\/\/www.enerlandgroup.com\/wp-content\/uploads\/2022\/06\/Post_web_RENMAD.jpg","type":"image\/jpeg"}],"author":"Pilar","twitter_card":"summary_large_image","schema":{"@context":"https:\/\/schema.org","@graph":[{"@type":"Article","@id":"https:\/\/www.enerlandgroup.com\/es\/asistimos-a-renmad-22\/#article","isPartOf":{"@id":"https:\/\/www.enerlandgroup.com\/es\/asistimos-a-renmad-22\/"},"author":{"name":"Pilar","@id":"https:\/\/www.enerlandgroup.com\/es\/#\/schema\/person\/d842c1aed4fef077270deb261453486c"},"headline":"Asistimos a RENMAD &#8217;22","datePublished":"2022-06-28T07:05:14+00:00","dateModified":"2022-09-20T07:59:41+00:00","mainEntityOfPage":{"@id":"https:\/\/www.enerlandgroup.com\/es\/asistimos-a-renmad-22\/"},"wordCount":369,"commentCount":0,"publisher":{"@id":"https:\/\/www.enerlandgroup.com\/es\/#organization"},"image":{"@id":"https:\/\/www.enerlandgroup.com\/es\/asistimos-a-renmad-22\/#primaryimage"},"thumbnailUrl":"https:\/\/www.enerlandgroup.com\/wp-content\/uploads\/2022\/06\/Post_web_RENMAD.jpg","articleSection":["Corporativo","Noticias"],"inLanguage":"es","potentialAction":[{"@type":"CommentAction","name":"Comment","target":["https:\/\/www.enerlandgroup.com\/es\/asistimos-a-renmad-22\/#respond"]}]},{"@type":["WebPage","ItemPage"],"@id":"https:\/\/www.enerlandgroup.com\/es\/asistimos-a-renmad-22\/","url":"https:\/\/www.enerlandgroup.com\/es\/asistimos-a-renmad-22\/","name":"Asistimos a RENMAD '22 - Enerland Energ\u00eda Renovable","isPartOf":{"@id":"https:\/\/www.enerlandgroup.com\/es\/#website"},"primaryImageOfPage":{"@id":"https:\/\/www.enerlandgroup.com\/es\/asistimos-a-renmad-22\/#primaryimage"},"image":{"@id":"https:\/\/www.enerlandgroup.com\/es\/asistimos-a-renmad-22\/#primaryimage"},"thumbnailUrl":"https:\/\/www.enerlandgroup.com\/wp-content\/uploads\/2022\/06\/Post_web_RENMAD.jpg","datePublished":"2022-06-28T07:05:14+00:00","dateModified":"2022-09-20T07:59:41+00:00","description":"Asistimos a RENMAD 2022 de la mano de nuestra directora de desarrollos, Lorena Hern\u00e1ndez y Jos\u00e9 Alfambra, area manager de LATAM&Spain.","breadcrumb":{"@id":"https:\/\/www.enerlandgroup.com\/es\/asistimos-a-renmad-22\/#breadcrumb"},"inLanguage":"es","potentialAction":[{"@type":"ReadAction","target":["https:\/\/www.enerlandgroup.com\/es\/asistimos-a-renmad-22\/"]}]},{"@type":"ImageObject","inLanguage":"es","@id":"https:\/\/www.enerlandgroup.com\/es\/asistimos-a-renmad-22\/#primaryimage","url":"https:\/\/www.enerlandgroup.com\/wp-content\/uploads\/2022\/06\/Post_web_RENMAD.jpg","contentUrl":"https:\/\/www.enerlandgroup.com\/wp-content\/uploads\/2022\/06\/Post_web_RENMAD.jpg","width":1870,"height":700,"caption":"Asistimos a RENMAD: Lorena Hern\u00e1ndez y Jos\u00e9 Alfambra Subias"},{"@type":"BreadcrumbList","@id":"https:\/\/www.enerlandgroup.com\/es\/asistimos-a-renmad-22\/#breadcrumb","itemListElement":[{"@type":"ListItem","position":1,"name":"Inicio","item":"https:\/\/www.enerlandgroup.com\/es\/"},{"@type":"ListItem","position":2,"name":"Asistimos a RENMAD &#8217;22"}]},{"@type":"WebSite","@id":"https:\/\/www.enerlandgroup.com\/es\/#website","url":"https:\/\/www.enerlandgroup.com\/es\/","name":"Enerland Energ\u00eda Renovable","description":"","publisher":{"@id":"https:\/\/www.enerlandgroup.com\/es\/#organization"},"potentialAction":[{"@type":"SearchAction","target":{"@type":"EntryPoint","urlTemplate":"https:\/\/www.enerlandgroup.com\/es\/?s={search_term_string}"},"query-input":{"@type":"PropertyValueSpecification","valueRequired":true,"valueName":"search_term_string"}}],"inLanguage":"es"},{"@type":"Organization","@id":"https:\/\/www.enerlandgroup.com\/es\/#organization","name":"Enerland Group","url":"https:\/\/www.enerlandgroup.com\/es\/","logo":{"@type":"ImageObject","inLanguage":"es","@id":"https:\/\/www.enerlandgroup.com\/es\/#\/schema\/logo\/image\/","url":"https:\/\/www.enerlandgroup.com\/wp-content\/uploads\/2021\/05\/Logo_Enerland.png","contentUrl":"https:\/\/www.enerlandgroup.com\/wp-content\/uploads\/2021\/05\/Logo_Enerland.png","width":184,"height":43,"caption":"Enerland Group"},"image":{"@id":"https:\/\/www.enerlandgroup.com\/es\/#\/schema\/logo\/image\/"},"sameAs":["https:\/\/www.linkedin.com\/company\/enerland-group\/","https:\/\/www.youtube.com\/channel\/UCjdInbThgaPa2_D34vRChmA"]},{"@type":"Person","@id":"https:\/\/www.enerlandgroup.com\/es\/#\/schema\/person\/d842c1aed4fef077270deb261453486c","name":"Pilar","image":{"@type":"ImageObject","inLanguage":"es","@id":"https:\/\/secure.gravatar.com\/avatar\/3e6e1323210dee16f137d8ab0ce7231001529459c2f5b2e4ec20c72d1fd442dc?s=96&d=mm&r=g","url":"https:\/\/secure.gravatar.com\/avatar\/3e6e1323210dee16f137d8ab0ce7231001529459c2f5b2e4ec20c72d1fd442dc?s=96&d=mm&r=g","contentUrl":"https:\/\/secure.gravatar.com\/avatar\/3e6e1323210dee16f137d8ab0ce7231001529459c2f5b2e4ec20c72d1fd442dc?s=96&d=mm&r=g","caption":"Pilar"},"url":"https:\/\/www.enerlandgroup.com\/es\/author\/enerland\/"}]}},"jetpack_featured_media_url":"https:\/\/www.enerlandgroup.com\/wp-content\/uploads\/2022\/06\/Post_web_RENMAD.jpg","_links":{"self":[{"href":"https:\/\/www.enerlandgroup.com\/es\/wp-json\/wp\/v2\/posts\/10604","targetHints":{"allow":["GET"]}}],"collection":[{"href":"https:\/\/www.enerlandgroup.com\/es\/wp-json\/wp\/v2\/posts"}],"about":[{"href":"https:\/\/www.enerlandgroup.com\/es\/wp-json\/wp\/v2\/types\/post"}],"author":[{"embeddable":true,"href":"https:\/\/www.enerlandgroup.com\/es\/wp-json\/wp\/v2\/users\/4"}],"replies":[{"embeddable":true,"href":"https:\/\/www.enerlandgroup.com\/es\/wp-json\/wp\/v2\/comments?post=10604"}],"version-history":[{"count":3,"href":"https:\/\/www.enerlandgroup.com\/es\/wp-json\/wp\/v2\/posts\/10604\/revisions"}],"predecessor-version":[{"id":10978,"href":"https:\/\/www.enerlandgroup.com\/es\/wp-json\/wp\/v2\/posts\/10604\/revisions\/10978"}],"wp:featuredmedia":[{"embeddable":true,"href":"https:\/\/www.enerlandgroup.com\/es\/wp-json\/wp\/v2\/media\/10609"}],"wp:attachment":[{"href":"https:\/\/www.enerlandgroup.com\/es\/wp-json\/wp\/v2\/media?parent=10604"}],"wp:term":[{"taxonomy":"category","embeddable":true,"href":"https:\/\/www.enerlandgroup.com\/es\/wp-json\/wp\/v2\/categories?post=10604"},{"taxonomy":"post_tag","embeddable":true,"href":"https:\/\/www.enerlandgroup.com\/es\/wp-json\/wp\/v2\/tags?post=10604"}],"curies":[{"name":"wp","href":"https:\/\/api.w.org\/{rel}","templated":true}]}}