{"id":10571,"date":"2022-06-21T09:00:11","date_gmt":"2022-06-21T07:00:11","guid":{"rendered":"https:\/\/www.enerlandgroup.com\/?p=10571"},"modified":"2022-09-20T09:59:34","modified_gmt":"2022-09-20T07:59:34","slug":"enerland-group-genera-2022","status":"publish","type":"post","link":"https:\/\/www.enerlandgroup.com\/es\/enerland-group-genera-2022\/","title":{"rendered":"Enerland Group asiste a Genera 2022"},"content":{"rendered":"<h2>La semana pasada Enerland Group asisti\u00f3 a Genera 2022. La jornada tuvo lugar del 14 al 16 de junio, en el Recinto Ferial de IFEMA, en Madrid.<\/h2>\n<p>&nbsp;<\/p>\n<p>La semana pasada Enerland Group asisti\u00f3 a Genera 2022. Este a\u00f1o la jornada tuvo lugar del 14 al 16 de junio, en el Recinto Ferial de IFEMA, en Madrid. En total fueron 256 empresas, incluidas 59 extranjeras, las que asistieron al evento de forma presencial. Adem\u00e1s, m\u00e1s de 20.000 visitantes acudieron para obtener una visi\u00f3n conjunta de toda la oferta existente en el mercado de la energ\u00eda renovable.<\/p>\n<p>Como representantes de <a href=\"https:\/\/www.enerlandgroup.com\/es\/\">Enerland<\/a> y <a href=\"http:\/\/www.monticell.es\">Monticell<\/a> asistieron nuestros compa\u00f1eros Mario Baz e Ismael Mel\u00fas, director comercial y responsable de IT respectivamente. \u00abGenera &#8217;22 ha mostrado la pujanza que existe en el mercado espa\u00f1ol de la generaci\u00f3n distribuida, siendo en estos momentos uno de los principales mercados europeos. Hemos tenido la oportunidad de reunirnos con diferentes <em>partners<\/em> que nos ayudan a ser uno de los proveedores de soluciones EPC, PPA y explotaci\u00f3n de cubierta fotovoltaica de referencia del <a href=\"https:\/\/monticell.es\/es\/\">autoconsumo industrial y comercial<\/a>\u00ab.<\/p>\n<p>Estos encuentros no solo nos ayudan a impulsar la transici\u00f3n hacia una energ\u00eda m\u00e1s limpia y eficiente. Tambi\u00e9n nos permiten descarbonizar la econom\u00eda y acelerar la incorporaci\u00f3n de energ\u00edas renovables al sistema el\u00e9ctrico modernizando las interconexiones.<\/p>\n<p>&nbsp;<\/p>\n<h3>Sobre la Feria Genera &#8217;22<\/h3>\n<p><a href=\"https:\/\/www.ifema.es\/genera\">GENERA est\u00e1 dirigida a un\u00a0amplio colectivo de profesionales de consultor\u00edas, ingenier\u00edas, construcci\u00f3n y comercio<\/a>. A trav\u00e9s de este encuentro, se pueden fortalecer relaciones comerciales con actuales y potenciales proveedores. Adem\u00e1s de la exposici\u00f3n comercial, se desarrollar\u00e1 un completo programa de jornadas t\u00e9cnicas y mesas redondas. Estas tendr\u00e1n como ejes la incorporaci\u00f3n activa de nuevos actores; las comunidades energ\u00e9ticas locales; el \u00e1mbito rural; las novedades en normativas aplicadas al sector; la importancia del ahorro energ\u00e9tico y la eficiencia; la necesidad de comunicar mejor, y el liderazgo del pa\u00eds en el campo de las energ\u00edas renovables, el talento en el sector, la calidad en los procesos y el avance en tecnolog\u00edas. Junto la plataforma Live Connect permite al sector estar interconectado los 365 d\u00edas del a\u00f1o.<\/p>\n","protected":false},"excerpt":{"rendered":"<p>La semana pasada Enerland Group asisti\u00f3 a Genera 2022. La jornada tuvo lugar del<\/p>\n","protected":false},"author":11,"featured_media":10572,"comment_status":"open","ping_status":"open","sticky":false,"template":"","format":"standard","meta":{"_et_pb_use_builder":"","_et_pb_old_content":"","_et_gb_content_width":"","footnotes":""},"categories":[23,161],"tags":[176,187],"class_list":["post-10571","post","type-post","status-publish","format-standard","has-post-thumbnail","hentry","category-corporativo","category-noticias","tag-evento","tag-feria"],"yoast_head":"<!-- This site is optimized with the Yoast SEO plugin v27.4 - https:\/\/yoast.com\/product\/yoast-seo-wordpress\/ -->\n<title>Enerland Group asiste a Genera 2022 - Enerland Energ\u00eda Renovable<\/title>\n<meta name=\"description\" content=\"Enerland Group asisti\u00f3 a Genera 2022. La jornada tuvo lugar del 14 al 16 de junio, en el Recinto Ferial de IFEMA, en Madrid.\" \/>\n<meta name=\"robots\" content=\"index, follow, max-snippet:-1, max-image-preview:large, max-video-preview:-1\" \/>\n<link rel=\"canonical\" href=\"https:\/\/www.enerlandgroup.com\/es\/enerland-group-genera-2022\/\" \/>\n<meta property=\"og:locale\" content=\"es_ES\" \/>\n<meta property=\"og:type\" content=\"article\" \/>\n<meta property=\"og:title\" content=\"Enerland Group asiste a Genera 2022 - Enerland Energ\u00eda Renovable\" \/>\n<meta property=\"og:description\" content=\"Enerland Group asisti\u00f3 a Genera 2022. La jornada tuvo lugar del 14 al 16 de junio, en el Recinto Ferial de IFEMA, en Madrid.\" \/>\n<meta property=\"og:url\" content=\"https:\/\/www.enerlandgroup.com\/es\/enerland-group-genera-2022\/\" \/>\n<meta property=\"og:site_name\" content=\"Enerland Energ\u00eda Renovable\" \/>\n<meta property=\"article:published_time\" content=\"2022-06-21T07:00:11+00:00\" \/>\n<meta property=\"article:modified_time\" content=\"2022-09-20T07:59:34+00:00\" \/>\n<meta property=\"og:image\" content=\"https:\/\/www.enerlandgroup.com\/wp-content\/uploads\/2022\/06\/Noticia-Genero-2022.jpg\" \/>\n\t<meta property=\"og:image:width\" content=\"1870\" \/>\n\t<meta property=\"og:image:height\" content=\"700\" \/>\n\t<meta property=\"og:image:type\" content=\"image\/jpeg\" \/>\n<meta name=\"author\" content=\"Ana\" \/>\n<meta name=\"twitter:card\" content=\"summary_large_image\" \/>\n<script type=\"application\/ld+json\" class=\"yoast-schema-graph\">{\"@context\":\"https:\\\/\\\/schema.org\",\"@graph\":[{\"@type\":\"Article\",\"@id\":\"https:\\\/\\\/www.enerlandgroup.com\\\/es\\\/enerland-group-genera-2022\\\/#article\",\"isPartOf\":{\"@id\":\"https:\\\/\\\/www.enerlandgroup.com\\\/es\\\/enerland-group-genera-2022\\\/\"},\"author\":{\"name\":\"Ana\",\"@id\":\"https:\\\/\\\/www.enerlandgroup.com\\\/es\\\/#\\\/schema\\\/person\\\/ff4846e816b3f94eb665e1da0854e1b8\"},\"headline\":\"Enerland Group asiste a Genera 2022\",\"datePublished\":\"2022-06-21T07:00:11+00:00\",\"dateModified\":\"2022-09-20T07:59:34+00:00\",\"mainEntityOfPage\":{\"@id\":\"https:\\\/\\\/www.enerlandgroup.com\\\/es\\\/enerland-group-genera-2022\\\/\"},\"wordCount\":371,\"commentCount\":0,\"publisher\":{\"@id\":\"https:\\\/\\\/www.enerlandgroup.com\\\/es\\\/#organization\"},\"image\":{\"@id\":\"https:\\\/\\\/www.enerlandgroup.com\\\/es\\\/enerland-group-genera-2022\\\/#primaryimage\"},\"thumbnailUrl\":\"https:\\\/\\\/www.enerlandgroup.com\\\/wp-content\\\/uploads\\\/2022\\\/06\\\/Noticia-Genero-2022.jpg\",\"keywords\":[\"Evento\",\"feria\"],\"articleSection\":[\"Corporativo\",\"Noticias\"],\"inLanguage\":\"es\",\"potentialAction\":[{\"@type\":\"CommentAction\",\"name\":\"Comment\",\"target\":[\"https:\\\/\\\/www.enerlandgroup.com\\\/es\\\/enerland-group-genera-2022\\\/#respond\"]}]},{\"@type\":[\"WebPage\",\"ItemPage\"],\"@id\":\"https:\\\/\\\/www.enerlandgroup.com\\\/es\\\/enerland-group-genera-2022\\\/\",\"url\":\"https:\\\/\\\/www.enerlandgroup.com\\\/es\\\/enerland-group-genera-2022\\\/\",\"name\":\"Enerland Group asiste a Genera 2022 - Enerland Energ\u00eda Renovable\",\"isPartOf\":{\"@id\":\"https:\\\/\\\/www.enerlandgroup.com\\\/es\\\/#website\"},\"primaryImageOfPage\":{\"@id\":\"https:\\\/\\\/www.enerlandgroup.com\\\/es\\\/enerland-group-genera-2022\\\/#primaryimage\"},\"image\":{\"@id\":\"https:\\\/\\\/www.enerlandgroup.com\\\/es\\\/enerland-group-genera-2022\\\/#primaryimage\"},\"thumbnailUrl\":\"https:\\\/\\\/www.enerlandgroup.com\\\/wp-content\\\/uploads\\\/2022\\\/06\\\/Noticia-Genero-2022.jpg\",\"datePublished\":\"2022-06-21T07:00:11+00:00\",\"dateModified\":\"2022-09-20T07:59:34+00:00\",\"description\":\"Enerland Group asisti\u00f3 a Genera 2022. La jornada tuvo lugar del 14 al 16 de junio, en el Recinto Ferial de IFEMA, en Madrid.\",\"breadcrumb\":{\"@id\":\"https:\\\/\\\/www.enerlandgroup.com\\\/es\\\/enerland-group-genera-2022\\\/#breadcrumb\"},\"inLanguage\":\"es\",\"potentialAction\":[{\"@type\":\"ReadAction\",\"target\":[\"https:\\\/\\\/www.enerlandgroup.com\\\/es\\\/enerland-group-genera-2022\\\/\"]}]},{\"@type\":\"ImageObject\",\"inLanguage\":\"es\",\"@id\":\"https:\\\/\\\/www.enerlandgroup.com\\\/es\\\/enerland-group-genera-2022\\\/#primaryimage\",\"url\":\"https:\\\/\\\/www.enerlandgroup.com\\\/wp-content\\\/uploads\\\/2022\\\/06\\\/Noticia-Genero-2022.jpg\",\"contentUrl\":\"https:\\\/\\\/www.enerlandgroup.com\\\/wp-content\\\/uploads\\\/2022\\\/06\\\/Noticia-Genero-2022.jpg\",\"width\":1870,\"height\":700,\"caption\":\"Enerland Group Genera 2022\"},{\"@type\":\"BreadcrumbList\",\"@id\":\"https:\\\/\\\/www.enerlandgroup.com\\\/es\\\/enerland-group-genera-2022\\\/#breadcrumb\",\"itemListElement\":[{\"@type\":\"ListItem\",\"position\":1,\"name\":\"Inicio\",\"item\":\"https:\\\/\\\/www.enerlandgroup.com\\\/es\\\/\"},{\"@type\":\"ListItem\",\"position\":2,\"name\":\"Enerland Group asiste a Genera 2022\"}]},{\"@type\":\"WebSite\",\"@id\":\"https:\\\/\\\/www.enerlandgroup.com\\\/es\\\/#website\",\"url\":\"https:\\\/\\\/www.enerlandgroup.com\\\/es\\\/\",\"name\":\"Enerland Energ\u00eda Renovable\",\"description\":\"\",\"publisher\":{\"@id\":\"https:\\\/\\\/www.enerlandgroup.com\\\/es\\\/#organization\"},\"potentialAction\":[{\"@type\":\"SearchAction\",\"target\":{\"@type\":\"EntryPoint\",\"urlTemplate\":\"https:\\\/\\\/www.enerlandgroup.com\\\/es\\\/?s={search_term_string}\"},\"query-input\":{\"@type\":\"PropertyValueSpecification\",\"valueRequired\":true,\"valueName\":\"search_term_string\"}}],\"inLanguage\":\"es\"},{\"@type\":\"Organization\",\"@id\":\"https:\\\/\\\/www.enerlandgroup.com\\\/es\\\/#organization\",\"name\":\"Enerland Group\",\"url\":\"https:\\\/\\\/www.enerlandgroup.com\\\/es\\\/\",\"logo\":{\"@type\":\"ImageObject\",\"inLanguage\":\"es\",\"@id\":\"https:\\\/\\\/www.enerlandgroup.com\\\/es\\\/#\\\/schema\\\/logo\\\/image\\\/\",\"url\":\"https:\\\/\\\/www.enerlandgroup.com\\\/wp-content\\\/uploads\\\/2021\\\/05\\\/Logo_Enerland.png\",\"contentUrl\":\"https:\\\/\\\/www.enerlandgroup.com\\\/wp-content\\\/uploads\\\/2021\\\/05\\\/Logo_Enerland.png\",\"width\":184,\"height\":43,\"caption\":\"Enerland Group\"},\"image\":{\"@id\":\"https:\\\/\\\/www.enerlandgroup.com\\\/es\\\/#\\\/schema\\\/logo\\\/image\\\/\"},\"sameAs\":[\"https:\\\/\\\/www.linkedin.com\\\/company\\\/enerland-group\\\/\",\"https:\\\/\\\/www.youtube.com\\\/channel\\\/UCjdInbThgaPa2_D34vRChmA\"]},{\"@type\":\"Person\",\"@id\":\"https:\\\/\\\/www.enerlandgroup.com\\\/es\\\/#\\\/schema\\\/person\\\/ff4846e816b3f94eb665e1da0854e1b8\",\"name\":\"Ana\",\"image\":{\"@type\":\"ImageObject\",\"inLanguage\":\"es\",\"@id\":\"https:\\\/\\\/secure.gravatar.com\\\/avatar\\\/495e8a53709541de9036eb34e07c65eacd114aba52461487df6099dee02e64f1?s=96&d=mm&r=g\",\"url\":\"https:\\\/\\\/secure.gravatar.com\\\/avatar\\\/495e8a53709541de9036eb34e07c65eacd114aba52461487df6099dee02e64f1?s=96&d=mm&r=g\",\"contentUrl\":\"https:\\\/\\\/secure.gravatar.com\\\/avatar\\\/495e8a53709541de9036eb34e07c65eacd114aba52461487df6099dee02e64f1?s=96&d=mm&r=g\",\"caption\":\"Ana\"},\"url\":\"https:\\\/\\\/www.enerlandgroup.com\\\/es\\\/author\\\/ana-valdizanenerlandgroup-com\\\/\"}]}<\/script>\n<!-- \/ Yoast SEO plugin. -->","yoast_head_json":{"title":"Enerland Group asiste a Genera 2022 - Enerland Energ\u00eda Renovable","description":"Enerland Group asisti\u00f3 a Genera 2022. La jornada tuvo lugar del 14 al 16 de junio, en el Recinto Ferial de IFEMA, en Madrid.","robots":{"index":"index","follow":"follow","max-snippet":"max-snippet:-1","max-image-preview":"max-image-preview:large","max-video-preview":"max-video-preview:-1"},"canonical":"https:\/\/www.enerlandgroup.com\/es\/enerland-group-genera-2022\/","og_locale":"es_ES","og_type":"article","og_title":"Enerland Group asiste a Genera 2022 - Enerland Energ\u00eda Renovable","og_description":"Enerland Group asisti\u00f3 a Genera 2022. La jornada tuvo lugar del 14 al 16 de junio, en el Recinto Ferial de IFEMA, en Madrid.","og_url":"https:\/\/www.enerlandgroup.com\/es\/enerland-group-genera-2022\/","og_site_name":"Enerland Energ\u00eda Renovable","article_published_time":"2022-06-21T07:00:11+00:00","article_modified_time":"2022-09-20T07:59:34+00:00","og_image":[{"width":1870,"height":700,"url":"https:\/\/www.enerlandgroup.com\/wp-content\/uploads\/2022\/06\/Noticia-Genero-2022.jpg","type":"image\/jpeg"}],"author":"Ana","twitter_card":"summary_large_image","schema":{"@context":"https:\/\/schema.org","@graph":[{"@type":"Article","@id":"https:\/\/www.enerlandgroup.com\/es\/enerland-group-genera-2022\/#article","isPartOf":{"@id":"https:\/\/www.enerlandgroup.com\/es\/enerland-group-genera-2022\/"},"author":{"name":"Ana","@id":"https:\/\/www.enerlandgroup.com\/es\/#\/schema\/person\/ff4846e816b3f94eb665e1da0854e1b8"},"headline":"Enerland Group asiste a Genera 2022","datePublished":"2022-06-21T07:00:11+00:00","dateModified":"2022-09-20T07:59:34+00:00","mainEntityOfPage":{"@id":"https:\/\/www.enerlandgroup.com\/es\/enerland-group-genera-2022\/"},"wordCount":371,"commentCount":0,"publisher":{"@id":"https:\/\/www.enerlandgroup.com\/es\/#organization"},"image":{"@id":"https:\/\/www.enerlandgroup.com\/es\/enerland-group-genera-2022\/#primaryimage"},"thumbnailUrl":"https:\/\/www.enerlandgroup.com\/wp-content\/uploads\/2022\/06\/Noticia-Genero-2022.jpg","keywords":["Evento","feria"],"articleSection":["Corporativo","Noticias"],"inLanguage":"es","potentialAction":[{"@type":"CommentAction","name":"Comment","target":["https:\/\/www.enerlandgroup.com\/es\/enerland-group-genera-2022\/#respond"]}]},{"@type":["WebPage","ItemPage"],"@id":"https:\/\/www.enerlandgroup.com\/es\/enerland-group-genera-2022\/","url":"https:\/\/www.enerlandgroup.com\/es\/enerland-group-genera-2022\/","name":"Enerland Group asiste a Genera 2022 - Enerland Energ\u00eda Renovable","isPartOf":{"@id":"https:\/\/www.enerlandgroup.com\/es\/#website"},"primaryImageOfPage":{"@id":"https:\/\/www.enerlandgroup.com\/es\/enerland-group-genera-2022\/#primaryimage"},"image":{"@id":"https:\/\/www.enerlandgroup.com\/es\/enerland-group-genera-2022\/#primaryimage"},"thumbnailUrl":"https:\/\/www.enerlandgroup.com\/wp-content\/uploads\/2022\/06\/Noticia-Genero-2022.jpg","datePublished":"2022-06-21T07:00:11+00:00","dateModified":"2022-09-20T07:59:34+00:00","description":"Enerland Group asisti\u00f3 a Genera 2022. La jornada tuvo lugar del 14 al 16 de junio, en el Recinto Ferial de IFEMA, en Madrid.","breadcrumb":{"@id":"https:\/\/www.enerlandgroup.com\/es\/enerland-group-genera-2022\/#breadcrumb"},"inLanguage":"es","potentialAction":[{"@type":"ReadAction","target":["https:\/\/www.enerlandgroup.com\/es\/enerland-group-genera-2022\/"]}]},{"@type":"ImageObject","inLanguage":"es","@id":"https:\/\/www.enerlandgroup.com\/es\/enerland-group-genera-2022\/#primaryimage","url":"https:\/\/www.enerlandgroup.com\/wp-content\/uploads\/2022\/06\/Noticia-Genero-2022.jpg","contentUrl":"https:\/\/www.enerlandgroup.com\/wp-content\/uploads\/2022\/06\/Noticia-Genero-2022.jpg","width":1870,"height":700,"caption":"Enerland Group Genera 2022"},{"@type":"BreadcrumbList","@id":"https:\/\/www.enerlandgroup.com\/es\/enerland-group-genera-2022\/#breadcrumb","itemListElement":[{"@type":"ListItem","position":1,"name":"Inicio","item":"https:\/\/www.enerlandgroup.com\/es\/"},{"@type":"ListItem","position":2,"name":"Enerland Group asiste a Genera 2022"}]},{"@type":"WebSite","@id":"https:\/\/www.enerlandgroup.com\/es\/#website","url":"https:\/\/www.enerlandgroup.com\/es\/","name":"Enerland Energ\u00eda Renovable","description":"","publisher":{"@id":"https:\/\/www.enerlandgroup.com\/es\/#organization"},"potentialAction":[{"@type":"SearchAction","target":{"@type":"EntryPoint","urlTemplate":"https:\/\/www.enerlandgroup.com\/es\/?s={search_term_string}"},"query-input":{"@type":"PropertyValueSpecification","valueRequired":true,"valueName":"search_term_string"}}],"inLanguage":"es"},{"@type":"Organization","@id":"https:\/\/www.enerlandgroup.com\/es\/#organization","name":"Enerland Group","url":"https:\/\/www.enerlandgroup.com\/es\/","logo":{"@type":"ImageObject","inLanguage":"es","@id":"https:\/\/www.enerlandgroup.com\/es\/#\/schema\/logo\/image\/","url":"https:\/\/www.enerlandgroup.com\/wp-content\/uploads\/2021\/05\/Logo_Enerland.png","contentUrl":"https:\/\/www.enerlandgroup.com\/wp-content\/uploads\/2021\/05\/Logo_Enerland.png","width":184,"height":43,"caption":"Enerland Group"},"image":{"@id":"https:\/\/www.enerlandgroup.com\/es\/#\/schema\/logo\/image\/"},"sameAs":["https:\/\/www.linkedin.com\/company\/enerland-group\/","https:\/\/www.youtube.com\/channel\/UCjdInbThgaPa2_D34vRChmA"]},{"@type":"Person","@id":"https:\/\/www.enerlandgroup.com\/es\/#\/schema\/person\/ff4846e816b3f94eb665e1da0854e1b8","name":"Ana","image":{"@type":"ImageObject","inLanguage":"es","@id":"https:\/\/secure.gravatar.com\/avatar\/495e8a53709541de9036eb34e07c65eacd114aba52461487df6099dee02e64f1?s=96&d=mm&r=g","url":"https:\/\/secure.gravatar.com\/avatar\/495e8a53709541de9036eb34e07c65eacd114aba52461487df6099dee02e64f1?s=96&d=mm&r=g","contentUrl":"https:\/\/secure.gravatar.com\/avatar\/495e8a53709541de9036eb34e07c65eacd114aba52461487df6099dee02e64f1?s=96&d=mm&r=g","caption":"Ana"},"url":"https:\/\/www.enerlandgroup.com\/es\/author\/ana-valdizanenerlandgroup-com\/"}]}},"jetpack_featured_media_url":"https:\/\/www.enerlandgroup.com\/wp-content\/uploads\/2022\/06\/Noticia-Genero-2022.jpg","_links":{"self":[{"href":"https:\/\/www.enerlandgroup.com\/es\/wp-json\/wp\/v2\/posts\/10571","targetHints":{"allow":["GET"]}}],"collection":[{"href":"https:\/\/www.enerlandgroup.com\/es\/wp-json\/wp\/v2\/posts"}],"about":[{"href":"https:\/\/www.enerlandgroup.com\/es\/wp-json\/wp\/v2\/types\/post"}],"author":[{"embeddable":true,"href":"https:\/\/www.enerlandgroup.com\/es\/wp-json\/wp\/v2\/users\/11"}],"replies":[{"embeddable":true,"href":"https:\/\/www.enerlandgroup.com\/es\/wp-json\/wp\/v2\/comments?post=10571"}],"version-history":[{"count":4,"href":"https:\/\/www.enerlandgroup.com\/es\/wp-json\/wp\/v2\/posts\/10571\/revisions"}],"predecessor-version":[{"id":10583,"href":"https:\/\/www.enerlandgroup.com\/es\/wp-json\/wp\/v2\/posts\/10571\/revisions\/10583"}],"wp:featuredmedia":[{"embeddable":true,"href":"https:\/\/www.enerlandgroup.com\/es\/wp-json\/wp\/v2\/media\/10572"}],"wp:attachment":[{"href":"https:\/\/www.enerlandgroup.com\/es\/wp-json\/wp\/v2\/media?parent=10571"}],"wp:term":[{"taxonomy":"category","embeddable":true,"href":"https:\/\/www.enerlandgroup.com\/es\/wp-json\/wp\/v2\/categories?post=10571"},{"taxonomy":"post_tag","embeddable":true,"href":"https:\/\/www.enerlandgroup.com\/es\/wp-json\/wp\/v2\/tags?post=10571"}],"curies":[{"name":"wp","href":"https:\/\/api.w.org\/{rel}","templated":true}]}}