{"id":10146,"date":"2022-05-30T08:00:26","date_gmt":"2022-05-30T06:00:26","guid":{"rendered":"https:\/\/www.enerlandgroup.com\/?p=10146"},"modified":"2022-07-04T10:06:24","modified_gmt":"2022-07-04T08:06:24","slug":"reforestacion-en-el-salvador","status":"publish","type":"post","link":"https:\/\/www.enerlandgroup.com\/es\/reforestacion-en-el-salvador\/","title":{"rendered":"Reforestaci\u00f3n en El Salvador"},"content":{"rendered":"<h2>Enerland Group participa un Plan de Reforestaci\u00f3n en El Salvador de la mano de MPC Capital.<\/h2>\n<p>&nbsp;<\/p>\n<p>La semana pasada nuestro cliente, MPC Capital, organiz\u00f3 una jornada de repoblaci\u00f3n forestal en El Salvador. La reforestaci\u00f3n tenia como objetivo plantar 2.000 \u00e1rboles de especies aut\u00f3ctonas entre las que se encontraban Leucaena, Madrecacao, Maquilishua, Pac\u00fan y San Andr\u00e9s.<\/p>\n<p style=\"font-style: inherit; font-weight: inherit;\"><span style=\"font-style: inherit; font-weight: inherit;\">En el evento de reforestaci\u00f3n en El Salvador, participaron m\u00e1s de 150 personas. A ellas <\/span>se sumaron, de forma voluntaria, una decena de nuestros compa\u00f1eros en El Salvador y sus familias. Igualmente, fueron invitadas 25 personas de las diferentes subcontratas con las que trabajamos en el pa\u00eds. Adem\u00e1s, desde Enerland, colaboramos con los organizadores aportando una carpa que permiti\u00f3 a los participantes disfrutar de la sombra a lo largo de todo el evento.<\/p>\n<p>Finalmente, durante la intensa jornada, se consiguieron plantar un millar de especies para las cuales posteriormente se trabajar\u00e1 en su conservaci\u00f3n. A trav\u00e9s de este tipo de iniciativas, colaboramos en la consecuci\u00f3n de un planeta m\u00e1s verde y sostenible. Cuidar el medio ambiente y la naturaleza debe ser objetivo de todos independientemente del pa\u00eds donde nos encontremos.<\/p>\n<p>Desde aqu\u00ed, felicitamos a nuestros compa\u00f1eros y a sus familias por sumarse a esta iniciativa verde. Tambi\u00e9n queremos hacer menci\u00f3n y agradecer a MPC Capital y MPC Energy Solutions su invitaci\u00f3n a participar en su plan de repoblaci\u00f3n forestal.<\/p>\n<p>&nbsp;<\/p>\n<h3>Acciones de plantaci\u00f3n de \u00e1rboles<\/h3>\n<p>&nbsp;<\/p>\n<p>Hace unas semanas, nuestros compa\u00f1eros de Enerland Group en Espa\u00f1a tambi\u00e9n participaron en un <a href=\"https:\/\/www.enerlandgroup.com\/es\/enerland-participa-en-el-dia-del-arbol\/\">evento similar<\/a>. Nuestros trabajadores junto con sus familias, participaron de forma voluntaria en un divertido evento de plantaci\u00f3n de \u00e1rboles. El objetivo del mismo fue apoyar el <a href=\"https:\/\/www.linkedin.com\/feed\/update\/urn:li:activity:6932953387265081345\">compromiso de EUC PLAZA y fomentar el desarrollo de zonas verdes en el pol\u00edgono industrial<\/a>. Gracias a este tipo de iniciativas, se absorben m\u00e1s de 3.000 toneladas de CO2 anuales. Adem\u00e1s, mejoran las cualidades est\u00e9ticas del entorno dado que las plantaciones act\u00faan como reguladores t\u00e9rmicos, entre otros beneficios como la retenci\u00f3n de contaminantes o la reducci\u00f3n del estr\u00e9s.<\/p>\n","protected":false},"excerpt":{"rendered":"<p>Enerland Group participa un Plan de Reforestaci\u00f3n en El Salvador de la mano de<\/p>\n","protected":false},"author":4,"featured_media":10157,"comment_status":"open","ping_status":"open","sticky":false,"template":"","format":"standard","meta":{"_et_pb_use_builder":"","_et_pb_old_content":"","_et_gb_content_width":"","footnotes":""},"categories":[23,161],"tags":[],"class_list":["post-10146","post","type-post","status-publish","format-standard","has-post-thumbnail","hentry","category-corporativo","category-noticias"],"yoast_head":"<!-- This site is optimized with the Yoast SEO plugin v27.4 - https:\/\/yoast.com\/product\/yoast-seo-wordpress\/ -->\n<title>Reforestaci\u00f3n en El Salvador - Enerland Energ\u00eda Renovable<\/title>\n<meta name=\"description\" content=\"MPC Capital nos invit\u00f3 a participar en una jornada de reforestaci\u00f3n en El Salvador. El objetivo: plantar 2.000 \u00e1rboles de especies aut\u00f3ctonas\" \/>\n<meta name=\"robots\" content=\"index, follow, max-snippet:-1, max-image-preview:large, max-video-preview:-1\" \/>\n<link rel=\"canonical\" href=\"https:\/\/www.enerlandgroup.com\/es\/reforestacion-en-el-salvador\/\" \/>\n<meta property=\"og:locale\" content=\"es_ES\" \/>\n<meta property=\"og:type\" content=\"article\" \/>\n<meta property=\"og:title\" content=\"Reforestaci\u00f3n en El Salvador - Enerland Energ\u00eda Renovable\" \/>\n<meta property=\"og:description\" content=\"MPC Capital nos invit\u00f3 a participar en una jornada de reforestaci\u00f3n en El Salvador. El objetivo: plantar 2.000 \u00e1rboles de especies aut\u00f3ctonas\" \/>\n<meta property=\"og:url\" content=\"https:\/\/www.enerlandgroup.com\/es\/reforestacion-en-el-salvador\/\" \/>\n<meta property=\"og:site_name\" content=\"Enerland Energ\u00eda Renovable\" \/>\n<meta property=\"article:published_time\" content=\"2022-05-30T06:00:26+00:00\" \/>\n<meta property=\"article:modified_time\" content=\"2022-07-04T08:06:24+00:00\" \/>\n<meta property=\"og:image\" content=\"https:\/\/www.enerlandgroup.com\/wp-content\/uploads\/2022\/05\/Noticia-Replantacion-El-Salvador.jpg\" \/>\n\t<meta property=\"og:image:width\" content=\"1870\" \/>\n\t<meta property=\"og:image:height\" content=\"700\" \/>\n\t<meta property=\"og:image:type\" content=\"image\/jpeg\" \/>\n<meta name=\"author\" content=\"Pilar\" \/>\n<meta name=\"twitter:card\" content=\"summary_large_image\" \/>\n<script type=\"application\/ld+json\" class=\"yoast-schema-graph\">{\"@context\":\"https:\\\/\\\/schema.org\",\"@graph\":[{\"@type\":\"Article\",\"@id\":\"https:\\\/\\\/www.enerlandgroup.com\\\/es\\\/reforestacion-en-el-salvador\\\/#article\",\"isPartOf\":{\"@id\":\"https:\\\/\\\/www.enerlandgroup.com\\\/es\\\/reforestacion-en-el-salvador\\\/\"},\"author\":{\"name\":\"Pilar\",\"@id\":\"https:\\\/\\\/www.enerlandgroup.com\\\/es\\\/#\\\/schema\\\/person\\\/d842c1aed4fef077270deb261453486c\"},\"headline\":\"Reforestaci\u00f3n en El Salvador\",\"datePublished\":\"2022-05-30T06:00:26+00:00\",\"dateModified\":\"2022-07-04T08:06:24+00:00\",\"mainEntityOfPage\":{\"@id\":\"https:\\\/\\\/www.enerlandgroup.com\\\/es\\\/reforestacion-en-el-salvador\\\/\"},\"wordCount\":367,\"commentCount\":0,\"publisher\":{\"@id\":\"https:\\\/\\\/www.enerlandgroup.com\\\/es\\\/#organization\"},\"image\":{\"@id\":\"https:\\\/\\\/www.enerlandgroup.com\\\/es\\\/reforestacion-en-el-salvador\\\/#primaryimage\"},\"thumbnailUrl\":\"https:\\\/\\\/www.enerlandgroup.com\\\/wp-content\\\/uploads\\\/2022\\\/05\\\/Noticia-Replantacion-El-Salvador.jpg\",\"articleSection\":[\"Corporativo\",\"Noticias\"],\"inLanguage\":\"es\",\"potentialAction\":[{\"@type\":\"CommentAction\",\"name\":\"Comment\",\"target\":[\"https:\\\/\\\/www.enerlandgroup.com\\\/es\\\/reforestacion-en-el-salvador\\\/#respond\"]}]},{\"@type\":[\"WebPage\",\"ItemPage\"],\"@id\":\"https:\\\/\\\/www.enerlandgroup.com\\\/es\\\/reforestacion-en-el-salvador\\\/\",\"url\":\"https:\\\/\\\/www.enerlandgroup.com\\\/es\\\/reforestacion-en-el-salvador\\\/\",\"name\":\"Reforestaci\u00f3n en El Salvador - Enerland Energ\u00eda Renovable\",\"isPartOf\":{\"@id\":\"https:\\\/\\\/www.enerlandgroup.com\\\/es\\\/#website\"},\"primaryImageOfPage\":{\"@id\":\"https:\\\/\\\/www.enerlandgroup.com\\\/es\\\/reforestacion-en-el-salvador\\\/#primaryimage\"},\"image\":{\"@id\":\"https:\\\/\\\/www.enerlandgroup.com\\\/es\\\/reforestacion-en-el-salvador\\\/#primaryimage\"},\"thumbnailUrl\":\"https:\\\/\\\/www.enerlandgroup.com\\\/wp-content\\\/uploads\\\/2022\\\/05\\\/Noticia-Replantacion-El-Salvador.jpg\",\"datePublished\":\"2022-05-30T06:00:26+00:00\",\"dateModified\":\"2022-07-04T08:06:24+00:00\",\"description\":\"MPC Capital nos invit\u00f3 a participar en una jornada de reforestaci\u00f3n en El Salvador. El objetivo: plantar 2.000 \u00e1rboles de especies aut\u00f3ctonas\",\"breadcrumb\":{\"@id\":\"https:\\\/\\\/www.enerlandgroup.com\\\/es\\\/reforestacion-en-el-salvador\\\/#breadcrumb\"},\"inLanguage\":\"es\",\"potentialAction\":[{\"@type\":\"ReadAction\",\"target\":[\"https:\\\/\\\/www.enerlandgroup.com\\\/es\\\/reforestacion-en-el-salvador\\\/\"]}]},{\"@type\":\"ImageObject\",\"inLanguage\":\"es\",\"@id\":\"https:\\\/\\\/www.enerlandgroup.com\\\/es\\\/reforestacion-en-el-salvador\\\/#primaryimage\",\"url\":\"https:\\\/\\\/www.enerlandgroup.com\\\/wp-content\\\/uploads\\\/2022\\\/05\\\/Noticia-Replantacion-El-Salvador.jpg\",\"contentUrl\":\"https:\\\/\\\/www.enerlandgroup.com\\\/wp-content\\\/uploads\\\/2022\\\/05\\\/Noticia-Replantacion-El-Salvador.jpg\",\"width\":1870,\"height\":700,\"caption\":\"Reforestaci\u00f3n en El Salvador\"},{\"@type\":\"BreadcrumbList\",\"@id\":\"https:\\\/\\\/www.enerlandgroup.com\\\/es\\\/reforestacion-en-el-salvador\\\/#breadcrumb\",\"itemListElement\":[{\"@type\":\"ListItem\",\"position\":1,\"name\":\"Inicio\",\"item\":\"https:\\\/\\\/www.enerlandgroup.com\\\/es\\\/\"},{\"@type\":\"ListItem\",\"position\":2,\"name\":\"Reforestaci\u00f3n en El Salvador\"}]},{\"@type\":\"WebSite\",\"@id\":\"https:\\\/\\\/www.enerlandgroup.com\\\/es\\\/#website\",\"url\":\"https:\\\/\\\/www.enerlandgroup.com\\\/es\\\/\",\"name\":\"Enerland Energ\u00eda Renovable\",\"description\":\"\",\"publisher\":{\"@id\":\"https:\\\/\\\/www.enerlandgroup.com\\\/es\\\/#organization\"},\"potentialAction\":[{\"@type\":\"SearchAction\",\"target\":{\"@type\":\"EntryPoint\",\"urlTemplate\":\"https:\\\/\\\/www.enerlandgroup.com\\\/es\\\/?s={search_term_string}\"},\"query-input\":{\"@type\":\"PropertyValueSpecification\",\"valueRequired\":true,\"valueName\":\"search_term_string\"}}],\"inLanguage\":\"es\"},{\"@type\":\"Organization\",\"@id\":\"https:\\\/\\\/www.enerlandgroup.com\\\/es\\\/#organization\",\"name\":\"Enerland Group\",\"url\":\"https:\\\/\\\/www.enerlandgroup.com\\\/es\\\/\",\"logo\":{\"@type\":\"ImageObject\",\"inLanguage\":\"es\",\"@id\":\"https:\\\/\\\/www.enerlandgroup.com\\\/es\\\/#\\\/schema\\\/logo\\\/image\\\/\",\"url\":\"https:\\\/\\\/www.enerlandgroup.com\\\/wp-content\\\/uploads\\\/2021\\\/05\\\/Logo_Enerland.png\",\"contentUrl\":\"https:\\\/\\\/www.enerlandgroup.com\\\/wp-content\\\/uploads\\\/2021\\\/05\\\/Logo_Enerland.png\",\"width\":184,\"height\":43,\"caption\":\"Enerland Group\"},\"image\":{\"@id\":\"https:\\\/\\\/www.enerlandgroup.com\\\/es\\\/#\\\/schema\\\/logo\\\/image\\\/\"},\"sameAs\":[\"https:\\\/\\\/www.linkedin.com\\\/company\\\/enerland-group\\\/\",\"https:\\\/\\\/www.youtube.com\\\/channel\\\/UCjdInbThgaPa2_D34vRChmA\"]},{\"@type\":\"Person\",\"@id\":\"https:\\\/\\\/www.enerlandgroup.com\\\/es\\\/#\\\/schema\\\/person\\\/d842c1aed4fef077270deb261453486c\",\"name\":\"Pilar\",\"image\":{\"@type\":\"ImageObject\",\"inLanguage\":\"es\",\"@id\":\"https:\\\/\\\/secure.gravatar.com\\\/avatar\\\/3e6e1323210dee16f137d8ab0ce7231001529459c2f5b2e4ec20c72d1fd442dc?s=96&d=mm&r=g\",\"url\":\"https:\\\/\\\/secure.gravatar.com\\\/avatar\\\/3e6e1323210dee16f137d8ab0ce7231001529459c2f5b2e4ec20c72d1fd442dc?s=96&d=mm&r=g\",\"contentUrl\":\"https:\\\/\\\/secure.gravatar.com\\\/avatar\\\/3e6e1323210dee16f137d8ab0ce7231001529459c2f5b2e4ec20c72d1fd442dc?s=96&d=mm&r=g\",\"caption\":\"Pilar\"},\"url\":\"https:\\\/\\\/www.enerlandgroup.com\\\/es\\\/author\\\/enerland\\\/\"}]}<\/script>\n<!-- \/ Yoast SEO plugin. -->","yoast_head_json":{"title":"Reforestaci\u00f3n en El Salvador - Enerland Energ\u00eda Renovable","description":"MPC Capital nos invit\u00f3 a participar en una jornada de reforestaci\u00f3n en El Salvador. El objetivo: plantar 2.000 \u00e1rboles de especies aut\u00f3ctonas","robots":{"index":"index","follow":"follow","max-snippet":"max-snippet:-1","max-image-preview":"max-image-preview:large","max-video-preview":"max-video-preview:-1"},"canonical":"https:\/\/www.enerlandgroup.com\/es\/reforestacion-en-el-salvador\/","og_locale":"es_ES","og_type":"article","og_title":"Reforestaci\u00f3n en El Salvador - Enerland Energ\u00eda Renovable","og_description":"MPC Capital nos invit\u00f3 a participar en una jornada de reforestaci\u00f3n en El Salvador. El objetivo: plantar 2.000 \u00e1rboles de especies aut\u00f3ctonas","og_url":"https:\/\/www.enerlandgroup.com\/es\/reforestacion-en-el-salvador\/","og_site_name":"Enerland Energ\u00eda Renovable","article_published_time":"2022-05-30T06:00:26+00:00","article_modified_time":"2022-07-04T08:06:24+00:00","og_image":[{"width":1870,"height":700,"url":"https:\/\/www.enerlandgroup.com\/wp-content\/uploads\/2022\/05\/Noticia-Replantacion-El-Salvador.jpg","type":"image\/jpeg"}],"author":"Pilar","twitter_card":"summary_large_image","schema":{"@context":"https:\/\/schema.org","@graph":[{"@type":"Article","@id":"https:\/\/www.enerlandgroup.com\/es\/reforestacion-en-el-salvador\/#article","isPartOf":{"@id":"https:\/\/www.enerlandgroup.com\/es\/reforestacion-en-el-salvador\/"},"author":{"name":"Pilar","@id":"https:\/\/www.enerlandgroup.com\/es\/#\/schema\/person\/d842c1aed4fef077270deb261453486c"},"headline":"Reforestaci\u00f3n en El Salvador","datePublished":"2022-05-30T06:00:26+00:00","dateModified":"2022-07-04T08:06:24+00:00","mainEntityOfPage":{"@id":"https:\/\/www.enerlandgroup.com\/es\/reforestacion-en-el-salvador\/"},"wordCount":367,"commentCount":0,"publisher":{"@id":"https:\/\/www.enerlandgroup.com\/es\/#organization"},"image":{"@id":"https:\/\/www.enerlandgroup.com\/es\/reforestacion-en-el-salvador\/#primaryimage"},"thumbnailUrl":"https:\/\/www.enerlandgroup.com\/wp-content\/uploads\/2022\/05\/Noticia-Replantacion-El-Salvador.jpg","articleSection":["Corporativo","Noticias"],"inLanguage":"es","potentialAction":[{"@type":"CommentAction","name":"Comment","target":["https:\/\/www.enerlandgroup.com\/es\/reforestacion-en-el-salvador\/#respond"]}]},{"@type":["WebPage","ItemPage"],"@id":"https:\/\/www.enerlandgroup.com\/es\/reforestacion-en-el-salvador\/","url":"https:\/\/www.enerlandgroup.com\/es\/reforestacion-en-el-salvador\/","name":"Reforestaci\u00f3n en El Salvador - Enerland Energ\u00eda Renovable","isPartOf":{"@id":"https:\/\/www.enerlandgroup.com\/es\/#website"},"primaryImageOfPage":{"@id":"https:\/\/www.enerlandgroup.com\/es\/reforestacion-en-el-salvador\/#primaryimage"},"image":{"@id":"https:\/\/www.enerlandgroup.com\/es\/reforestacion-en-el-salvador\/#primaryimage"},"thumbnailUrl":"https:\/\/www.enerlandgroup.com\/wp-content\/uploads\/2022\/05\/Noticia-Replantacion-El-Salvador.jpg","datePublished":"2022-05-30T06:00:26+00:00","dateModified":"2022-07-04T08:06:24+00:00","description":"MPC Capital nos invit\u00f3 a participar en una jornada de reforestaci\u00f3n en El Salvador. El objetivo: plantar 2.000 \u00e1rboles de especies aut\u00f3ctonas","breadcrumb":{"@id":"https:\/\/www.enerlandgroup.com\/es\/reforestacion-en-el-salvador\/#breadcrumb"},"inLanguage":"es","potentialAction":[{"@type":"ReadAction","target":["https:\/\/www.enerlandgroup.com\/es\/reforestacion-en-el-salvador\/"]}]},{"@type":"ImageObject","inLanguage":"es","@id":"https:\/\/www.enerlandgroup.com\/es\/reforestacion-en-el-salvador\/#primaryimage","url":"https:\/\/www.enerlandgroup.com\/wp-content\/uploads\/2022\/05\/Noticia-Replantacion-El-Salvador.jpg","contentUrl":"https:\/\/www.enerlandgroup.com\/wp-content\/uploads\/2022\/05\/Noticia-Replantacion-El-Salvador.jpg","width":1870,"height":700,"caption":"Reforestaci\u00f3n en El Salvador"},{"@type":"BreadcrumbList","@id":"https:\/\/www.enerlandgroup.com\/es\/reforestacion-en-el-salvador\/#breadcrumb","itemListElement":[{"@type":"ListItem","position":1,"name":"Inicio","item":"https:\/\/www.enerlandgroup.com\/es\/"},{"@type":"ListItem","position":2,"name":"Reforestaci\u00f3n en El Salvador"}]},{"@type":"WebSite","@id":"https:\/\/www.enerlandgroup.com\/es\/#website","url":"https:\/\/www.enerlandgroup.com\/es\/","name":"Enerland Energ\u00eda Renovable","description":"","publisher":{"@id":"https:\/\/www.enerlandgroup.com\/es\/#organization"},"potentialAction":[{"@type":"SearchAction","target":{"@type":"EntryPoint","urlTemplate":"https:\/\/www.enerlandgroup.com\/es\/?s={search_term_string}"},"query-input":{"@type":"PropertyValueSpecification","valueRequired":true,"valueName":"search_term_string"}}],"inLanguage":"es"},{"@type":"Organization","@id":"https:\/\/www.enerlandgroup.com\/es\/#organization","name":"Enerland Group","url":"https:\/\/www.enerlandgroup.com\/es\/","logo":{"@type":"ImageObject","inLanguage":"es","@id":"https:\/\/www.enerlandgroup.com\/es\/#\/schema\/logo\/image\/","url":"https:\/\/www.enerlandgroup.com\/wp-content\/uploads\/2021\/05\/Logo_Enerland.png","contentUrl":"https:\/\/www.enerlandgroup.com\/wp-content\/uploads\/2021\/05\/Logo_Enerland.png","width":184,"height":43,"caption":"Enerland Group"},"image":{"@id":"https:\/\/www.enerlandgroup.com\/es\/#\/schema\/logo\/image\/"},"sameAs":["https:\/\/www.linkedin.com\/company\/enerland-group\/","https:\/\/www.youtube.com\/channel\/UCjdInbThgaPa2_D34vRChmA"]},{"@type":"Person","@id":"https:\/\/www.enerlandgroup.com\/es\/#\/schema\/person\/d842c1aed4fef077270deb261453486c","name":"Pilar","image":{"@type":"ImageObject","inLanguage":"es","@id":"https:\/\/secure.gravatar.com\/avatar\/3e6e1323210dee16f137d8ab0ce7231001529459c2f5b2e4ec20c72d1fd442dc?s=96&d=mm&r=g","url":"https:\/\/secure.gravatar.com\/avatar\/3e6e1323210dee16f137d8ab0ce7231001529459c2f5b2e4ec20c72d1fd442dc?s=96&d=mm&r=g","contentUrl":"https:\/\/secure.gravatar.com\/avatar\/3e6e1323210dee16f137d8ab0ce7231001529459c2f5b2e4ec20c72d1fd442dc?s=96&d=mm&r=g","caption":"Pilar"},"url":"https:\/\/www.enerlandgroup.com\/es\/author\/enerland\/"}]}},"jetpack_featured_media_url":"https:\/\/www.enerlandgroup.com\/wp-content\/uploads\/2022\/05\/Noticia-Replantacion-El-Salvador.jpg","_links":{"self":[{"href":"https:\/\/www.enerlandgroup.com\/es\/wp-json\/wp\/v2\/posts\/10146","targetHints":{"allow":["GET"]}}],"collection":[{"href":"https:\/\/www.enerlandgroup.com\/es\/wp-json\/wp\/v2\/posts"}],"about":[{"href":"https:\/\/www.enerlandgroup.com\/es\/wp-json\/wp\/v2\/types\/post"}],"author":[{"embeddable":true,"href":"https:\/\/www.enerlandgroup.com\/es\/wp-json\/wp\/v2\/users\/4"}],"replies":[{"embeddable":true,"href":"https:\/\/www.enerlandgroup.com\/es\/wp-json\/wp\/v2\/comments?post=10146"}],"version-history":[{"count":3,"href":"https:\/\/www.enerlandgroup.com\/es\/wp-json\/wp\/v2\/posts\/10146\/revisions"}],"predecessor-version":[{"id":10159,"href":"https:\/\/www.enerlandgroup.com\/es\/wp-json\/wp\/v2\/posts\/10146\/revisions\/10159"}],"wp:featuredmedia":[{"embeddable":true,"href":"https:\/\/www.enerlandgroup.com\/es\/wp-json\/wp\/v2\/media\/10157"}],"wp:attachment":[{"href":"https:\/\/www.enerlandgroup.com\/es\/wp-json\/wp\/v2\/media?parent=10146"}],"wp:term":[{"taxonomy":"category","embeddable":true,"href":"https:\/\/www.enerlandgroup.com\/es\/wp-json\/wp\/v2\/categories?post=10146"},{"taxonomy":"post_tag","embeddable":true,"href":"https:\/\/www.enerlandgroup.com\/es\/wp-json\/wp\/v2\/tags?post=10146"}],"curies":[{"name":"wp","href":"https:\/\/api.w.org\/{rel}","templated":true}]}}