{"id":8068,"date":"2021-11-15T12:27:05","date_gmt":"2021-11-15T11:27:05","guid":{"rendered":"https:\/\/www.enerlandgroup.com\/portugal-renewable-energy-summit-2021\/"},"modified":"2021-11-23T09:44:21","modified_gmt":"2021-11-23T08:44:21","slug":"portugal-renewable-energy-summit-2021","status":"publish","type":"post","link":"https:\/\/www.enerlandgroup.com\/en\/portugal-renewable-energy-summit-2021\/","title":{"rendered":"Portugal Renewable Energy Summit 2021"},"content":{"rendered":"<h2>Last week, our colleague, Raquel Freitas attended the event: &#8220;Portugal Renewable Energy Summit 2021&#8221;. The conference, organized by APREN &#8211; \u201cAssocia\u00e7\u00e3o Portuguesa de Energ\u00edas Renov\u00e1veis\u201d, took place on November 9 and 10 in Lisbon, at the Culturgest&#8217;s &#8220;Grande Auditorium&#8221;.<\/h2>\n<p>&nbsp;<\/p>\n<p>The attendance format for the Portugal Renewable Energy Summit 2021 was hybrid, allowing those who could not attend in person to participate online, and <a href=\"https:\/\/www.apren.pt\/pt\/conferences\/ portugal-renewable-energy-summit-2021 \/ speakers \"> brought together more than 50 professionals at the national and international level <\/a> to debate at the tables during the two days. In addition, the Minister of the Environment and Climate Action, Jo\u00e3o Pedro Matos Fernandes and the Undersecretary of State and Energy, Jo\u00e3o Galamba were part of the public that attended the conference.<\/p>\n<p>Our colleague, Raquel Frreitas, from the engineering department of <a href=\"https:\/\/www.enerlandgroup.com\/es\/\"> Enerland Group <\/a> Portugal, was part of the audience on behalf of the company. \u201cIt has been a privilege to participate and represent Enerland at this event. In it I was able to have an overview of the position of Portugal and Europe in terms of renewable energy and the challenges that we still have to face to achieve the Fit for 55 Goals, established in Glasgow during the COP. -26 and what we, as a community, government agencies and private companies can do to make those goals a reality.<\/p>\n<p>More than 50 specialists gathered, together with government organizations and major market players with the sole objective: to set Portugal as an example in terms of renewable energy, decarbonisation, hydrogen production and self-consumption systems \u201d.<\/p>\n<p><img decoding=\"async\" class=\"aligncenter wp-image-8057 size-large\" src=\"https:\/\/www.enerlandgroup.com\/wp-content\/uploads\/2021\/11\/Portugal-Renewable-Energy-Summit-2021-min- 1024x768.jpg \" alt=\" Enerland attends the Portugal Renewable Energy Summit 2021 \" width=\" 1024 \" height=\" 768 \" \/> It is a pleasure to have been able to attend this event, which focused on analyzing the objectives of Fit for 55, and then the current situation in Portugal in the energy sector, which established the goal of reaching 2.5 GW of green hydrogen in the country. Currently, our company has more than 35MW of photovoltaic energy under development in Portugal, so meetings like last week are key to knowing in depth the needs of present and future projects.<\/p>\n","protected":false},"excerpt":{"rendered":"<p>Last week, our colleague, Raquel Freitas attended the event: &#8220;Portugal Renewable Energy Summit 2021&#8221;.<\/p>\n","protected":false},"author":4,"featured_media":8064,"comment_status":"open","ping_status":"open","sticky":false,"template":"","format":"standard","meta":{"_et_pb_use_builder":"","_et_pb_old_content":"","_et_gb_content_width":"","footnotes":""},"categories":[161],"tags":[],"class_list":["post-8068","post","type-post","status-publish","format-standard","has-post-thumbnail","hentry","category-noticias"],"yoast_head":"<!-- This site is optimized with the Yoast SEO plugin v27.4 - https:\/\/yoast.com\/product\/yoast-seo-wordpress\/ -->\n<title>Portugal Renewable Energy Summit 2021 - Enerland Energ\u00eda Renovable<\/title>\n<meta name=\"description\" content=\"Enerland attended the Portugal Renewable Energy Summit that was held on November 9 and 10 in Lisbon.\" \/>\n<meta name=\"robots\" content=\"index, follow, max-snippet:-1, max-image-preview:large, max-video-preview:-1\" \/>\n<link rel=\"canonical\" href=\"https:\/\/www.enerlandgroup.com\/en\/portugal-renewable-energy-summit-2021\/\" \/>\n<meta property=\"og:locale\" content=\"en_US\" \/>\n<meta property=\"og:type\" content=\"article\" \/>\n<meta property=\"og:title\" content=\"Portugal Renewable Energy Summit 2021 - Enerland Energ\u00eda Renovable\" \/>\n<meta property=\"og:description\" content=\"Enerland attended the Portugal Renewable Energy Summit that was held on November 9 and 10 in Lisbon.\" \/>\n<meta property=\"og:url\" content=\"https:\/\/www.enerlandgroup.com\/en\/portugal-renewable-energy-summit-2021\/\" \/>\n<meta property=\"og:site_name\" content=\"Enerland Energ\u00eda Renovable\" \/>\n<meta property=\"article:published_time\" content=\"2021-11-15T11:27:05+00:00\" \/>\n<meta property=\"article:modified_time\" content=\"2021-11-23T08:44:21+00:00\" \/>\n<meta property=\"og:image\" content=\"https:\/\/www.enerlandgroup.com\/wp-content\/uploads\/2021\/11\/Portugal-Renewable-Energy-Summit-2021-min-2.jpg\" \/>\n\t<meta property=\"og:image:width\" content=\"1870\" \/>\n\t<meta property=\"og:image:height\" content=\"700\" \/>\n\t<meta property=\"og:image:type\" content=\"image\/jpeg\" \/>\n<meta name=\"author\" content=\"Pilar\" \/>\n<meta name=\"twitter:card\" content=\"summary_large_image\" \/>\n<script type=\"application\/ld+json\" class=\"yoast-schema-graph\">{\"@context\":\"https:\\\/\\\/schema.org\",\"@graph\":[{\"@type\":\"Article\",\"@id\":\"https:\\\/\\\/www.enerlandgroup.com\\\/en\\\/portugal-renewable-energy-summit-2021\\\/#article\",\"isPartOf\":{\"@id\":\"https:\\\/\\\/www.enerlandgroup.com\\\/en\\\/portugal-renewable-energy-summit-2021\\\/\"},\"author\":{\"name\":\"Pilar\",\"@id\":\"https:\\\/\\\/www.enerlandgroup.com\\\/es\\\/#\\\/schema\\\/person\\\/d842c1aed4fef077270deb261453486c\"},\"headline\":\"Portugal Renewable Energy Summit 2021\",\"datePublished\":\"2021-11-15T11:27:05+00:00\",\"dateModified\":\"2021-11-23T08:44:21+00:00\",\"mainEntityOfPage\":{\"@id\":\"https:\\\/\\\/www.enerlandgroup.com\\\/en\\\/portugal-renewable-energy-summit-2021\\\/\"},\"wordCount\":329,\"commentCount\":0,\"publisher\":{\"@id\":\"https:\\\/\\\/www.enerlandgroup.com\\\/es\\\/#organization\"},\"image\":{\"@id\":\"https:\\\/\\\/www.enerlandgroup.com\\\/en\\\/portugal-renewable-energy-summit-2021\\\/#primaryimage\"},\"thumbnailUrl\":\"https:\\\/\\\/www.enerlandgroup.com\\\/wp-content\\\/uploads\\\/2021\\\/11\\\/Portugal-Renewable-Energy-Summit-2021-min-2.jpg\",\"articleSection\":[\"Noticias\"],\"inLanguage\":\"en-US\",\"potentialAction\":[{\"@type\":\"CommentAction\",\"name\":\"Comment\",\"target\":[\"https:\\\/\\\/www.enerlandgroup.com\\\/en\\\/portugal-renewable-energy-summit-2021\\\/#respond\"]}]},{\"@type\":[\"WebPage\",\"ItemPage\"],\"@id\":\"https:\\\/\\\/www.enerlandgroup.com\\\/en\\\/portugal-renewable-energy-summit-2021\\\/\",\"url\":\"https:\\\/\\\/www.enerlandgroup.com\\\/en\\\/portugal-renewable-energy-summit-2021\\\/\",\"name\":\"Portugal Renewable Energy Summit 2021 - Enerland Energ\u00eda Renovable\",\"isPartOf\":{\"@id\":\"https:\\\/\\\/www.enerlandgroup.com\\\/es\\\/#website\"},\"primaryImageOfPage\":{\"@id\":\"https:\\\/\\\/www.enerlandgroup.com\\\/en\\\/portugal-renewable-energy-summit-2021\\\/#primaryimage\"},\"image\":{\"@id\":\"https:\\\/\\\/www.enerlandgroup.com\\\/en\\\/portugal-renewable-energy-summit-2021\\\/#primaryimage\"},\"thumbnailUrl\":\"https:\\\/\\\/www.enerlandgroup.com\\\/wp-content\\\/uploads\\\/2021\\\/11\\\/Portugal-Renewable-Energy-Summit-2021-min-2.jpg\",\"datePublished\":\"2021-11-15T11:27:05+00:00\",\"dateModified\":\"2021-11-23T08:44:21+00:00\",\"description\":\"Enerland attended the Portugal Renewable Energy Summit that was held on November 9 and 10 in Lisbon.\",\"breadcrumb\":{\"@id\":\"https:\\\/\\\/www.enerlandgroup.com\\\/en\\\/portugal-renewable-energy-summit-2021\\\/#breadcrumb\"},\"inLanguage\":\"en-US\",\"potentialAction\":[{\"@type\":\"ReadAction\",\"target\":[\"https:\\\/\\\/www.enerlandgroup.com\\\/en\\\/portugal-renewable-energy-summit-2021\\\/\"]}]},{\"@type\":\"ImageObject\",\"inLanguage\":\"en-US\",\"@id\":\"https:\\\/\\\/www.enerlandgroup.com\\\/en\\\/portugal-renewable-energy-summit-2021\\\/#primaryimage\",\"url\":\"https:\\\/\\\/www.enerlandgroup.com\\\/wp-content\\\/uploads\\\/2021\\\/11\\\/Portugal-Renewable-Energy-Summit-2021-min-2.jpg\",\"contentUrl\":\"https:\\\/\\\/www.enerlandgroup.com\\\/wp-content\\\/uploads\\\/2021\\\/11\\\/Portugal-Renewable-Energy-Summit-2021-min-2.jpg\",\"width\":1870,\"height\":700,\"caption\":\"Portugal Renewable Energy Summit 2021\"},{\"@type\":\"BreadcrumbList\",\"@id\":\"https:\\\/\\\/www.enerlandgroup.com\\\/en\\\/portugal-renewable-energy-summit-2021\\\/#breadcrumb\",\"itemListElement\":[{\"@type\":\"ListItem\",\"position\":1,\"name\":\"Inicio\",\"item\":\"https:\\\/\\\/www.enerlandgroup.com\\\/en\\\/inicio\\\/\"},{\"@type\":\"ListItem\",\"position\":2,\"name\":\"Portugal Renewable Energy Summit 2021\"}]},{\"@type\":\"WebSite\",\"@id\":\"https:\\\/\\\/www.enerlandgroup.com\\\/es\\\/#website\",\"url\":\"https:\\\/\\\/www.enerlandgroup.com\\\/es\\\/\",\"name\":\"Enerland Energ\u00eda Renovable\",\"description\":\"\",\"publisher\":{\"@id\":\"https:\\\/\\\/www.enerlandgroup.com\\\/es\\\/#organization\"},\"potentialAction\":[{\"@type\":\"SearchAction\",\"target\":{\"@type\":\"EntryPoint\",\"urlTemplate\":\"https:\\\/\\\/www.enerlandgroup.com\\\/es\\\/?s={search_term_string}\"},\"query-input\":{\"@type\":\"PropertyValueSpecification\",\"valueRequired\":true,\"valueName\":\"search_term_string\"}}],\"inLanguage\":\"en-US\"},{\"@type\":\"Organization\",\"@id\":\"https:\\\/\\\/www.enerlandgroup.com\\\/es\\\/#organization\",\"name\":\"Enerland Group\",\"url\":\"https:\\\/\\\/www.enerlandgroup.com\\\/es\\\/\",\"logo\":{\"@type\":\"ImageObject\",\"inLanguage\":\"en-US\",\"@id\":\"https:\\\/\\\/www.enerlandgroup.com\\\/es\\\/#\\\/schema\\\/logo\\\/image\\\/\",\"url\":\"https:\\\/\\\/www.enerlandgroup.com\\\/wp-content\\\/uploads\\\/2021\\\/05\\\/Logo_Enerland.png\",\"contentUrl\":\"https:\\\/\\\/www.enerlandgroup.com\\\/wp-content\\\/uploads\\\/2021\\\/05\\\/Logo_Enerland.png\",\"width\":184,\"height\":43,\"caption\":\"Enerland Group\"},\"image\":{\"@id\":\"https:\\\/\\\/www.enerlandgroup.com\\\/es\\\/#\\\/schema\\\/logo\\\/image\\\/\"},\"sameAs\":[\"https:\\\/\\\/www.linkedin.com\\\/company\\\/enerland-group\\\/\",\"https:\\\/\\\/www.youtube.com\\\/channel\\\/UCjdInbThgaPa2_D34vRChmA\"]},{\"@type\":\"Person\",\"@id\":\"https:\\\/\\\/www.enerlandgroup.com\\\/es\\\/#\\\/schema\\\/person\\\/d842c1aed4fef077270deb261453486c\",\"name\":\"Pilar\",\"image\":{\"@type\":\"ImageObject\",\"inLanguage\":\"en-US\",\"@id\":\"https:\\\/\\\/secure.gravatar.com\\\/avatar\\\/3e6e1323210dee16f137d8ab0ce7231001529459c2f5b2e4ec20c72d1fd442dc?s=96&d=mm&r=g\",\"url\":\"https:\\\/\\\/secure.gravatar.com\\\/avatar\\\/3e6e1323210dee16f137d8ab0ce7231001529459c2f5b2e4ec20c72d1fd442dc?s=96&d=mm&r=g\",\"contentUrl\":\"https:\\\/\\\/secure.gravatar.com\\\/avatar\\\/3e6e1323210dee16f137d8ab0ce7231001529459c2f5b2e4ec20c72d1fd442dc?s=96&d=mm&r=g\",\"caption\":\"Pilar\"},\"url\":\"https:\\\/\\\/www.enerlandgroup.com\\\/en\\\/author\\\/enerland\\\/\"}]}<\/script>\n<!-- \/ Yoast SEO plugin. -->","yoast_head_json":{"title":"Portugal Renewable Energy Summit 2021 - Enerland Energ\u00eda Renovable","description":"Enerland attended the Portugal Renewable Energy Summit that was held on November 9 and 10 in Lisbon.","robots":{"index":"index","follow":"follow","max-snippet":"max-snippet:-1","max-image-preview":"max-image-preview:large","max-video-preview":"max-video-preview:-1"},"canonical":"https:\/\/www.enerlandgroup.com\/en\/portugal-renewable-energy-summit-2021\/","og_locale":"en_US","og_type":"article","og_title":"Portugal Renewable Energy Summit 2021 - Enerland Energ\u00eda Renovable","og_description":"Enerland attended the Portugal Renewable Energy Summit that was held on November 9 and 10 in Lisbon.","og_url":"https:\/\/www.enerlandgroup.com\/en\/portugal-renewable-energy-summit-2021\/","og_site_name":"Enerland Energ\u00eda Renovable","article_published_time":"2021-11-15T11:27:05+00:00","article_modified_time":"2021-11-23T08:44:21+00:00","og_image":[{"width":1870,"height":700,"url":"https:\/\/www.enerlandgroup.com\/wp-content\/uploads\/2021\/11\/Portugal-Renewable-Energy-Summit-2021-min-2.jpg","type":"image\/jpeg"}],"author":"Pilar","twitter_card":"summary_large_image","schema":{"@context":"https:\/\/schema.org","@graph":[{"@type":"Article","@id":"https:\/\/www.enerlandgroup.com\/en\/portugal-renewable-energy-summit-2021\/#article","isPartOf":{"@id":"https:\/\/www.enerlandgroup.com\/en\/portugal-renewable-energy-summit-2021\/"},"author":{"name":"Pilar","@id":"https:\/\/www.enerlandgroup.com\/es\/#\/schema\/person\/d842c1aed4fef077270deb261453486c"},"headline":"Portugal Renewable Energy Summit 2021","datePublished":"2021-11-15T11:27:05+00:00","dateModified":"2021-11-23T08:44:21+00:00","mainEntityOfPage":{"@id":"https:\/\/www.enerlandgroup.com\/en\/portugal-renewable-energy-summit-2021\/"},"wordCount":329,"commentCount":0,"publisher":{"@id":"https:\/\/www.enerlandgroup.com\/es\/#organization"},"image":{"@id":"https:\/\/www.enerlandgroup.com\/en\/portugal-renewable-energy-summit-2021\/#primaryimage"},"thumbnailUrl":"https:\/\/www.enerlandgroup.com\/wp-content\/uploads\/2021\/11\/Portugal-Renewable-Energy-Summit-2021-min-2.jpg","articleSection":["Noticias"],"inLanguage":"en-US","potentialAction":[{"@type":"CommentAction","name":"Comment","target":["https:\/\/www.enerlandgroup.com\/en\/portugal-renewable-energy-summit-2021\/#respond"]}]},{"@type":["WebPage","ItemPage"],"@id":"https:\/\/www.enerlandgroup.com\/en\/portugal-renewable-energy-summit-2021\/","url":"https:\/\/www.enerlandgroup.com\/en\/portugal-renewable-energy-summit-2021\/","name":"Portugal Renewable Energy Summit 2021 - Enerland Energ\u00eda Renovable","isPartOf":{"@id":"https:\/\/www.enerlandgroup.com\/es\/#website"},"primaryImageOfPage":{"@id":"https:\/\/www.enerlandgroup.com\/en\/portugal-renewable-energy-summit-2021\/#primaryimage"},"image":{"@id":"https:\/\/www.enerlandgroup.com\/en\/portugal-renewable-energy-summit-2021\/#primaryimage"},"thumbnailUrl":"https:\/\/www.enerlandgroup.com\/wp-content\/uploads\/2021\/11\/Portugal-Renewable-Energy-Summit-2021-min-2.jpg","datePublished":"2021-11-15T11:27:05+00:00","dateModified":"2021-11-23T08:44:21+00:00","description":"Enerland attended the Portugal Renewable Energy Summit that was held on November 9 and 10 in Lisbon.","breadcrumb":{"@id":"https:\/\/www.enerlandgroup.com\/en\/portugal-renewable-energy-summit-2021\/#breadcrumb"},"inLanguage":"en-US","potentialAction":[{"@type":"ReadAction","target":["https:\/\/www.enerlandgroup.com\/en\/portugal-renewable-energy-summit-2021\/"]}]},{"@type":"ImageObject","inLanguage":"en-US","@id":"https:\/\/www.enerlandgroup.com\/en\/portugal-renewable-energy-summit-2021\/#primaryimage","url":"https:\/\/www.enerlandgroup.com\/wp-content\/uploads\/2021\/11\/Portugal-Renewable-Energy-Summit-2021-min-2.jpg","contentUrl":"https:\/\/www.enerlandgroup.com\/wp-content\/uploads\/2021\/11\/Portugal-Renewable-Energy-Summit-2021-min-2.jpg","width":1870,"height":700,"caption":"Portugal Renewable Energy Summit 2021"},{"@type":"BreadcrumbList","@id":"https:\/\/www.enerlandgroup.com\/en\/portugal-renewable-energy-summit-2021\/#breadcrumb","itemListElement":[{"@type":"ListItem","position":1,"name":"Inicio","item":"https:\/\/www.enerlandgroup.com\/en\/inicio\/"},{"@type":"ListItem","position":2,"name":"Portugal Renewable Energy Summit 2021"}]},{"@type":"WebSite","@id":"https:\/\/www.enerlandgroup.com\/es\/#website","url":"https:\/\/www.enerlandgroup.com\/es\/","name":"Enerland Energ\u00eda Renovable","description":"","publisher":{"@id":"https:\/\/www.enerlandgroup.com\/es\/#organization"},"potentialAction":[{"@type":"SearchAction","target":{"@type":"EntryPoint","urlTemplate":"https:\/\/www.enerlandgroup.com\/es\/?s={search_term_string}"},"query-input":{"@type":"PropertyValueSpecification","valueRequired":true,"valueName":"search_term_string"}}],"inLanguage":"en-US"},{"@type":"Organization","@id":"https:\/\/www.enerlandgroup.com\/es\/#organization","name":"Enerland Group","url":"https:\/\/www.enerlandgroup.com\/es\/","logo":{"@type":"ImageObject","inLanguage":"en-US","@id":"https:\/\/www.enerlandgroup.com\/es\/#\/schema\/logo\/image\/","url":"https:\/\/www.enerlandgroup.com\/wp-content\/uploads\/2021\/05\/Logo_Enerland.png","contentUrl":"https:\/\/www.enerlandgroup.com\/wp-content\/uploads\/2021\/05\/Logo_Enerland.png","width":184,"height":43,"caption":"Enerland Group"},"image":{"@id":"https:\/\/www.enerlandgroup.com\/es\/#\/schema\/logo\/image\/"},"sameAs":["https:\/\/www.linkedin.com\/company\/enerland-group\/","https:\/\/www.youtube.com\/channel\/UCjdInbThgaPa2_D34vRChmA"]},{"@type":"Person","@id":"https:\/\/www.enerlandgroup.com\/es\/#\/schema\/person\/d842c1aed4fef077270deb261453486c","name":"Pilar","image":{"@type":"ImageObject","inLanguage":"en-US","@id":"https:\/\/secure.gravatar.com\/avatar\/3e6e1323210dee16f137d8ab0ce7231001529459c2f5b2e4ec20c72d1fd442dc?s=96&d=mm&r=g","url":"https:\/\/secure.gravatar.com\/avatar\/3e6e1323210dee16f137d8ab0ce7231001529459c2f5b2e4ec20c72d1fd442dc?s=96&d=mm&r=g","contentUrl":"https:\/\/secure.gravatar.com\/avatar\/3e6e1323210dee16f137d8ab0ce7231001529459c2f5b2e4ec20c72d1fd442dc?s=96&d=mm&r=g","caption":"Pilar"},"url":"https:\/\/www.enerlandgroup.com\/en\/author\/enerland\/"}]}},"jetpack_featured_media_url":"https:\/\/www.enerlandgroup.com\/wp-content\/uploads\/2021\/11\/Portugal-Renewable-Energy-Summit-2021-min-2.jpg","_links":{"self":[{"href":"https:\/\/www.enerlandgroup.com\/en\/wp-json\/wp\/v2\/posts\/8068","targetHints":{"allow":["GET"]}}],"collection":[{"href":"https:\/\/www.enerlandgroup.com\/en\/wp-json\/wp\/v2\/posts"}],"about":[{"href":"https:\/\/www.enerlandgroup.com\/en\/wp-json\/wp\/v2\/types\/post"}],"author":[{"embeddable":true,"href":"https:\/\/www.enerlandgroup.com\/en\/wp-json\/wp\/v2\/users\/4"}],"replies":[{"embeddable":true,"href":"https:\/\/www.enerlandgroup.com\/en\/wp-json\/wp\/v2\/comments?post=8068"}],"version-history":[{"count":1,"href":"https:\/\/www.enerlandgroup.com\/en\/wp-json\/wp\/v2\/posts\/8068\/revisions"}],"predecessor-version":[{"id":8198,"href":"https:\/\/www.enerlandgroup.com\/en\/wp-json\/wp\/v2\/posts\/8068\/revisions\/8198"}],"wp:featuredmedia":[{"embeddable":true,"href":"https:\/\/www.enerlandgroup.com\/en\/wp-json\/wp\/v2\/media\/8064"}],"wp:attachment":[{"href":"https:\/\/www.enerlandgroup.com\/en\/wp-json\/wp\/v2\/media?parent=8068"}],"wp:term":[{"taxonomy":"category","embeddable":true,"href":"https:\/\/www.enerlandgroup.com\/en\/wp-json\/wp\/v2\/categories?post=8068"},{"taxonomy":"post_tag","embeddable":true,"href":"https:\/\/www.enerlandgroup.com\/en\/wp-json\/wp\/v2\/tags?post=8068"}],"curies":[{"name":"wp","href":"https:\/\/api.w.org\/{rel}","templated":true}]}}