{"id":24494,"date":"2025-06-04T11:51:54","date_gmt":"2025-06-04T09:51:54","guid":{"rendered":"https:\/\/www.enerlandgroup.com\/enerland-participates-in-energyear-colombia-2025\/"},"modified":"2025-06-06T12:01:30","modified_gmt":"2025-06-06T10:01:30","slug":"enerland-participates-in-energyear-colombia-2025","status":"publish","type":"post","link":"https:\/\/www.enerlandgroup.com\/en\/enerland-participates-in-energyear-colombia-2025\/","title":{"rendered":"Enerland participates in Energyear Colombia 2025"},"content":{"rendered":"<h2 data-start=\"95\" data-end=\"311\">Once again, Enerland Group was present at Energyear Colombia 2025, held in Medell\u00edn. Carolina Sandoval, Head of Business Development in the country, participated as a speaker in one of the panels.<\/h2>\n<p>&nbsp;<\/p>\n<p data-start=\"313\" data-end=\"700\">On May 28 and 29, the <a href=\"https:\/\/energyear.com\/en\/colombia\/\">most relevant congress of the renewable energy industry in Colombia<\/a> took place: Energyear Colombia 2025. In this edition, Carolina Sandoval, our Head of Business Development for the region, participated as a speaker in the panel discussion &#8220;Solar developments in Colombia: strategies and challenges to make projects a reality in the country&#8221;. Last 2024, our colleague Erika Rueda was who represented the company in one of the segments of the event, as we shared <a href=\"https:\/\/www.enerlandgroup.com\/en\/enerland-participates-in-energyear-colombia-2024\/\">in this article<\/a>.<\/p>\n<p data-start=\"313\" data-end=\"700\">During her speech, Carolina spoke about her experiences in business development in the sector, emphasizing the importance of the proximity to the communities. She also addresed the role of distributed generation and its contribution to the sustainable growth of the industry. &#8220;It was an honor to be part of this panel, where we discussed important issues in the development of projects in Colombia&#8221;, shared Carolina.<\/p>\n<p data-start=\"702\" data-end=\"984\">Among the conclusions, the following were highlighted:<\/p>\n<ol>\n<li>The search for strategies among project stakeholders is of great relevance for their own progress.<\/li>\n<li data-start=\"702\" data-end=\"984\">Understanding the needs of a country from the technical to the cultural aspects facilitates the success of the projects.<\/li>\n<li data-start=\"702\" data-end=\"984\">Involving new technologies such as storage systems would avoid imbalance in the system.<\/li>\n<\/ol>\n<p data-start=\"702\" data-end=\"984\"><img loading=\"lazy\" decoding=\"async\" class=\"aligncenter size-full wp-image-24460\" src=\"https:\/\/www.enerlandgroup.com\/wp-content\/uploads\/2025\/06\/Energyear-Colombia-2025-2.jpg\" alt=\"\" width=\"1600\" height=\"739\" srcset=\"https:\/\/www.enerlandgroup.com\/wp-content\/uploads\/2025\/06\/Energyear-Colombia-2025-2.jpg 1600w, https:\/\/www.enerlandgroup.com\/wp-content\/uploads\/2025\/06\/Energyear-Colombia-2025-2-1280x591.jpg 1280w, https:\/\/www.enerlandgroup.com\/wp-content\/uploads\/2025\/06\/Energyear-Colombia-2025-2-980x453.jpg 980w, https:\/\/www.enerlandgroup.com\/wp-content\/uploads\/2025\/06\/Energyear-Colombia-2025-2-480x222.jpg 480w\" sizes=\"auto, (min-width: 0px) and (max-width: 480px) 480px, (min-width: 481px) and (max-width: 980px) 980px, (min-width: 981px) and (max-width: 1280px) 1280px, (min-width: 1281px) 1600px, 100vw\" \/><\/p>\n<h2><\/h2>\n<h2>SER Colombia<\/h2>\n<p>&nbsp;<\/p>\n<p data-start=\"100\" data-end=\"409\">In addition to Energyear Colombia 2025, last May Enerland Group participated in the 8th Renewable Energy Meeting, held in Barranquilla. This event, organized by the <a href=\"https:\/\/ser-colombia.org\/\">SER Colombia<\/a> Association, brought together the main topics, trends, and prospects for the future of the renewable energy market in the country.<\/p>\n<p data-start=\"100\" data-end=\"409\">During this event, our Country Manager \u00d3scar Berr\u00edo, our Head of Business Development, Carolina Sandoval, our Construction Manager, Rafael Rodr\u00edguez, and our Development Coordinator, Yolanda Su\u00e1rez, had the opportunity to learn first-hand about the challenges faced by renewable energy projects in their development stage, as well as the lessons learnt in the Colombian context.<\/p>\n<p data-start=\"411\" data-end=\"800\">&#8220;This meeting has allowed us to explore opportunities for collaboraiton with strategic allies so that, through a joint vision, we can continue to promote the energy transition in the country&#8221;, shared Yolanda Su\u00e1rez, Development Coordinator at Enerland Group Colombia.<\/p>\n<p><img loading=\"lazy\" decoding=\"async\" class=\"aligncenter wp-image-24360 size-large\" src=\"https:\/\/www.enerlandgroup.com\/wp-content\/uploads\/2025\/05\/SER-Colombia-2025-1024x768.jpg\" alt=\"\" width=\"1024\" height=\"768\" srcset=\"https:\/\/www.enerlandgroup.com\/wp-content\/uploads\/2025\/05\/SER-Colombia-2025-980x735.jpg 980w, https:\/\/www.enerlandgroup.com\/wp-content\/uploads\/2025\/05\/SER-Colombia-2025-480x360.jpg 480w\" sizes=\"auto, (min-width: 0px) and (max-width: 480px) 480px, (min-width: 481px) and (max-width: 980px) 980px, (min-width: 981px) 1024px, 100vw\" \/><\/p>\n","protected":false},"excerpt":{"rendered":"<p>Once again, Enerland Group was present at Energyear Colombia 2025, held in Medell\u00edn. Carolina<\/p>\n","protected":false},"author":11,"featured_media":24463,"comment_status":"open","ping_status":"open","sticky":false,"template":"","format":"standard","meta":{"_et_pb_use_builder":"","_et_pb_old_content":"","_et_gb_content_width":"","footnotes":""},"categories":[161],"tags":[],"class_list":["post-24494","post","type-post","status-publish","format-standard","has-post-thumbnail","hentry","category-noticias"],"yoast_head":"<!-- This site is optimized with the Yoast SEO plugin v27.4 - https:\/\/yoast.com\/product\/yoast-seo-wordpress\/ -->\n<title>Enerland participates in Energyear Colombia 2025 - Enerland Energ\u00eda Renovable<\/title>\n<meta name=\"description\" content=\"Enerland Group joined Energyear Colombia 2025, where our Head of Business Development, Carolina Sandoval, participated as speaker.\" \/>\n<meta name=\"robots\" content=\"index, follow, max-snippet:-1, max-image-preview:large, max-video-preview:-1\" \/>\n<link rel=\"canonical\" href=\"https:\/\/www.enerlandgroup.com\/en\/enerland-participates-in-energyear-colombia-2025\/\" \/>\n<meta property=\"og:locale\" content=\"en_US\" \/>\n<meta property=\"og:type\" content=\"article\" \/>\n<meta property=\"og:title\" content=\"Enerland participates in Energyear Colombia 2025 - Enerland Energ\u00eda Renovable\" \/>\n<meta property=\"og:description\" content=\"Enerland Group joined Energyear Colombia 2025, where our Head of Business Development, Carolina Sandoval, participated as speaker.\" \/>\n<meta property=\"og:url\" content=\"https:\/\/www.enerlandgroup.com\/en\/enerland-participates-in-energyear-colombia-2025\/\" \/>\n<meta property=\"og:site_name\" content=\"Enerland Energ\u00eda Renovable\" \/>\n<meta property=\"article:published_time\" content=\"2025-06-04T09:51:54+00:00\" \/>\n<meta property=\"article:modified_time\" content=\"2025-06-06T10:01:30+00:00\" \/>\n<meta property=\"og:image\" content=\"https:\/\/www.enerlandgroup.com\/wp-content\/uploads\/2025\/06\/Energyear-Colombia-2025.jpg\" \/>\n\t<meta property=\"og:image:width\" content=\"1870\" \/>\n\t<meta property=\"og:image:height\" content=\"700\" \/>\n\t<meta property=\"og:image:type\" content=\"image\/jpeg\" \/>\n<meta name=\"author\" content=\"Ana\" \/>\n<meta name=\"twitter:card\" content=\"summary_large_image\" \/>\n<script type=\"application\/ld+json\" class=\"yoast-schema-graph\">{\"@context\":\"https:\\\/\\\/schema.org\",\"@graph\":[{\"@type\":\"Article\",\"@id\":\"https:\\\/\\\/www.enerlandgroup.com\\\/en\\\/enerland-participates-in-energyear-colombia-2025\\\/#article\",\"isPartOf\":{\"@id\":\"https:\\\/\\\/www.enerlandgroup.com\\\/en\\\/enerland-participates-in-energyear-colombia-2025\\\/\"},\"author\":{\"name\":\"Ana\",\"@id\":\"https:\\\/\\\/www.enerlandgroup.com\\\/es\\\/#\\\/schema\\\/person\\\/ff4846e816b3f94eb665e1da0854e1b8\"},\"headline\":\"Enerland participates in Energyear Colombia 2025\",\"datePublished\":\"2025-06-04T09:51:54+00:00\",\"dateModified\":\"2025-06-06T10:01:30+00:00\",\"mainEntityOfPage\":{\"@id\":\"https:\\\/\\\/www.enerlandgroup.com\\\/en\\\/enerland-participates-in-energyear-colombia-2025\\\/\"},\"wordCount\":380,\"commentCount\":0,\"publisher\":{\"@id\":\"https:\\\/\\\/www.enerlandgroup.com\\\/es\\\/#organization\"},\"image\":{\"@id\":\"https:\\\/\\\/www.enerlandgroup.com\\\/en\\\/enerland-participates-in-energyear-colombia-2025\\\/#primaryimage\"},\"thumbnailUrl\":\"https:\\\/\\\/www.enerlandgroup.com\\\/wp-content\\\/uploads\\\/2025\\\/06\\\/Energyear-Colombia-2025.jpg\",\"articleSection\":[\"Noticias\"],\"inLanguage\":\"en-US\",\"potentialAction\":[{\"@type\":\"CommentAction\",\"name\":\"Comment\",\"target\":[\"https:\\\/\\\/www.enerlandgroup.com\\\/en\\\/enerland-participates-in-energyear-colombia-2025\\\/#respond\"]}]},{\"@type\":[\"WebPage\",\"ItemPage\"],\"@id\":\"https:\\\/\\\/www.enerlandgroup.com\\\/en\\\/enerland-participates-in-energyear-colombia-2025\\\/\",\"url\":\"https:\\\/\\\/www.enerlandgroup.com\\\/en\\\/enerland-participates-in-energyear-colombia-2025\\\/\",\"name\":\"Enerland participates in Energyear Colombia 2025 - Enerland Energ\u00eda Renovable\",\"isPartOf\":{\"@id\":\"https:\\\/\\\/www.enerlandgroup.com\\\/es\\\/#website\"},\"primaryImageOfPage\":{\"@id\":\"https:\\\/\\\/www.enerlandgroup.com\\\/en\\\/enerland-participates-in-energyear-colombia-2025\\\/#primaryimage\"},\"image\":{\"@id\":\"https:\\\/\\\/www.enerlandgroup.com\\\/en\\\/enerland-participates-in-energyear-colombia-2025\\\/#primaryimage\"},\"thumbnailUrl\":\"https:\\\/\\\/www.enerlandgroup.com\\\/wp-content\\\/uploads\\\/2025\\\/06\\\/Energyear-Colombia-2025.jpg\",\"datePublished\":\"2025-06-04T09:51:54+00:00\",\"dateModified\":\"2025-06-06T10:01:30+00:00\",\"description\":\"Enerland Group joined Energyear Colombia 2025, where our Head of Business Development, Carolina Sandoval, participated as speaker.\",\"breadcrumb\":{\"@id\":\"https:\\\/\\\/www.enerlandgroup.com\\\/en\\\/enerland-participates-in-energyear-colombia-2025\\\/#breadcrumb\"},\"inLanguage\":\"en-US\",\"potentialAction\":[{\"@type\":\"ReadAction\",\"target\":[\"https:\\\/\\\/www.enerlandgroup.com\\\/en\\\/enerland-participates-in-energyear-colombia-2025\\\/\"]}]},{\"@type\":\"ImageObject\",\"inLanguage\":\"en-US\",\"@id\":\"https:\\\/\\\/www.enerlandgroup.com\\\/en\\\/enerland-participates-in-energyear-colombia-2025\\\/#primaryimage\",\"url\":\"https:\\\/\\\/www.enerlandgroup.com\\\/wp-content\\\/uploads\\\/2025\\\/06\\\/Energyear-Colombia-2025.jpg\",\"contentUrl\":\"https:\\\/\\\/www.enerlandgroup.com\\\/wp-content\\\/uploads\\\/2025\\\/06\\\/Energyear-Colombia-2025.jpg\",\"width\":1870,\"height\":700},{\"@type\":\"BreadcrumbList\",\"@id\":\"https:\\\/\\\/www.enerlandgroup.com\\\/en\\\/enerland-participates-in-energyear-colombia-2025\\\/#breadcrumb\",\"itemListElement\":[{\"@type\":\"ListItem\",\"position\":1,\"name\":\"Inicio\",\"item\":\"https:\\\/\\\/www.enerlandgroup.com\\\/en\\\/inicio\\\/\"},{\"@type\":\"ListItem\",\"position\":2,\"name\":\"Enerland participates in Energyear Colombia 2025\"}]},{\"@type\":\"WebSite\",\"@id\":\"https:\\\/\\\/www.enerlandgroup.com\\\/es\\\/#website\",\"url\":\"https:\\\/\\\/www.enerlandgroup.com\\\/es\\\/\",\"name\":\"Enerland Energ\u00eda Renovable\",\"description\":\"\",\"publisher\":{\"@id\":\"https:\\\/\\\/www.enerlandgroup.com\\\/es\\\/#organization\"},\"potentialAction\":[{\"@type\":\"SearchAction\",\"target\":{\"@type\":\"EntryPoint\",\"urlTemplate\":\"https:\\\/\\\/www.enerlandgroup.com\\\/es\\\/?s={search_term_string}\"},\"query-input\":{\"@type\":\"PropertyValueSpecification\",\"valueRequired\":true,\"valueName\":\"search_term_string\"}}],\"inLanguage\":\"en-US\"},{\"@type\":\"Organization\",\"@id\":\"https:\\\/\\\/www.enerlandgroup.com\\\/es\\\/#organization\",\"name\":\"Enerland Group\",\"url\":\"https:\\\/\\\/www.enerlandgroup.com\\\/es\\\/\",\"logo\":{\"@type\":\"ImageObject\",\"inLanguage\":\"en-US\",\"@id\":\"https:\\\/\\\/www.enerlandgroup.com\\\/es\\\/#\\\/schema\\\/logo\\\/image\\\/\",\"url\":\"https:\\\/\\\/www.enerlandgroup.com\\\/wp-content\\\/uploads\\\/2021\\\/05\\\/Logo_Enerland.png\",\"contentUrl\":\"https:\\\/\\\/www.enerlandgroup.com\\\/wp-content\\\/uploads\\\/2021\\\/05\\\/Logo_Enerland.png\",\"width\":184,\"height\":43,\"caption\":\"Enerland Group\"},\"image\":{\"@id\":\"https:\\\/\\\/www.enerlandgroup.com\\\/es\\\/#\\\/schema\\\/logo\\\/image\\\/\"},\"sameAs\":[\"https:\\\/\\\/www.linkedin.com\\\/company\\\/enerland-group\\\/\",\"https:\\\/\\\/www.youtube.com\\\/channel\\\/UCjdInbThgaPa2_D34vRChmA\"]},{\"@type\":\"Person\",\"@id\":\"https:\\\/\\\/www.enerlandgroup.com\\\/es\\\/#\\\/schema\\\/person\\\/ff4846e816b3f94eb665e1da0854e1b8\",\"name\":\"Ana\",\"image\":{\"@type\":\"ImageObject\",\"inLanguage\":\"en-US\",\"@id\":\"https:\\\/\\\/secure.gravatar.com\\\/avatar\\\/495e8a53709541de9036eb34e07c65eacd114aba52461487df6099dee02e64f1?s=96&d=mm&r=g\",\"url\":\"https:\\\/\\\/secure.gravatar.com\\\/avatar\\\/495e8a53709541de9036eb34e07c65eacd114aba52461487df6099dee02e64f1?s=96&d=mm&r=g\",\"contentUrl\":\"https:\\\/\\\/secure.gravatar.com\\\/avatar\\\/495e8a53709541de9036eb34e07c65eacd114aba52461487df6099dee02e64f1?s=96&d=mm&r=g\",\"caption\":\"Ana\"},\"url\":\"https:\\\/\\\/www.enerlandgroup.com\\\/en\\\/author\\\/ana-valdizanenerlandgroup-com\\\/\"}]}<\/script>\n<!-- \/ Yoast SEO plugin. -->","yoast_head_json":{"title":"Enerland participates in Energyear Colombia 2025 - Enerland Energ\u00eda Renovable","description":"Enerland Group joined Energyear Colombia 2025, where our Head of Business Development, Carolina Sandoval, participated as speaker.","robots":{"index":"index","follow":"follow","max-snippet":"max-snippet:-1","max-image-preview":"max-image-preview:large","max-video-preview":"max-video-preview:-1"},"canonical":"https:\/\/www.enerlandgroup.com\/en\/enerland-participates-in-energyear-colombia-2025\/","og_locale":"en_US","og_type":"article","og_title":"Enerland participates in Energyear Colombia 2025 - Enerland Energ\u00eda Renovable","og_description":"Enerland Group joined Energyear Colombia 2025, where our Head of Business Development, Carolina Sandoval, participated as speaker.","og_url":"https:\/\/www.enerlandgroup.com\/en\/enerland-participates-in-energyear-colombia-2025\/","og_site_name":"Enerland Energ\u00eda Renovable","article_published_time":"2025-06-04T09:51:54+00:00","article_modified_time":"2025-06-06T10:01:30+00:00","og_image":[{"width":1870,"height":700,"url":"https:\/\/www.enerlandgroup.com\/wp-content\/uploads\/2025\/06\/Energyear-Colombia-2025.jpg","type":"image\/jpeg"}],"author":"Ana","twitter_card":"summary_large_image","schema":{"@context":"https:\/\/schema.org","@graph":[{"@type":"Article","@id":"https:\/\/www.enerlandgroup.com\/en\/enerland-participates-in-energyear-colombia-2025\/#article","isPartOf":{"@id":"https:\/\/www.enerlandgroup.com\/en\/enerland-participates-in-energyear-colombia-2025\/"},"author":{"name":"Ana","@id":"https:\/\/www.enerlandgroup.com\/es\/#\/schema\/person\/ff4846e816b3f94eb665e1da0854e1b8"},"headline":"Enerland participates in Energyear Colombia 2025","datePublished":"2025-06-04T09:51:54+00:00","dateModified":"2025-06-06T10:01:30+00:00","mainEntityOfPage":{"@id":"https:\/\/www.enerlandgroup.com\/en\/enerland-participates-in-energyear-colombia-2025\/"},"wordCount":380,"commentCount":0,"publisher":{"@id":"https:\/\/www.enerlandgroup.com\/es\/#organization"},"image":{"@id":"https:\/\/www.enerlandgroup.com\/en\/enerland-participates-in-energyear-colombia-2025\/#primaryimage"},"thumbnailUrl":"https:\/\/www.enerlandgroup.com\/wp-content\/uploads\/2025\/06\/Energyear-Colombia-2025.jpg","articleSection":["Noticias"],"inLanguage":"en-US","potentialAction":[{"@type":"CommentAction","name":"Comment","target":["https:\/\/www.enerlandgroup.com\/en\/enerland-participates-in-energyear-colombia-2025\/#respond"]}]},{"@type":["WebPage","ItemPage"],"@id":"https:\/\/www.enerlandgroup.com\/en\/enerland-participates-in-energyear-colombia-2025\/","url":"https:\/\/www.enerlandgroup.com\/en\/enerland-participates-in-energyear-colombia-2025\/","name":"Enerland participates in Energyear Colombia 2025 - Enerland Energ\u00eda Renovable","isPartOf":{"@id":"https:\/\/www.enerlandgroup.com\/es\/#website"},"primaryImageOfPage":{"@id":"https:\/\/www.enerlandgroup.com\/en\/enerland-participates-in-energyear-colombia-2025\/#primaryimage"},"image":{"@id":"https:\/\/www.enerlandgroup.com\/en\/enerland-participates-in-energyear-colombia-2025\/#primaryimage"},"thumbnailUrl":"https:\/\/www.enerlandgroup.com\/wp-content\/uploads\/2025\/06\/Energyear-Colombia-2025.jpg","datePublished":"2025-06-04T09:51:54+00:00","dateModified":"2025-06-06T10:01:30+00:00","description":"Enerland Group joined Energyear Colombia 2025, where our Head of Business Development, Carolina Sandoval, participated as speaker.","breadcrumb":{"@id":"https:\/\/www.enerlandgroup.com\/en\/enerland-participates-in-energyear-colombia-2025\/#breadcrumb"},"inLanguage":"en-US","potentialAction":[{"@type":"ReadAction","target":["https:\/\/www.enerlandgroup.com\/en\/enerland-participates-in-energyear-colombia-2025\/"]}]},{"@type":"ImageObject","inLanguage":"en-US","@id":"https:\/\/www.enerlandgroup.com\/en\/enerland-participates-in-energyear-colombia-2025\/#primaryimage","url":"https:\/\/www.enerlandgroup.com\/wp-content\/uploads\/2025\/06\/Energyear-Colombia-2025.jpg","contentUrl":"https:\/\/www.enerlandgroup.com\/wp-content\/uploads\/2025\/06\/Energyear-Colombia-2025.jpg","width":1870,"height":700},{"@type":"BreadcrumbList","@id":"https:\/\/www.enerlandgroup.com\/en\/enerland-participates-in-energyear-colombia-2025\/#breadcrumb","itemListElement":[{"@type":"ListItem","position":1,"name":"Inicio","item":"https:\/\/www.enerlandgroup.com\/en\/inicio\/"},{"@type":"ListItem","position":2,"name":"Enerland participates in Energyear Colombia 2025"}]},{"@type":"WebSite","@id":"https:\/\/www.enerlandgroup.com\/es\/#website","url":"https:\/\/www.enerlandgroup.com\/es\/","name":"Enerland Energ\u00eda Renovable","description":"","publisher":{"@id":"https:\/\/www.enerlandgroup.com\/es\/#organization"},"potentialAction":[{"@type":"SearchAction","target":{"@type":"EntryPoint","urlTemplate":"https:\/\/www.enerlandgroup.com\/es\/?s={search_term_string}"},"query-input":{"@type":"PropertyValueSpecification","valueRequired":true,"valueName":"search_term_string"}}],"inLanguage":"en-US"},{"@type":"Organization","@id":"https:\/\/www.enerlandgroup.com\/es\/#organization","name":"Enerland Group","url":"https:\/\/www.enerlandgroup.com\/es\/","logo":{"@type":"ImageObject","inLanguage":"en-US","@id":"https:\/\/www.enerlandgroup.com\/es\/#\/schema\/logo\/image\/","url":"https:\/\/www.enerlandgroup.com\/wp-content\/uploads\/2021\/05\/Logo_Enerland.png","contentUrl":"https:\/\/www.enerlandgroup.com\/wp-content\/uploads\/2021\/05\/Logo_Enerland.png","width":184,"height":43,"caption":"Enerland Group"},"image":{"@id":"https:\/\/www.enerlandgroup.com\/es\/#\/schema\/logo\/image\/"},"sameAs":["https:\/\/www.linkedin.com\/company\/enerland-group\/","https:\/\/www.youtube.com\/channel\/UCjdInbThgaPa2_D34vRChmA"]},{"@type":"Person","@id":"https:\/\/www.enerlandgroup.com\/es\/#\/schema\/person\/ff4846e816b3f94eb665e1da0854e1b8","name":"Ana","image":{"@type":"ImageObject","inLanguage":"en-US","@id":"https:\/\/secure.gravatar.com\/avatar\/495e8a53709541de9036eb34e07c65eacd114aba52461487df6099dee02e64f1?s=96&d=mm&r=g","url":"https:\/\/secure.gravatar.com\/avatar\/495e8a53709541de9036eb34e07c65eacd114aba52461487df6099dee02e64f1?s=96&d=mm&r=g","contentUrl":"https:\/\/secure.gravatar.com\/avatar\/495e8a53709541de9036eb34e07c65eacd114aba52461487df6099dee02e64f1?s=96&d=mm&r=g","caption":"Ana"},"url":"https:\/\/www.enerlandgroup.com\/en\/author\/ana-valdizanenerlandgroup-com\/"}]}},"jetpack_featured_media_url":"https:\/\/www.enerlandgroup.com\/wp-content\/uploads\/2025\/06\/Energyear-Colombia-2025.jpg","_links":{"self":[{"href":"https:\/\/www.enerlandgroup.com\/en\/wp-json\/wp\/v2\/posts\/24494","targetHints":{"allow":["GET"]}}],"collection":[{"href":"https:\/\/www.enerlandgroup.com\/en\/wp-json\/wp\/v2\/posts"}],"about":[{"href":"https:\/\/www.enerlandgroup.com\/en\/wp-json\/wp\/v2\/types\/post"}],"author":[{"embeddable":true,"href":"https:\/\/www.enerlandgroup.com\/en\/wp-json\/wp\/v2\/users\/11"}],"replies":[{"embeddable":true,"href":"https:\/\/www.enerlandgroup.com\/en\/wp-json\/wp\/v2\/comments?post=24494"}],"version-history":[{"count":3,"href":"https:\/\/www.enerlandgroup.com\/en\/wp-json\/wp\/v2\/posts\/24494\/revisions"}],"predecessor-version":[{"id":24497,"href":"https:\/\/www.enerlandgroup.com\/en\/wp-json\/wp\/v2\/posts\/24494\/revisions\/24497"}],"wp:featuredmedia":[{"embeddable":true,"href":"https:\/\/www.enerlandgroup.com\/en\/wp-json\/wp\/v2\/media\/24463"}],"wp:attachment":[{"href":"https:\/\/www.enerlandgroup.com\/en\/wp-json\/wp\/v2\/media?parent=24494"}],"wp:term":[{"taxonomy":"category","embeddable":true,"href":"https:\/\/www.enerlandgroup.com\/en\/wp-json\/wp\/v2\/categories?post=24494"},{"taxonomy":"post_tag","embeddable":true,"href":"https:\/\/www.enerlandgroup.com\/en\/wp-json\/wp\/v2\/tags?post=24494"}],"curies":[{"name":"wp","href":"https:\/\/api.w.org\/{rel}","templated":true}]}}