{"id":18584,"date":"2023-12-05T15:01:28","date_gmt":"2023-12-05T14:01:28","guid":{"rendered":"https:\/\/www.enerlandgroup.com\/enerland-attends-the-international-conference-foro-sella\/"},"modified":"2023-12-05T15:03:27","modified_gmt":"2023-12-05T14:03:27","slug":"enerland-attends-the-international-conference-foro-sella","status":"publish","type":"post","link":"https:\/\/www.enerlandgroup.com\/en\/enerland-attends-the-international-conference-foro-sella\/","title":{"rendered":"Enerland attends the International Conference Foro Sella"},"content":{"rendered":"<h2>On November 24, our sales manager, Mario Baz, attended the International Conference Foro Sella &#8220;Industry, data and energy&#8221;, held in Villanueva de G\u00e1llego. The energy situation in Spain was discussed during the meeting, highlighting the role that Arag\u00f3n has in this subject.<\/h2>\n<p>&nbsp;<\/p>\n<p>Foro Sella and Foro Industria y Energ\u00eda organized <a href=\"https:\/\/forosella.com\/en\/forosella-english\/\">the event<\/a> with the support of CEOE, the Energy Cluster of Arag\u00f3n, and the University of Zaragoza. On Friday morning, a number of political figures and specialized in the sector shared their impressions, developments and challenges regarding energy management, ecological transition, and the role that the industry has in this process, both inside and outside the Community of Arag\u00f3n. Among the speakers were the President of the Government of Arag\u00f3n, Jorge Azc\u00f3n, that did the inauguration of the International Conference Foro Sella: after this, several discussion panels about energy and tendencies took place. The Minister of Foreign Affairs, Jos\u00e9 Manuel Albares, closed the act.<\/p>\n<p>&nbsp;<\/p>\n<h3>Enerland at Foro Sella<\/h3>\n<p>&nbsp;<\/p>\n<p><span class=\"ui-provider a b c d e f g h i j k l m n o p q r s t u v w x y z ab ac ae af ag ah ai aj ak\" dir=\"ltr\">Mario Baz, sales manager of Enerland Group, attended the event to learn first-hand which are the innovations and challenges that our sector has to face next.<a href=\"https:\/\/www.enerlandgroup.com\/en\/enerland-group-attends-the-industry-and-energy-forum-2023\/\"> Highlighting once again the good work of the Foro Industria y Energ\u00eda<\/a>: &#8220;Wonderful day again at the Foro Industria y Energ\u00eda! Every speaker has emphasized the momentum that Arag\u00f3n is experiencing as a strategic location with maximum competitiveness in terms of energy, so that the new data center industry can be established in the Community. Enerland already has agreements with some of the main companies in this sector, providing both physical and virtual PPAs, and improving their sustainability goals&#8221;, shares Mario Baz.<\/span><\/p>\n","protected":false},"excerpt":{"rendered":"<p>On November 24, our sales manager, Mario Baz, attended the International Conference Foro Sella<\/p>\n","protected":false},"author":4,"featured_media":18529,"comment_status":"open","ping_status":"open","sticky":false,"template":"","format":"standard","meta":{"_et_pb_use_builder":"","_et_pb_old_content":"","_et_gb_content_width":"","footnotes":""},"categories":[161],"tags":[],"class_list":["post-18584","post","type-post","status-publish","format-standard","has-post-thumbnail","hentry","category-noticias"],"yoast_head":"<!-- This site is optimized with the Yoast SEO plugin v27.4 - https:\/\/yoast.com\/product\/yoast-seo-wordpress\/ -->\n<title>Enerland attends the International Conference Foro Sella - Enerland Energ\u00eda Renovable<\/title>\n<meta name=\"description\" content=\"On November 24. our sales manager attended the International Conference Foro Sella &quot;Industry, data and energy&quot;.\" \/>\n<meta name=\"robots\" content=\"index, follow, max-snippet:-1, max-image-preview:large, max-video-preview:-1\" \/>\n<link rel=\"canonical\" href=\"https:\/\/www.enerlandgroup.com\/en\/enerland-attends-the-international-conference-foro-sella\/\" \/>\n<meta property=\"og:locale\" content=\"en_US\" \/>\n<meta property=\"og:type\" content=\"article\" \/>\n<meta property=\"og:title\" content=\"Enerland attends the International Conference Foro Sella - Enerland Energ\u00eda Renovable\" \/>\n<meta property=\"og:description\" content=\"On November 24. our sales manager attended the International Conference Foro Sella &quot;Industry, data and energy&quot;.\" \/>\n<meta property=\"og:url\" content=\"https:\/\/www.enerlandgroup.com\/en\/enerland-attends-the-international-conference-foro-sella\/\" \/>\n<meta property=\"og:site_name\" content=\"Enerland Energ\u00eda Renovable\" \/>\n<meta property=\"article:published_time\" content=\"2023-12-05T14:01:28+00:00\" \/>\n<meta property=\"article:modified_time\" content=\"2023-12-05T14:03:27+00:00\" \/>\n<meta property=\"og:image\" content=\"https:\/\/www.enerlandgroup.com\/wp-content\/uploads\/2023\/11\/forosella.jpg\" \/>\n\t<meta property=\"og:image:width\" content=\"1870\" \/>\n\t<meta property=\"og:image:height\" content=\"700\" \/>\n\t<meta property=\"og:image:type\" content=\"image\/jpeg\" \/>\n<meta name=\"author\" content=\"Pilar\" \/>\n<meta name=\"twitter:card\" content=\"summary_large_image\" \/>\n<script type=\"application\/ld+json\" class=\"yoast-schema-graph\">{\"@context\":\"https:\\\/\\\/schema.org\",\"@graph\":[{\"@type\":\"Article\",\"@id\":\"https:\\\/\\\/www.enerlandgroup.com\\\/en\\\/enerland-attends-the-international-conference-foro-sella\\\/#article\",\"isPartOf\":{\"@id\":\"https:\\\/\\\/www.enerlandgroup.com\\\/en\\\/enerland-attends-the-international-conference-foro-sella\\\/\"},\"author\":{\"name\":\"Pilar\",\"@id\":\"https:\\\/\\\/www.enerlandgroup.com\\\/es\\\/#\\\/schema\\\/person\\\/d842c1aed4fef077270deb261453486c\"},\"headline\":\"Enerland attends the International Conference Foro Sella\",\"datePublished\":\"2023-12-05T14:01:28+00:00\",\"dateModified\":\"2023-12-05T14:03:27+00:00\",\"mainEntityOfPage\":{\"@id\":\"https:\\\/\\\/www.enerlandgroup.com\\\/en\\\/enerland-attends-the-international-conference-foro-sella\\\/\"},\"wordCount\":285,\"commentCount\":0,\"publisher\":{\"@id\":\"https:\\\/\\\/www.enerlandgroup.com\\\/es\\\/#organization\"},\"image\":{\"@id\":\"https:\\\/\\\/www.enerlandgroup.com\\\/en\\\/enerland-attends-the-international-conference-foro-sella\\\/#primaryimage\"},\"thumbnailUrl\":\"https:\\\/\\\/www.enerlandgroup.com\\\/wp-content\\\/uploads\\\/2023\\\/11\\\/forosella.jpg\",\"articleSection\":[\"Noticias\"],\"inLanguage\":\"en-US\",\"potentialAction\":[{\"@type\":\"CommentAction\",\"name\":\"Comment\",\"target\":[\"https:\\\/\\\/www.enerlandgroup.com\\\/en\\\/enerland-attends-the-international-conference-foro-sella\\\/#respond\"]}]},{\"@type\":[\"WebPage\",\"ItemPage\"],\"@id\":\"https:\\\/\\\/www.enerlandgroup.com\\\/en\\\/enerland-attends-the-international-conference-foro-sella\\\/\",\"url\":\"https:\\\/\\\/www.enerlandgroup.com\\\/en\\\/enerland-attends-the-international-conference-foro-sella\\\/\",\"name\":\"Enerland attends the International Conference Foro Sella - Enerland Energ\u00eda Renovable\",\"isPartOf\":{\"@id\":\"https:\\\/\\\/www.enerlandgroup.com\\\/es\\\/#website\"},\"primaryImageOfPage\":{\"@id\":\"https:\\\/\\\/www.enerlandgroup.com\\\/en\\\/enerland-attends-the-international-conference-foro-sella\\\/#primaryimage\"},\"image\":{\"@id\":\"https:\\\/\\\/www.enerlandgroup.com\\\/en\\\/enerland-attends-the-international-conference-foro-sella\\\/#primaryimage\"},\"thumbnailUrl\":\"https:\\\/\\\/www.enerlandgroup.com\\\/wp-content\\\/uploads\\\/2023\\\/11\\\/forosella.jpg\",\"datePublished\":\"2023-12-05T14:01:28+00:00\",\"dateModified\":\"2023-12-05T14:03:27+00:00\",\"description\":\"On November 24. our sales manager attended the International Conference Foro Sella \\\"Industry, data and energy\\\".\",\"breadcrumb\":{\"@id\":\"https:\\\/\\\/www.enerlandgroup.com\\\/en\\\/enerland-attends-the-international-conference-foro-sella\\\/#breadcrumb\"},\"inLanguage\":\"en-US\",\"potentialAction\":[{\"@type\":\"ReadAction\",\"target\":[\"https:\\\/\\\/www.enerlandgroup.com\\\/en\\\/enerland-attends-the-international-conference-foro-sella\\\/\"]}]},{\"@type\":\"ImageObject\",\"inLanguage\":\"en-US\",\"@id\":\"https:\\\/\\\/www.enerlandgroup.com\\\/en\\\/enerland-attends-the-international-conference-foro-sella\\\/#primaryimage\",\"url\":\"https:\\\/\\\/www.enerlandgroup.com\\\/wp-content\\\/uploads\\\/2023\\\/11\\\/forosella.jpg\",\"contentUrl\":\"https:\\\/\\\/www.enerlandgroup.com\\\/wp-content\\\/uploads\\\/2023\\\/11\\\/forosella.jpg\",\"width\":1870,\"height\":700,\"caption\":\"Enerland Foro Sella FIE\"},{\"@type\":\"BreadcrumbList\",\"@id\":\"https:\\\/\\\/www.enerlandgroup.com\\\/en\\\/enerland-attends-the-international-conference-foro-sella\\\/#breadcrumb\",\"itemListElement\":[{\"@type\":\"ListItem\",\"position\":1,\"name\":\"Inicio\",\"item\":\"https:\\\/\\\/www.enerlandgroup.com\\\/en\\\/inicio\\\/\"},{\"@type\":\"ListItem\",\"position\":2,\"name\":\"Enerland attends the International Conference Foro Sella\"}]},{\"@type\":\"WebSite\",\"@id\":\"https:\\\/\\\/www.enerlandgroup.com\\\/es\\\/#website\",\"url\":\"https:\\\/\\\/www.enerlandgroup.com\\\/es\\\/\",\"name\":\"Enerland Energ\u00eda Renovable\",\"description\":\"\",\"publisher\":{\"@id\":\"https:\\\/\\\/www.enerlandgroup.com\\\/es\\\/#organization\"},\"potentialAction\":[{\"@type\":\"SearchAction\",\"target\":{\"@type\":\"EntryPoint\",\"urlTemplate\":\"https:\\\/\\\/www.enerlandgroup.com\\\/es\\\/?s={search_term_string}\"},\"query-input\":{\"@type\":\"PropertyValueSpecification\",\"valueRequired\":true,\"valueName\":\"search_term_string\"}}],\"inLanguage\":\"en-US\"},{\"@type\":\"Organization\",\"@id\":\"https:\\\/\\\/www.enerlandgroup.com\\\/es\\\/#organization\",\"name\":\"Enerland Group\",\"url\":\"https:\\\/\\\/www.enerlandgroup.com\\\/es\\\/\",\"logo\":{\"@type\":\"ImageObject\",\"inLanguage\":\"en-US\",\"@id\":\"https:\\\/\\\/www.enerlandgroup.com\\\/es\\\/#\\\/schema\\\/logo\\\/image\\\/\",\"url\":\"https:\\\/\\\/www.enerlandgroup.com\\\/wp-content\\\/uploads\\\/2021\\\/05\\\/Logo_Enerland.png\",\"contentUrl\":\"https:\\\/\\\/www.enerlandgroup.com\\\/wp-content\\\/uploads\\\/2021\\\/05\\\/Logo_Enerland.png\",\"width\":184,\"height\":43,\"caption\":\"Enerland Group\"},\"image\":{\"@id\":\"https:\\\/\\\/www.enerlandgroup.com\\\/es\\\/#\\\/schema\\\/logo\\\/image\\\/\"},\"sameAs\":[\"https:\\\/\\\/www.linkedin.com\\\/company\\\/enerland-group\\\/\",\"https:\\\/\\\/www.youtube.com\\\/channel\\\/UCjdInbThgaPa2_D34vRChmA\"]},{\"@type\":\"Person\",\"@id\":\"https:\\\/\\\/www.enerlandgroup.com\\\/es\\\/#\\\/schema\\\/person\\\/d842c1aed4fef077270deb261453486c\",\"name\":\"Pilar\",\"image\":{\"@type\":\"ImageObject\",\"inLanguage\":\"en-US\",\"@id\":\"https:\\\/\\\/secure.gravatar.com\\\/avatar\\\/3e6e1323210dee16f137d8ab0ce7231001529459c2f5b2e4ec20c72d1fd442dc?s=96&d=mm&r=g\",\"url\":\"https:\\\/\\\/secure.gravatar.com\\\/avatar\\\/3e6e1323210dee16f137d8ab0ce7231001529459c2f5b2e4ec20c72d1fd442dc?s=96&d=mm&r=g\",\"contentUrl\":\"https:\\\/\\\/secure.gravatar.com\\\/avatar\\\/3e6e1323210dee16f137d8ab0ce7231001529459c2f5b2e4ec20c72d1fd442dc?s=96&d=mm&r=g\",\"caption\":\"Pilar\"},\"url\":\"https:\\\/\\\/www.enerlandgroup.com\\\/en\\\/author\\\/enerland\\\/\"}]}<\/script>\n<!-- \/ Yoast SEO plugin. -->","yoast_head_json":{"title":"Enerland attends the International Conference Foro Sella - Enerland Energ\u00eda Renovable","description":"On November 24. our sales manager attended the International Conference Foro Sella \"Industry, data and energy\".","robots":{"index":"index","follow":"follow","max-snippet":"max-snippet:-1","max-image-preview":"max-image-preview:large","max-video-preview":"max-video-preview:-1"},"canonical":"https:\/\/www.enerlandgroup.com\/en\/enerland-attends-the-international-conference-foro-sella\/","og_locale":"en_US","og_type":"article","og_title":"Enerland attends the International Conference Foro Sella - Enerland Energ\u00eda Renovable","og_description":"On November 24. our sales manager attended the International Conference Foro Sella \"Industry, data and energy\".","og_url":"https:\/\/www.enerlandgroup.com\/en\/enerland-attends-the-international-conference-foro-sella\/","og_site_name":"Enerland Energ\u00eda Renovable","article_published_time":"2023-12-05T14:01:28+00:00","article_modified_time":"2023-12-05T14:03:27+00:00","og_image":[{"width":1870,"height":700,"url":"https:\/\/www.enerlandgroup.com\/wp-content\/uploads\/2023\/11\/forosella.jpg","type":"image\/jpeg"}],"author":"Pilar","twitter_card":"summary_large_image","schema":{"@context":"https:\/\/schema.org","@graph":[{"@type":"Article","@id":"https:\/\/www.enerlandgroup.com\/en\/enerland-attends-the-international-conference-foro-sella\/#article","isPartOf":{"@id":"https:\/\/www.enerlandgroup.com\/en\/enerland-attends-the-international-conference-foro-sella\/"},"author":{"name":"Pilar","@id":"https:\/\/www.enerlandgroup.com\/es\/#\/schema\/person\/d842c1aed4fef077270deb261453486c"},"headline":"Enerland attends the International Conference Foro Sella","datePublished":"2023-12-05T14:01:28+00:00","dateModified":"2023-12-05T14:03:27+00:00","mainEntityOfPage":{"@id":"https:\/\/www.enerlandgroup.com\/en\/enerland-attends-the-international-conference-foro-sella\/"},"wordCount":285,"commentCount":0,"publisher":{"@id":"https:\/\/www.enerlandgroup.com\/es\/#organization"},"image":{"@id":"https:\/\/www.enerlandgroup.com\/en\/enerland-attends-the-international-conference-foro-sella\/#primaryimage"},"thumbnailUrl":"https:\/\/www.enerlandgroup.com\/wp-content\/uploads\/2023\/11\/forosella.jpg","articleSection":["Noticias"],"inLanguage":"en-US","potentialAction":[{"@type":"CommentAction","name":"Comment","target":["https:\/\/www.enerlandgroup.com\/en\/enerland-attends-the-international-conference-foro-sella\/#respond"]}]},{"@type":["WebPage","ItemPage"],"@id":"https:\/\/www.enerlandgroup.com\/en\/enerland-attends-the-international-conference-foro-sella\/","url":"https:\/\/www.enerlandgroup.com\/en\/enerland-attends-the-international-conference-foro-sella\/","name":"Enerland attends the International Conference Foro Sella - Enerland Energ\u00eda Renovable","isPartOf":{"@id":"https:\/\/www.enerlandgroup.com\/es\/#website"},"primaryImageOfPage":{"@id":"https:\/\/www.enerlandgroup.com\/en\/enerland-attends-the-international-conference-foro-sella\/#primaryimage"},"image":{"@id":"https:\/\/www.enerlandgroup.com\/en\/enerland-attends-the-international-conference-foro-sella\/#primaryimage"},"thumbnailUrl":"https:\/\/www.enerlandgroup.com\/wp-content\/uploads\/2023\/11\/forosella.jpg","datePublished":"2023-12-05T14:01:28+00:00","dateModified":"2023-12-05T14:03:27+00:00","description":"On November 24. our sales manager attended the International Conference Foro Sella \"Industry, data and energy\".","breadcrumb":{"@id":"https:\/\/www.enerlandgroup.com\/en\/enerland-attends-the-international-conference-foro-sella\/#breadcrumb"},"inLanguage":"en-US","potentialAction":[{"@type":"ReadAction","target":["https:\/\/www.enerlandgroup.com\/en\/enerland-attends-the-international-conference-foro-sella\/"]}]},{"@type":"ImageObject","inLanguage":"en-US","@id":"https:\/\/www.enerlandgroup.com\/en\/enerland-attends-the-international-conference-foro-sella\/#primaryimage","url":"https:\/\/www.enerlandgroup.com\/wp-content\/uploads\/2023\/11\/forosella.jpg","contentUrl":"https:\/\/www.enerlandgroup.com\/wp-content\/uploads\/2023\/11\/forosella.jpg","width":1870,"height":700,"caption":"Enerland Foro Sella FIE"},{"@type":"BreadcrumbList","@id":"https:\/\/www.enerlandgroup.com\/en\/enerland-attends-the-international-conference-foro-sella\/#breadcrumb","itemListElement":[{"@type":"ListItem","position":1,"name":"Inicio","item":"https:\/\/www.enerlandgroup.com\/en\/inicio\/"},{"@type":"ListItem","position":2,"name":"Enerland attends the International Conference Foro Sella"}]},{"@type":"WebSite","@id":"https:\/\/www.enerlandgroup.com\/es\/#website","url":"https:\/\/www.enerlandgroup.com\/es\/","name":"Enerland Energ\u00eda Renovable","description":"","publisher":{"@id":"https:\/\/www.enerlandgroup.com\/es\/#organization"},"potentialAction":[{"@type":"SearchAction","target":{"@type":"EntryPoint","urlTemplate":"https:\/\/www.enerlandgroup.com\/es\/?s={search_term_string}"},"query-input":{"@type":"PropertyValueSpecification","valueRequired":true,"valueName":"search_term_string"}}],"inLanguage":"en-US"},{"@type":"Organization","@id":"https:\/\/www.enerlandgroup.com\/es\/#organization","name":"Enerland Group","url":"https:\/\/www.enerlandgroup.com\/es\/","logo":{"@type":"ImageObject","inLanguage":"en-US","@id":"https:\/\/www.enerlandgroup.com\/es\/#\/schema\/logo\/image\/","url":"https:\/\/www.enerlandgroup.com\/wp-content\/uploads\/2021\/05\/Logo_Enerland.png","contentUrl":"https:\/\/www.enerlandgroup.com\/wp-content\/uploads\/2021\/05\/Logo_Enerland.png","width":184,"height":43,"caption":"Enerland Group"},"image":{"@id":"https:\/\/www.enerlandgroup.com\/es\/#\/schema\/logo\/image\/"},"sameAs":["https:\/\/www.linkedin.com\/company\/enerland-group\/","https:\/\/www.youtube.com\/channel\/UCjdInbThgaPa2_D34vRChmA"]},{"@type":"Person","@id":"https:\/\/www.enerlandgroup.com\/es\/#\/schema\/person\/d842c1aed4fef077270deb261453486c","name":"Pilar","image":{"@type":"ImageObject","inLanguage":"en-US","@id":"https:\/\/secure.gravatar.com\/avatar\/3e6e1323210dee16f137d8ab0ce7231001529459c2f5b2e4ec20c72d1fd442dc?s=96&d=mm&r=g","url":"https:\/\/secure.gravatar.com\/avatar\/3e6e1323210dee16f137d8ab0ce7231001529459c2f5b2e4ec20c72d1fd442dc?s=96&d=mm&r=g","contentUrl":"https:\/\/secure.gravatar.com\/avatar\/3e6e1323210dee16f137d8ab0ce7231001529459c2f5b2e4ec20c72d1fd442dc?s=96&d=mm&r=g","caption":"Pilar"},"url":"https:\/\/www.enerlandgroup.com\/en\/author\/enerland\/"}]}},"jetpack_featured_media_url":"https:\/\/www.enerlandgroup.com\/wp-content\/uploads\/2023\/11\/forosella.jpg","_links":{"self":[{"href":"https:\/\/www.enerlandgroup.com\/en\/wp-json\/wp\/v2\/posts\/18584","targetHints":{"allow":["GET"]}}],"collection":[{"href":"https:\/\/www.enerlandgroup.com\/en\/wp-json\/wp\/v2\/posts"}],"about":[{"href":"https:\/\/www.enerlandgroup.com\/en\/wp-json\/wp\/v2\/types\/post"}],"author":[{"embeddable":true,"href":"https:\/\/www.enerlandgroup.com\/en\/wp-json\/wp\/v2\/users\/4"}],"replies":[{"embeddable":true,"href":"https:\/\/www.enerlandgroup.com\/en\/wp-json\/wp\/v2\/comments?post=18584"}],"version-history":[{"count":3,"href":"https:\/\/www.enerlandgroup.com\/en\/wp-json\/wp\/v2\/posts\/18584\/revisions"}],"predecessor-version":[{"id":18587,"href":"https:\/\/www.enerlandgroup.com\/en\/wp-json\/wp\/v2\/posts\/18584\/revisions\/18587"}],"wp:featuredmedia":[{"embeddable":true,"href":"https:\/\/www.enerlandgroup.com\/en\/wp-json\/wp\/v2\/media\/18529"}],"wp:attachment":[{"href":"https:\/\/www.enerlandgroup.com\/en\/wp-json\/wp\/v2\/media?parent=18584"}],"wp:term":[{"taxonomy":"category","embeddable":true,"href":"https:\/\/www.enerlandgroup.com\/en\/wp-json\/wp\/v2\/categories?post=18584"},{"taxonomy":"post_tag","embeddable":true,"href":"https:\/\/www.enerlandgroup.com\/en\/wp-json\/wp\/v2\/tags?post=18584"}],"curies":[{"name":"wp","href":"https:\/\/api.w.org\/{rel}","templated":true}]}}