{"id":18056,"date":"2023-10-19T12:19:30","date_gmt":"2023-10-19T10:19:30","guid":{"rendered":"https:\/\/www.enerlandgroup.com\/sustainability-and-society-seminar\/"},"modified":"2023-10-19T12:20:33","modified_gmt":"2023-10-19T10:20:33","slug":"sustainability-and-society-seminar","status":"publish","type":"post","link":"https:\/\/www.enerlandgroup.com\/en\/sustainability-and-society-seminar\/","title":{"rendered":"&#8220;Sustainability and Society&#8221; Seminar"},"content":{"rendered":"<h2>Enerland Group attends the &#8220;Sustainability and Society: the perfect pairing&#8221; seminar, organized by the Spanish Confederation of Business Organizations in Arag\u00f3n (CEOE Arag\u00f3n).<\/h2>\n<p>&nbsp;<\/p>\n<p>Las September 27th, Enerland Group attended the event, that gathered several businessmen and businesswomen from different corporate areas. <a href=\"https:\/\/ceoearagon.es\/jornadas\/sostenibilidad-y-sociedad-un-binomio-perfecto\/\">The schedule<\/a>, planned with the support of Ses\u00e9 Foundation, consisted on two round-table discussions during which professionals from different fields of work shared their experiences about sustainable social projects. After the welcome speech delivered by CEOE Arag\u00f3n Vicepresident, Jos\u00e9 \u00c1ngel Subir\u00e1, and the General Director of SMEs and Freelances from the Arag\u00f3n Government, Ana Sanz Campos, the first half of the seminar began, titled &#8220;How does corporate sustainability affect our society&#8221;.<\/p>\n<p>This first segment highlighted the need for some impetus on sustainability in a strategic\u00a0 and transversal way to every department in each business, planning measurable and realistic goals to succeed on the proposed actions. One of the unanimous conclusions reached was the relevance of both cooperation and team work in making a common plan known to all employees.<\/p>\n<p>The second round-table discussion was focused on corporate experiences. The main idea shared was the need to learn and be adaptive in order to achieve social responsibility goals. Likewise, the relevance of goals and acknowledgements was highlighted as a way of proving the evolution and improvement made by the companies, as well as their annual efforts.<\/p>\n<p>&nbsp;<\/p>\n<h3>Sustainability and society in Enerland Group<\/h3>\n<p>&nbsp;<\/p>\n<p>Sustainability is <a href=\"https:\/\/www.enerlandgroup.com\/en\/sustainability\/\">essential<\/a> to the company, being its main activity the development of renewable power installations. Relationship with the environment and planet conservation are key concepts to understand our mode of operation in Enerland Group and each of our projects, always pursuing what is best for society in our commitment toward clean energies.<\/p>\n","protected":false},"excerpt":{"rendered":"<p>Enerland Group attends the &#8220;Sustainability and Society: the perfect pairing&#8221; seminar, organized by the<\/p>\n","protected":false},"author":4,"featured_media":17667,"comment_status":"open","ping_status":"open","sticky":false,"template":"","format":"standard","meta":{"_et_pb_use_builder":"","_et_pb_old_content":"","_et_gb_content_width":"","footnotes":""},"categories":[23,161,25],"tags":[],"class_list":["post-18056","post","type-post","status-publish","format-standard","has-post-thumbnail","hentry","category-corporativo","category-noticias","category-sostenibilidad-y-medio-ambiente"],"yoast_head":"<!-- This site is optimized with the Yoast SEO plugin v27.4 - https:\/\/yoast.com\/product\/yoast-seo-wordpress\/ -->\n<title>&quot;Sustainability and Society&quot; Seminar - Enerland Energ\u00eda Renovable<\/title>\n<meta name=\"description\" content=\"Enerland Group attends the &quot;Sustainability and Society&quot; seminar, organized by CEOE Arag\u00f3n, during which different companies share their experience.\" \/>\n<meta name=\"robots\" content=\"index, follow, max-snippet:-1, max-image-preview:large, max-video-preview:-1\" \/>\n<link rel=\"canonical\" href=\"https:\/\/www.enerlandgroup.com\/en\/sustainability-and-society-seminar\/\" \/>\n<meta property=\"og:locale\" content=\"en_US\" \/>\n<meta property=\"og:type\" content=\"article\" \/>\n<meta property=\"og:title\" content=\"&quot;Sustainability and Society&quot; Seminar - Enerland Energ\u00eda Renovable\" \/>\n<meta property=\"og:description\" content=\"Enerland Group attends the &quot;Sustainability and Society&quot; seminar, organized by CEOE Arag\u00f3n, during which different companies share their experience.\" \/>\n<meta property=\"og:url\" content=\"https:\/\/www.enerlandgroup.com\/en\/sustainability-and-society-seminar\/\" \/>\n<meta property=\"og:site_name\" content=\"Enerland Energ\u00eda Renovable\" \/>\n<meta property=\"article:published_time\" content=\"2023-10-19T10:19:30+00:00\" \/>\n<meta property=\"article:modified_time\" content=\"2023-10-19T10:20:33+00:00\" \/>\n<meta property=\"og:image\" content=\"https:\/\/www.enerlandgroup.com\/wp-content\/uploads\/2023\/09\/Web-Jornada-Sostenibilidad-CEOE.jpg\" \/>\n\t<meta property=\"og:image:width\" content=\"1870\" \/>\n\t<meta property=\"og:image:height\" content=\"700\" \/>\n\t<meta property=\"og:image:type\" content=\"image\/jpeg\" \/>\n<meta name=\"author\" content=\"Pilar\" \/>\n<meta name=\"twitter:card\" content=\"summary_large_image\" \/>\n<script type=\"application\/ld+json\" class=\"yoast-schema-graph\">{\"@context\":\"https:\\\/\\\/schema.org\",\"@graph\":[{\"@type\":\"Article\",\"@id\":\"https:\\\/\\\/www.enerlandgroup.com\\\/en\\\/sustainability-and-society-seminar\\\/#article\",\"isPartOf\":{\"@id\":\"https:\\\/\\\/www.enerlandgroup.com\\\/en\\\/sustainability-and-society-seminar\\\/\"},\"author\":{\"name\":\"Pilar\",\"@id\":\"https:\\\/\\\/www.enerlandgroup.com\\\/es\\\/#\\\/schema\\\/person\\\/d842c1aed4fef077270deb261453486c\"},\"headline\":\"&#8220;Sustainability and Society&#8221; Seminar\",\"datePublished\":\"2023-10-19T10:19:30+00:00\",\"dateModified\":\"2023-10-19T10:20:33+00:00\",\"mainEntityOfPage\":{\"@id\":\"https:\\\/\\\/www.enerlandgroup.com\\\/en\\\/sustainability-and-society-seminar\\\/\"},\"wordCount\":296,\"commentCount\":0,\"publisher\":{\"@id\":\"https:\\\/\\\/www.enerlandgroup.com\\\/es\\\/#organization\"},\"image\":{\"@id\":\"https:\\\/\\\/www.enerlandgroup.com\\\/en\\\/sustainability-and-society-seminar\\\/#primaryimage\"},\"thumbnailUrl\":\"https:\\\/\\\/www.enerlandgroup.com\\\/wp-content\\\/uploads\\\/2023\\\/09\\\/Web-Jornada-Sostenibilidad-CEOE.jpg\",\"articleSection\":[\"Corporativo\",\"Noticias\",\"Sostenibilidad y Medio Ambiente\"],\"inLanguage\":\"en-US\",\"potentialAction\":[{\"@type\":\"CommentAction\",\"name\":\"Comment\",\"target\":[\"https:\\\/\\\/www.enerlandgroup.com\\\/en\\\/sustainability-and-society-seminar\\\/#respond\"]}]},{\"@type\":[\"WebPage\",\"ItemPage\"],\"@id\":\"https:\\\/\\\/www.enerlandgroup.com\\\/en\\\/sustainability-and-society-seminar\\\/\",\"url\":\"https:\\\/\\\/www.enerlandgroup.com\\\/en\\\/sustainability-and-society-seminar\\\/\",\"name\":\"\\\"Sustainability and Society\\\" Seminar - Enerland Energ\u00eda Renovable\",\"isPartOf\":{\"@id\":\"https:\\\/\\\/www.enerlandgroup.com\\\/es\\\/#website\"},\"primaryImageOfPage\":{\"@id\":\"https:\\\/\\\/www.enerlandgroup.com\\\/en\\\/sustainability-and-society-seminar\\\/#primaryimage\"},\"image\":{\"@id\":\"https:\\\/\\\/www.enerlandgroup.com\\\/en\\\/sustainability-and-society-seminar\\\/#primaryimage\"},\"thumbnailUrl\":\"https:\\\/\\\/www.enerlandgroup.com\\\/wp-content\\\/uploads\\\/2023\\\/09\\\/Web-Jornada-Sostenibilidad-CEOE.jpg\",\"datePublished\":\"2023-10-19T10:19:30+00:00\",\"dateModified\":\"2023-10-19T10:20:33+00:00\",\"description\":\"Enerland Group attends the \\\"Sustainability and Society\\\" seminar, organized by CEOE Arag\u00f3n, during which different companies share their experience.\",\"breadcrumb\":{\"@id\":\"https:\\\/\\\/www.enerlandgroup.com\\\/en\\\/sustainability-and-society-seminar\\\/#breadcrumb\"},\"inLanguage\":\"en-US\",\"potentialAction\":[{\"@type\":\"ReadAction\",\"target\":[\"https:\\\/\\\/www.enerlandgroup.com\\\/en\\\/sustainability-and-society-seminar\\\/\"]}]},{\"@type\":\"ImageObject\",\"inLanguage\":\"en-US\",\"@id\":\"https:\\\/\\\/www.enerlandgroup.com\\\/en\\\/sustainability-and-society-seminar\\\/#primaryimage\",\"url\":\"https:\\\/\\\/www.enerlandgroup.com\\\/wp-content\\\/uploads\\\/2023\\\/09\\\/Web-Jornada-Sostenibilidad-CEOE.jpg\",\"contentUrl\":\"https:\\\/\\\/www.enerlandgroup.com\\\/wp-content\\\/uploads\\\/2023\\\/09\\\/Web-Jornada-Sostenibilidad-CEOE.jpg\",\"width\":1870,\"height\":700,\"caption\":\"CEOE \\\"Sustainability and Society\\\" Seminar\"},{\"@type\":\"BreadcrumbList\",\"@id\":\"https:\\\/\\\/www.enerlandgroup.com\\\/en\\\/sustainability-and-society-seminar\\\/#breadcrumb\",\"itemListElement\":[{\"@type\":\"ListItem\",\"position\":1,\"name\":\"Inicio\",\"item\":\"https:\\\/\\\/www.enerlandgroup.com\\\/en\\\/inicio\\\/\"},{\"@type\":\"ListItem\",\"position\":2,\"name\":\"&#8220;Sustainability and Society&#8221; Seminar\"}]},{\"@type\":\"WebSite\",\"@id\":\"https:\\\/\\\/www.enerlandgroup.com\\\/es\\\/#website\",\"url\":\"https:\\\/\\\/www.enerlandgroup.com\\\/es\\\/\",\"name\":\"Enerland Energ\u00eda Renovable\",\"description\":\"\",\"publisher\":{\"@id\":\"https:\\\/\\\/www.enerlandgroup.com\\\/es\\\/#organization\"},\"potentialAction\":[{\"@type\":\"SearchAction\",\"target\":{\"@type\":\"EntryPoint\",\"urlTemplate\":\"https:\\\/\\\/www.enerlandgroup.com\\\/es\\\/?s={search_term_string}\"},\"query-input\":{\"@type\":\"PropertyValueSpecification\",\"valueRequired\":true,\"valueName\":\"search_term_string\"}}],\"inLanguage\":\"en-US\"},{\"@type\":\"Organization\",\"@id\":\"https:\\\/\\\/www.enerlandgroup.com\\\/es\\\/#organization\",\"name\":\"Enerland Group\",\"url\":\"https:\\\/\\\/www.enerlandgroup.com\\\/es\\\/\",\"logo\":{\"@type\":\"ImageObject\",\"inLanguage\":\"en-US\",\"@id\":\"https:\\\/\\\/www.enerlandgroup.com\\\/es\\\/#\\\/schema\\\/logo\\\/image\\\/\",\"url\":\"https:\\\/\\\/www.enerlandgroup.com\\\/wp-content\\\/uploads\\\/2021\\\/05\\\/Logo_Enerland.png\",\"contentUrl\":\"https:\\\/\\\/www.enerlandgroup.com\\\/wp-content\\\/uploads\\\/2021\\\/05\\\/Logo_Enerland.png\",\"width\":184,\"height\":43,\"caption\":\"Enerland Group\"},\"image\":{\"@id\":\"https:\\\/\\\/www.enerlandgroup.com\\\/es\\\/#\\\/schema\\\/logo\\\/image\\\/\"},\"sameAs\":[\"https:\\\/\\\/www.linkedin.com\\\/company\\\/enerland-group\\\/\",\"https:\\\/\\\/www.youtube.com\\\/channel\\\/UCjdInbThgaPa2_D34vRChmA\"]},{\"@type\":\"Person\",\"@id\":\"https:\\\/\\\/www.enerlandgroup.com\\\/es\\\/#\\\/schema\\\/person\\\/d842c1aed4fef077270deb261453486c\",\"name\":\"Pilar\",\"image\":{\"@type\":\"ImageObject\",\"inLanguage\":\"en-US\",\"@id\":\"https:\\\/\\\/secure.gravatar.com\\\/avatar\\\/3e6e1323210dee16f137d8ab0ce7231001529459c2f5b2e4ec20c72d1fd442dc?s=96&d=mm&r=g\",\"url\":\"https:\\\/\\\/secure.gravatar.com\\\/avatar\\\/3e6e1323210dee16f137d8ab0ce7231001529459c2f5b2e4ec20c72d1fd442dc?s=96&d=mm&r=g\",\"contentUrl\":\"https:\\\/\\\/secure.gravatar.com\\\/avatar\\\/3e6e1323210dee16f137d8ab0ce7231001529459c2f5b2e4ec20c72d1fd442dc?s=96&d=mm&r=g\",\"caption\":\"Pilar\"},\"url\":\"https:\\\/\\\/www.enerlandgroup.com\\\/en\\\/author\\\/enerland\\\/\"}]}<\/script>\n<!-- \/ Yoast SEO plugin. -->","yoast_head_json":{"title":"\"Sustainability and Society\" Seminar - Enerland Energ\u00eda Renovable","description":"Enerland Group attends the \"Sustainability and Society\" seminar, organized by CEOE Arag\u00f3n, during which different companies share their experience.","robots":{"index":"index","follow":"follow","max-snippet":"max-snippet:-1","max-image-preview":"max-image-preview:large","max-video-preview":"max-video-preview:-1"},"canonical":"https:\/\/www.enerlandgroup.com\/en\/sustainability-and-society-seminar\/","og_locale":"en_US","og_type":"article","og_title":"\"Sustainability and Society\" Seminar - Enerland Energ\u00eda Renovable","og_description":"Enerland Group attends the \"Sustainability and Society\" seminar, organized by CEOE Arag\u00f3n, during which different companies share their experience.","og_url":"https:\/\/www.enerlandgroup.com\/en\/sustainability-and-society-seminar\/","og_site_name":"Enerland Energ\u00eda Renovable","article_published_time":"2023-10-19T10:19:30+00:00","article_modified_time":"2023-10-19T10:20:33+00:00","og_image":[{"width":1870,"height":700,"url":"https:\/\/www.enerlandgroup.com\/wp-content\/uploads\/2023\/09\/Web-Jornada-Sostenibilidad-CEOE.jpg","type":"image\/jpeg"}],"author":"Pilar","twitter_card":"summary_large_image","schema":{"@context":"https:\/\/schema.org","@graph":[{"@type":"Article","@id":"https:\/\/www.enerlandgroup.com\/en\/sustainability-and-society-seminar\/#article","isPartOf":{"@id":"https:\/\/www.enerlandgroup.com\/en\/sustainability-and-society-seminar\/"},"author":{"name":"Pilar","@id":"https:\/\/www.enerlandgroup.com\/es\/#\/schema\/person\/d842c1aed4fef077270deb261453486c"},"headline":"&#8220;Sustainability and Society&#8221; Seminar","datePublished":"2023-10-19T10:19:30+00:00","dateModified":"2023-10-19T10:20:33+00:00","mainEntityOfPage":{"@id":"https:\/\/www.enerlandgroup.com\/en\/sustainability-and-society-seminar\/"},"wordCount":296,"commentCount":0,"publisher":{"@id":"https:\/\/www.enerlandgroup.com\/es\/#organization"},"image":{"@id":"https:\/\/www.enerlandgroup.com\/en\/sustainability-and-society-seminar\/#primaryimage"},"thumbnailUrl":"https:\/\/www.enerlandgroup.com\/wp-content\/uploads\/2023\/09\/Web-Jornada-Sostenibilidad-CEOE.jpg","articleSection":["Corporativo","Noticias","Sostenibilidad y Medio Ambiente"],"inLanguage":"en-US","potentialAction":[{"@type":"CommentAction","name":"Comment","target":["https:\/\/www.enerlandgroup.com\/en\/sustainability-and-society-seminar\/#respond"]}]},{"@type":["WebPage","ItemPage"],"@id":"https:\/\/www.enerlandgroup.com\/en\/sustainability-and-society-seminar\/","url":"https:\/\/www.enerlandgroup.com\/en\/sustainability-and-society-seminar\/","name":"\"Sustainability and Society\" Seminar - Enerland Energ\u00eda Renovable","isPartOf":{"@id":"https:\/\/www.enerlandgroup.com\/es\/#website"},"primaryImageOfPage":{"@id":"https:\/\/www.enerlandgroup.com\/en\/sustainability-and-society-seminar\/#primaryimage"},"image":{"@id":"https:\/\/www.enerlandgroup.com\/en\/sustainability-and-society-seminar\/#primaryimage"},"thumbnailUrl":"https:\/\/www.enerlandgroup.com\/wp-content\/uploads\/2023\/09\/Web-Jornada-Sostenibilidad-CEOE.jpg","datePublished":"2023-10-19T10:19:30+00:00","dateModified":"2023-10-19T10:20:33+00:00","description":"Enerland Group attends the \"Sustainability and Society\" seminar, organized by CEOE Arag\u00f3n, during which different companies share their experience.","breadcrumb":{"@id":"https:\/\/www.enerlandgroup.com\/en\/sustainability-and-society-seminar\/#breadcrumb"},"inLanguage":"en-US","potentialAction":[{"@type":"ReadAction","target":["https:\/\/www.enerlandgroup.com\/en\/sustainability-and-society-seminar\/"]}]},{"@type":"ImageObject","inLanguage":"en-US","@id":"https:\/\/www.enerlandgroup.com\/en\/sustainability-and-society-seminar\/#primaryimage","url":"https:\/\/www.enerlandgroup.com\/wp-content\/uploads\/2023\/09\/Web-Jornada-Sostenibilidad-CEOE.jpg","contentUrl":"https:\/\/www.enerlandgroup.com\/wp-content\/uploads\/2023\/09\/Web-Jornada-Sostenibilidad-CEOE.jpg","width":1870,"height":700,"caption":"CEOE \"Sustainability and Society\" Seminar"},{"@type":"BreadcrumbList","@id":"https:\/\/www.enerlandgroup.com\/en\/sustainability-and-society-seminar\/#breadcrumb","itemListElement":[{"@type":"ListItem","position":1,"name":"Inicio","item":"https:\/\/www.enerlandgroup.com\/en\/inicio\/"},{"@type":"ListItem","position":2,"name":"&#8220;Sustainability and Society&#8221; Seminar"}]},{"@type":"WebSite","@id":"https:\/\/www.enerlandgroup.com\/es\/#website","url":"https:\/\/www.enerlandgroup.com\/es\/","name":"Enerland Energ\u00eda Renovable","description":"","publisher":{"@id":"https:\/\/www.enerlandgroup.com\/es\/#organization"},"potentialAction":[{"@type":"SearchAction","target":{"@type":"EntryPoint","urlTemplate":"https:\/\/www.enerlandgroup.com\/es\/?s={search_term_string}"},"query-input":{"@type":"PropertyValueSpecification","valueRequired":true,"valueName":"search_term_string"}}],"inLanguage":"en-US"},{"@type":"Organization","@id":"https:\/\/www.enerlandgroup.com\/es\/#organization","name":"Enerland Group","url":"https:\/\/www.enerlandgroup.com\/es\/","logo":{"@type":"ImageObject","inLanguage":"en-US","@id":"https:\/\/www.enerlandgroup.com\/es\/#\/schema\/logo\/image\/","url":"https:\/\/www.enerlandgroup.com\/wp-content\/uploads\/2021\/05\/Logo_Enerland.png","contentUrl":"https:\/\/www.enerlandgroup.com\/wp-content\/uploads\/2021\/05\/Logo_Enerland.png","width":184,"height":43,"caption":"Enerland Group"},"image":{"@id":"https:\/\/www.enerlandgroup.com\/es\/#\/schema\/logo\/image\/"},"sameAs":["https:\/\/www.linkedin.com\/company\/enerland-group\/","https:\/\/www.youtube.com\/channel\/UCjdInbThgaPa2_D34vRChmA"]},{"@type":"Person","@id":"https:\/\/www.enerlandgroup.com\/es\/#\/schema\/person\/d842c1aed4fef077270deb261453486c","name":"Pilar","image":{"@type":"ImageObject","inLanguage":"en-US","@id":"https:\/\/secure.gravatar.com\/avatar\/3e6e1323210dee16f137d8ab0ce7231001529459c2f5b2e4ec20c72d1fd442dc?s=96&d=mm&r=g","url":"https:\/\/secure.gravatar.com\/avatar\/3e6e1323210dee16f137d8ab0ce7231001529459c2f5b2e4ec20c72d1fd442dc?s=96&d=mm&r=g","contentUrl":"https:\/\/secure.gravatar.com\/avatar\/3e6e1323210dee16f137d8ab0ce7231001529459c2f5b2e4ec20c72d1fd442dc?s=96&d=mm&r=g","caption":"Pilar"},"url":"https:\/\/www.enerlandgroup.com\/en\/author\/enerland\/"}]}},"jetpack_featured_media_url":"https:\/\/www.enerlandgroup.com\/wp-content\/uploads\/2023\/09\/Web-Jornada-Sostenibilidad-CEOE.jpg","_links":{"self":[{"href":"https:\/\/www.enerlandgroup.com\/en\/wp-json\/wp\/v2\/posts\/18056","targetHints":{"allow":["GET"]}}],"collection":[{"href":"https:\/\/www.enerlandgroup.com\/en\/wp-json\/wp\/v2\/posts"}],"about":[{"href":"https:\/\/www.enerlandgroup.com\/en\/wp-json\/wp\/v2\/types\/post"}],"author":[{"embeddable":true,"href":"https:\/\/www.enerlandgroup.com\/en\/wp-json\/wp\/v2\/users\/4"}],"replies":[{"embeddable":true,"href":"https:\/\/www.enerlandgroup.com\/en\/wp-json\/wp\/v2\/comments?post=18056"}],"version-history":[{"count":1,"href":"https:\/\/www.enerlandgroup.com\/en\/wp-json\/wp\/v2\/posts\/18056\/revisions"}],"predecessor-version":[{"id":18057,"href":"https:\/\/www.enerlandgroup.com\/en\/wp-json\/wp\/v2\/posts\/18056\/revisions\/18057"}],"wp:featuredmedia":[{"embeddable":true,"href":"https:\/\/www.enerlandgroup.com\/en\/wp-json\/wp\/v2\/media\/17667"}],"wp:attachment":[{"href":"https:\/\/www.enerlandgroup.com\/en\/wp-json\/wp\/v2\/media?parent=18056"}],"wp:term":[{"taxonomy":"category","embeddable":true,"href":"https:\/\/www.enerlandgroup.com\/en\/wp-json\/wp\/v2\/categories?post=18056"},{"taxonomy":"post_tag","embeddable":true,"href":"https:\/\/www.enerlandgroup.com\/en\/wp-json\/wp\/v2\/tags?post=18056"}],"curies":[{"name":"wp","href":"https:\/\/api.w.org\/{rel}","templated":true}]}}