{"id":13038,"date":"2022-09-16T12:43:18","date_gmt":"2022-09-16T10:43:18","guid":{"rendered":"https:\/\/www.enerlandgroup.com\/we-started-two-new-photovoltaic-parks-in-aragon\/"},"modified":"2022-09-19T09:19:38","modified_gmt":"2022-09-19T07:19:38","slug":"we-started-two-new-photovoltaic-parks-in-aragon","status":"publish","type":"post","link":"https:\/\/www.enerlandgroup.com\/en\/we-started-two-new-photovoltaic-parks-in-aragon\/","title":{"rendered":"We started two new photovoltaic parks in Arag\u00f3n"},"content":{"rendered":"<h2><span data-preserver-spaces=\"true\">We started the construction of two new photovoltaic parks in Arag\u00f3n. For them, previously, we have also fully taken care of all the phases of their development.<\/span><\/h2>\n<p>&nbsp;<\/p>\n<p><span data-preserver-spaces=\"true\">We present the two new photovoltaic parks starting their works in Arag\u00f3n: Fuentes and Botorrita. Both parks will have 1 MWp of power and will be located in the province of Zaragoza. These two projects will form part of\u00a0<\/span><a class=\"editor-rtfLink\" href=\"https:\/\/www.enerlandgroup.com\/es\/parque-fotovoltaico-san-mateo\/\" target=\"_blank\" rel=\"noopener\"><span data-preserver-spaces=\"true\">our portfolio of 1 MW plants, such as the San Mateo Photovoltaic Park<\/span><\/a><span data-preserver-spaces=\"true\">, which completed its construction this summer. Once the respective structures are constructed, they generate 2,654-megawatt hours of clean energy from photovoltaic technology. This joint production is equivalent to the consumption of 643 Spanish households. Finally, considering its sustainable value and the exploitation of this renewable source, the total emission of 908 tons of CO2 into the atmosphere per year will be avoided. This reduction will not only\u00a0<\/span><a class=\"editor-rtfLink\" href=\"https:\/\/www.linkedin.com\/posts\/enerland-group_las-renovables-piden-al-gobierno-un-plan-activity-6922079593528987648-ZpXA?utm_source=share&amp;utm_medium=member_desktop\" target=\"_blank\" rel=\"noopener\"><span data-preserver-spaces=\"true\">contribute to the achievement of Spain&#8217;s sustainability objectives of the 2030 Agenda<\/span><\/a><span data-preserver-spaces=\"true\">\u00a0but also the country&#8217;s energy independence.\u00a0<\/span><\/p>\n<p>&nbsp;<\/p>\n<h3>The construction phase of the two new photovoltaic parks in Arag\u00f3n<\/h3>\n<p>&nbsp;<\/p>\n<p>As has been mentioned, before the construction of the two plants, our team also carried out all the development and design phases of the project. Throughout September, it will carry out the tasks of earthworks and fencing. Later, it will be the turn of the driving for the structures, and finally, it will incorporate a total of more than 5.000 solar panels between the two floors.<\/p>\n<h3>\u00a0<\/h3>\n<h3>Investment in renewables<\/h3>\n<p>&nbsp;<\/p>\n<p>This type of smaller photovoltaic plant, for which 2 and 3 hectares of land are needed, is a great investment opportunity. Its long useful life allows our clients to generate significant economic returns over time. Additionally, betting on investment in this type of energy is betting on the future. They avoid tons of annual CO2 emissions into the atmosphere and do not produce any pollution, improving the quality of life in the places where they are located.<\/p>\n","protected":false},"excerpt":{"rendered":"<p>We started the construction of two new photovoltaic parks in Arag\u00f3n. For them, previously,<\/p>\n","protected":false},"author":4,"featured_media":12979,"comment_status":"open","ping_status":"open","sticky":false,"template":"","format":"standard","meta":{"_et_pb_use_builder":"","_et_pb_old_content":"","_et_gb_content_width":"","footnotes":""},"categories":[161],"tags":[44,177,78,82],"class_list":["post-13038","post","type-post","status-publish","format-standard","has-post-thumbnail","hentry","category-noticias","tag-espana","tag-parque-fotovoltaico","tag-proyecto","tag-proyectos"],"yoast_head":"<!-- This site is optimized with the Yoast SEO plugin v27.4 - https:\/\/yoast.com\/product\/yoast-seo-wordpress\/ -->\n<title>We started two new photovoltaic parks in Arag\u00f3n - Enerland Energ\u00eda Renovable<\/title>\n<meta name=\"description\" content=\"We started the construction of two new photovoltaic parks in Arag\u00f3n that Enerland has previously fully developed.\" \/>\n<meta name=\"robots\" content=\"index, follow, max-snippet:-1, max-image-preview:large, max-video-preview:-1\" \/>\n<link rel=\"canonical\" href=\"https:\/\/www.enerlandgroup.com\/en\/we-started-two-new-photovoltaic-parks-in-aragon\/\" \/>\n<meta property=\"og:locale\" content=\"en_US\" \/>\n<meta property=\"og:type\" content=\"article\" \/>\n<meta property=\"og:title\" content=\"We started two new photovoltaic parks in Arag\u00f3n - Enerland Energ\u00eda Renovable\" \/>\n<meta property=\"og:description\" content=\"We started the construction of two new photovoltaic parks in Arag\u00f3n that Enerland has previously fully developed.\" \/>\n<meta property=\"og:url\" content=\"https:\/\/www.enerlandgroup.com\/en\/we-started-two-new-photovoltaic-parks-in-aragon\/\" \/>\n<meta property=\"og:site_name\" content=\"Enerland Energ\u00eda Renovable\" \/>\n<meta property=\"article:published_time\" content=\"2022-09-16T10:43:18+00:00\" \/>\n<meta property=\"article:modified_time\" content=\"2022-09-19T07:19:38+00:00\" \/>\n<meta property=\"og:image\" content=\"https:\/\/www.enerlandgroup.com\/wp-content\/uploads\/2022\/09\/Noticias-nuevos-proyectos-Aragon.jpg\" \/>\n\t<meta property=\"og:image:width\" content=\"7792\" \/>\n\t<meta property=\"og:image:height\" content=\"2917\" \/>\n\t<meta property=\"og:image:type\" content=\"image\/jpeg\" \/>\n<meta name=\"author\" content=\"Pilar\" \/>\n<meta name=\"twitter:card\" content=\"summary_large_image\" \/>\n<script type=\"application\/ld+json\" class=\"yoast-schema-graph\">{\"@context\":\"https:\\\/\\\/schema.org\",\"@graph\":[{\"@type\":\"Article\",\"@id\":\"https:\\\/\\\/www.enerlandgroup.com\\\/en\\\/we-started-two-new-photovoltaic-parks-in-aragon\\\/#article\",\"isPartOf\":{\"@id\":\"https:\\\/\\\/www.enerlandgroup.com\\\/en\\\/we-started-two-new-photovoltaic-parks-in-aragon\\\/\"},\"author\":{\"name\":\"Pilar\",\"@id\":\"https:\\\/\\\/www.enerlandgroup.com\\\/es\\\/#\\\/schema\\\/person\\\/d842c1aed4fef077270deb261453486c\"},\"headline\":\"We started two new photovoltaic parks in Arag\u00f3n\",\"datePublished\":\"2022-09-16T10:43:18+00:00\",\"dateModified\":\"2022-09-19T07:19:38+00:00\",\"mainEntityOfPage\":{\"@id\":\"https:\\\/\\\/www.enerlandgroup.com\\\/en\\\/we-started-two-new-photovoltaic-parks-in-aragon\\\/\"},\"wordCount\":331,\"commentCount\":0,\"publisher\":{\"@id\":\"https:\\\/\\\/www.enerlandgroup.com\\\/es\\\/#organization\"},\"image\":{\"@id\":\"https:\\\/\\\/www.enerlandgroup.com\\\/en\\\/we-started-two-new-photovoltaic-parks-in-aragon\\\/#primaryimage\"},\"thumbnailUrl\":\"https:\\\/\\\/www.enerlandgroup.com\\\/wp-content\\\/uploads\\\/2022\\\/09\\\/Noticias-nuevos-proyectos-Aragon.jpg\",\"keywords\":[\"Espa\u00f1a\",\"Parque fotovoltaico\",\"proyecto\",\"proyectos\"],\"articleSection\":[\"Noticias\"],\"inLanguage\":\"en-US\",\"potentialAction\":[{\"@type\":\"CommentAction\",\"name\":\"Comment\",\"target\":[\"https:\\\/\\\/www.enerlandgroup.com\\\/en\\\/we-started-two-new-photovoltaic-parks-in-aragon\\\/#respond\"]}]},{\"@type\":[\"WebPage\",\"ItemPage\"],\"@id\":\"https:\\\/\\\/www.enerlandgroup.com\\\/en\\\/we-started-two-new-photovoltaic-parks-in-aragon\\\/\",\"url\":\"https:\\\/\\\/www.enerlandgroup.com\\\/en\\\/we-started-two-new-photovoltaic-parks-in-aragon\\\/\",\"name\":\"We started two new photovoltaic parks in Arag\u00f3n - Enerland Energ\u00eda Renovable\",\"isPartOf\":{\"@id\":\"https:\\\/\\\/www.enerlandgroup.com\\\/es\\\/#website\"},\"primaryImageOfPage\":{\"@id\":\"https:\\\/\\\/www.enerlandgroup.com\\\/en\\\/we-started-two-new-photovoltaic-parks-in-aragon\\\/#primaryimage\"},\"image\":{\"@id\":\"https:\\\/\\\/www.enerlandgroup.com\\\/en\\\/we-started-two-new-photovoltaic-parks-in-aragon\\\/#primaryimage\"},\"thumbnailUrl\":\"https:\\\/\\\/www.enerlandgroup.com\\\/wp-content\\\/uploads\\\/2022\\\/09\\\/Noticias-nuevos-proyectos-Aragon.jpg\",\"datePublished\":\"2022-09-16T10:43:18+00:00\",\"dateModified\":\"2022-09-19T07:19:38+00:00\",\"description\":\"We started the construction of two new photovoltaic parks in Arag\u00f3n that Enerland has previously fully developed.\",\"breadcrumb\":{\"@id\":\"https:\\\/\\\/www.enerlandgroup.com\\\/en\\\/we-started-two-new-photovoltaic-parks-in-aragon\\\/#breadcrumb\"},\"inLanguage\":\"en-US\",\"potentialAction\":[{\"@type\":\"ReadAction\",\"target\":[\"https:\\\/\\\/www.enerlandgroup.com\\\/en\\\/we-started-two-new-photovoltaic-parks-in-aragon\\\/\"]}]},{\"@type\":\"ImageObject\",\"inLanguage\":\"en-US\",\"@id\":\"https:\\\/\\\/www.enerlandgroup.com\\\/en\\\/we-started-two-new-photovoltaic-parks-in-aragon\\\/#primaryimage\",\"url\":\"https:\\\/\\\/www.enerlandgroup.com\\\/wp-content\\\/uploads\\\/2022\\\/09\\\/Noticias-nuevos-proyectos-Aragon.jpg\",\"contentUrl\":\"https:\\\/\\\/www.enerlandgroup.com\\\/wp-content\\\/uploads\\\/2022\\\/09\\\/Noticias-nuevos-proyectos-Aragon.jpg\",\"width\":7792,\"height\":2917,\"caption\":\"photovoltaic parks Aragon\"},{\"@type\":\"BreadcrumbList\",\"@id\":\"https:\\\/\\\/www.enerlandgroup.com\\\/en\\\/we-started-two-new-photovoltaic-parks-in-aragon\\\/#breadcrumb\",\"itemListElement\":[{\"@type\":\"ListItem\",\"position\":1,\"name\":\"Inicio\",\"item\":\"https:\\\/\\\/www.enerlandgroup.com\\\/en\\\/inicio\\\/\"},{\"@type\":\"ListItem\",\"position\":2,\"name\":\"We started two new photovoltaic parks in Arag\u00f3n\"}]},{\"@type\":\"WebSite\",\"@id\":\"https:\\\/\\\/www.enerlandgroup.com\\\/es\\\/#website\",\"url\":\"https:\\\/\\\/www.enerlandgroup.com\\\/es\\\/\",\"name\":\"Enerland Energ\u00eda Renovable\",\"description\":\"\",\"publisher\":{\"@id\":\"https:\\\/\\\/www.enerlandgroup.com\\\/es\\\/#organization\"},\"potentialAction\":[{\"@type\":\"SearchAction\",\"target\":{\"@type\":\"EntryPoint\",\"urlTemplate\":\"https:\\\/\\\/www.enerlandgroup.com\\\/es\\\/?s={search_term_string}\"},\"query-input\":{\"@type\":\"PropertyValueSpecification\",\"valueRequired\":true,\"valueName\":\"search_term_string\"}}],\"inLanguage\":\"en-US\"},{\"@type\":\"Organization\",\"@id\":\"https:\\\/\\\/www.enerlandgroup.com\\\/es\\\/#organization\",\"name\":\"Enerland Group\",\"url\":\"https:\\\/\\\/www.enerlandgroup.com\\\/es\\\/\",\"logo\":{\"@type\":\"ImageObject\",\"inLanguage\":\"en-US\",\"@id\":\"https:\\\/\\\/www.enerlandgroup.com\\\/es\\\/#\\\/schema\\\/logo\\\/image\\\/\",\"url\":\"https:\\\/\\\/www.enerlandgroup.com\\\/wp-content\\\/uploads\\\/2021\\\/05\\\/Logo_Enerland.png\",\"contentUrl\":\"https:\\\/\\\/www.enerlandgroup.com\\\/wp-content\\\/uploads\\\/2021\\\/05\\\/Logo_Enerland.png\",\"width\":184,\"height\":43,\"caption\":\"Enerland Group\"},\"image\":{\"@id\":\"https:\\\/\\\/www.enerlandgroup.com\\\/es\\\/#\\\/schema\\\/logo\\\/image\\\/\"},\"sameAs\":[\"https:\\\/\\\/www.linkedin.com\\\/company\\\/enerland-group\\\/\",\"https:\\\/\\\/www.youtube.com\\\/channel\\\/UCjdInbThgaPa2_D34vRChmA\"]},{\"@type\":\"Person\",\"@id\":\"https:\\\/\\\/www.enerlandgroup.com\\\/es\\\/#\\\/schema\\\/person\\\/d842c1aed4fef077270deb261453486c\",\"name\":\"Pilar\",\"image\":{\"@type\":\"ImageObject\",\"inLanguage\":\"en-US\",\"@id\":\"https:\\\/\\\/secure.gravatar.com\\\/avatar\\\/3e6e1323210dee16f137d8ab0ce7231001529459c2f5b2e4ec20c72d1fd442dc?s=96&d=mm&r=g\",\"url\":\"https:\\\/\\\/secure.gravatar.com\\\/avatar\\\/3e6e1323210dee16f137d8ab0ce7231001529459c2f5b2e4ec20c72d1fd442dc?s=96&d=mm&r=g\",\"contentUrl\":\"https:\\\/\\\/secure.gravatar.com\\\/avatar\\\/3e6e1323210dee16f137d8ab0ce7231001529459c2f5b2e4ec20c72d1fd442dc?s=96&d=mm&r=g\",\"caption\":\"Pilar\"},\"url\":\"https:\\\/\\\/www.enerlandgroup.com\\\/en\\\/author\\\/enerland\\\/\"}]}<\/script>\n<!-- \/ Yoast SEO plugin. -->","yoast_head_json":{"title":"We started two new photovoltaic parks in Arag\u00f3n - Enerland Energ\u00eda Renovable","description":"We started the construction of two new photovoltaic parks in Arag\u00f3n that Enerland has previously fully developed.","robots":{"index":"index","follow":"follow","max-snippet":"max-snippet:-1","max-image-preview":"max-image-preview:large","max-video-preview":"max-video-preview:-1"},"canonical":"https:\/\/www.enerlandgroup.com\/en\/we-started-two-new-photovoltaic-parks-in-aragon\/","og_locale":"en_US","og_type":"article","og_title":"We started two new photovoltaic parks in Arag\u00f3n - Enerland Energ\u00eda Renovable","og_description":"We started the construction of two new photovoltaic parks in Arag\u00f3n that Enerland has previously fully developed.","og_url":"https:\/\/www.enerlandgroup.com\/en\/we-started-two-new-photovoltaic-parks-in-aragon\/","og_site_name":"Enerland Energ\u00eda Renovable","article_published_time":"2022-09-16T10:43:18+00:00","article_modified_time":"2022-09-19T07:19:38+00:00","og_image":[{"width":7792,"height":2917,"url":"https:\/\/www.enerlandgroup.com\/wp-content\/uploads\/2022\/09\/Noticias-nuevos-proyectos-Aragon.jpg","type":"image\/jpeg"}],"author":"Pilar","twitter_card":"summary_large_image","schema":{"@context":"https:\/\/schema.org","@graph":[{"@type":"Article","@id":"https:\/\/www.enerlandgroup.com\/en\/we-started-two-new-photovoltaic-parks-in-aragon\/#article","isPartOf":{"@id":"https:\/\/www.enerlandgroup.com\/en\/we-started-two-new-photovoltaic-parks-in-aragon\/"},"author":{"name":"Pilar","@id":"https:\/\/www.enerlandgroup.com\/es\/#\/schema\/person\/d842c1aed4fef077270deb261453486c"},"headline":"We started two new photovoltaic parks in Arag\u00f3n","datePublished":"2022-09-16T10:43:18+00:00","dateModified":"2022-09-19T07:19:38+00:00","mainEntityOfPage":{"@id":"https:\/\/www.enerlandgroup.com\/en\/we-started-two-new-photovoltaic-parks-in-aragon\/"},"wordCount":331,"commentCount":0,"publisher":{"@id":"https:\/\/www.enerlandgroup.com\/es\/#organization"},"image":{"@id":"https:\/\/www.enerlandgroup.com\/en\/we-started-two-new-photovoltaic-parks-in-aragon\/#primaryimage"},"thumbnailUrl":"https:\/\/www.enerlandgroup.com\/wp-content\/uploads\/2022\/09\/Noticias-nuevos-proyectos-Aragon.jpg","keywords":["Espa\u00f1a","Parque fotovoltaico","proyecto","proyectos"],"articleSection":["Noticias"],"inLanguage":"en-US","potentialAction":[{"@type":"CommentAction","name":"Comment","target":["https:\/\/www.enerlandgroup.com\/en\/we-started-two-new-photovoltaic-parks-in-aragon\/#respond"]}]},{"@type":["WebPage","ItemPage"],"@id":"https:\/\/www.enerlandgroup.com\/en\/we-started-two-new-photovoltaic-parks-in-aragon\/","url":"https:\/\/www.enerlandgroup.com\/en\/we-started-two-new-photovoltaic-parks-in-aragon\/","name":"We started two new photovoltaic parks in Arag\u00f3n - Enerland Energ\u00eda Renovable","isPartOf":{"@id":"https:\/\/www.enerlandgroup.com\/es\/#website"},"primaryImageOfPage":{"@id":"https:\/\/www.enerlandgroup.com\/en\/we-started-two-new-photovoltaic-parks-in-aragon\/#primaryimage"},"image":{"@id":"https:\/\/www.enerlandgroup.com\/en\/we-started-two-new-photovoltaic-parks-in-aragon\/#primaryimage"},"thumbnailUrl":"https:\/\/www.enerlandgroup.com\/wp-content\/uploads\/2022\/09\/Noticias-nuevos-proyectos-Aragon.jpg","datePublished":"2022-09-16T10:43:18+00:00","dateModified":"2022-09-19T07:19:38+00:00","description":"We started the construction of two new photovoltaic parks in Arag\u00f3n that Enerland has previously fully developed.","breadcrumb":{"@id":"https:\/\/www.enerlandgroup.com\/en\/we-started-two-new-photovoltaic-parks-in-aragon\/#breadcrumb"},"inLanguage":"en-US","potentialAction":[{"@type":"ReadAction","target":["https:\/\/www.enerlandgroup.com\/en\/we-started-two-new-photovoltaic-parks-in-aragon\/"]}]},{"@type":"ImageObject","inLanguage":"en-US","@id":"https:\/\/www.enerlandgroup.com\/en\/we-started-two-new-photovoltaic-parks-in-aragon\/#primaryimage","url":"https:\/\/www.enerlandgroup.com\/wp-content\/uploads\/2022\/09\/Noticias-nuevos-proyectos-Aragon.jpg","contentUrl":"https:\/\/www.enerlandgroup.com\/wp-content\/uploads\/2022\/09\/Noticias-nuevos-proyectos-Aragon.jpg","width":7792,"height":2917,"caption":"photovoltaic parks Aragon"},{"@type":"BreadcrumbList","@id":"https:\/\/www.enerlandgroup.com\/en\/we-started-two-new-photovoltaic-parks-in-aragon\/#breadcrumb","itemListElement":[{"@type":"ListItem","position":1,"name":"Inicio","item":"https:\/\/www.enerlandgroup.com\/en\/inicio\/"},{"@type":"ListItem","position":2,"name":"We started two new photovoltaic parks in Arag\u00f3n"}]},{"@type":"WebSite","@id":"https:\/\/www.enerlandgroup.com\/es\/#website","url":"https:\/\/www.enerlandgroup.com\/es\/","name":"Enerland Energ\u00eda Renovable","description":"","publisher":{"@id":"https:\/\/www.enerlandgroup.com\/es\/#organization"},"potentialAction":[{"@type":"SearchAction","target":{"@type":"EntryPoint","urlTemplate":"https:\/\/www.enerlandgroup.com\/es\/?s={search_term_string}"},"query-input":{"@type":"PropertyValueSpecification","valueRequired":true,"valueName":"search_term_string"}}],"inLanguage":"en-US"},{"@type":"Organization","@id":"https:\/\/www.enerlandgroup.com\/es\/#organization","name":"Enerland Group","url":"https:\/\/www.enerlandgroup.com\/es\/","logo":{"@type":"ImageObject","inLanguage":"en-US","@id":"https:\/\/www.enerlandgroup.com\/es\/#\/schema\/logo\/image\/","url":"https:\/\/www.enerlandgroup.com\/wp-content\/uploads\/2021\/05\/Logo_Enerland.png","contentUrl":"https:\/\/www.enerlandgroup.com\/wp-content\/uploads\/2021\/05\/Logo_Enerland.png","width":184,"height":43,"caption":"Enerland Group"},"image":{"@id":"https:\/\/www.enerlandgroup.com\/es\/#\/schema\/logo\/image\/"},"sameAs":["https:\/\/www.linkedin.com\/company\/enerland-group\/","https:\/\/www.youtube.com\/channel\/UCjdInbThgaPa2_D34vRChmA"]},{"@type":"Person","@id":"https:\/\/www.enerlandgroup.com\/es\/#\/schema\/person\/d842c1aed4fef077270deb261453486c","name":"Pilar","image":{"@type":"ImageObject","inLanguage":"en-US","@id":"https:\/\/secure.gravatar.com\/avatar\/3e6e1323210dee16f137d8ab0ce7231001529459c2f5b2e4ec20c72d1fd442dc?s=96&d=mm&r=g","url":"https:\/\/secure.gravatar.com\/avatar\/3e6e1323210dee16f137d8ab0ce7231001529459c2f5b2e4ec20c72d1fd442dc?s=96&d=mm&r=g","contentUrl":"https:\/\/secure.gravatar.com\/avatar\/3e6e1323210dee16f137d8ab0ce7231001529459c2f5b2e4ec20c72d1fd442dc?s=96&d=mm&r=g","caption":"Pilar"},"url":"https:\/\/www.enerlandgroup.com\/en\/author\/enerland\/"}]}},"jetpack_featured_media_url":"https:\/\/www.enerlandgroup.com\/wp-content\/uploads\/2022\/09\/Noticias-nuevos-proyectos-Aragon.jpg","_links":{"self":[{"href":"https:\/\/www.enerlandgroup.com\/en\/wp-json\/wp\/v2\/posts\/13038","targetHints":{"allow":["GET"]}}],"collection":[{"href":"https:\/\/www.enerlandgroup.com\/en\/wp-json\/wp\/v2\/posts"}],"about":[{"href":"https:\/\/www.enerlandgroup.com\/en\/wp-json\/wp\/v2\/types\/post"}],"author":[{"embeddable":true,"href":"https:\/\/www.enerlandgroup.com\/en\/wp-json\/wp\/v2\/users\/4"}],"replies":[{"embeddable":true,"href":"https:\/\/www.enerlandgroup.com\/en\/wp-json\/wp\/v2\/comments?post=13038"}],"version-history":[{"count":1,"href":"https:\/\/www.enerlandgroup.com\/en\/wp-json\/wp\/v2\/posts\/13038\/revisions"}],"predecessor-version":[{"id":13051,"href":"https:\/\/www.enerlandgroup.com\/en\/wp-json\/wp\/v2\/posts\/13038\/revisions\/13051"}],"wp:featuredmedia":[{"embeddable":true,"href":"https:\/\/www.enerlandgroup.com\/en\/wp-json\/wp\/v2\/media\/12979"}],"wp:attachment":[{"href":"https:\/\/www.enerlandgroup.com\/en\/wp-json\/wp\/v2\/media?parent=13038"}],"wp:term":[{"taxonomy":"category","embeddable":true,"href":"https:\/\/www.enerlandgroup.com\/en\/wp-json\/wp\/v2\/categories?post=13038"},{"taxonomy":"post_tag","embeddable":true,"href":"https:\/\/www.enerlandgroup.com\/en\/wp-json\/wp\/v2\/tags?post=13038"}],"curies":[{"name":"wp","href":"https:\/\/api.w.org\/{rel}","templated":true}]}}