{"id":10614,"date":"2022-07-11T10:55:44","date_gmt":"2022-07-11T08:55:44","guid":{"rendered":"https:\/\/www.enerlandgroup.com\/?p=10614"},"modified":"2022-07-11T10:55:44","modified_gmt":"2022-07-11T08:55:44","slug":"we-attended-renmad-22","status":"publish","type":"post","link":"https:\/\/www.enerlandgroup.com\/en\/we-attended-renmad-22\/","title":{"rendered":"We attended RENMAD &#8217;22"},"content":{"rendered":"<h2>We attended RENMAD Storage 2022, the new congress of the energy sector whose main theme revolved around storage.<\/h2>\n<p>&nbsp;<\/p>\n<p>The conference was held on June 21 and 22 and took place in Toledo, Spain. At Enerland Group we attended RENMAD 2022 through our director of <a href=\"https:\/\/www.enerlandgroup.com\/es\/desarrollo\/\">developments<\/a>, Lorena Hern\u00e1ndez and Jos\u00e9 Alfambra, area manager of LATAM&amp;Spain. The main topic revolved around different aspects related to energy storage projects in Spain as well as their profitability. How to design, finance, promote, build and operate them were some of the conversations that took place at RENMAD22. &#8220;With previous experience in this field, we attended RENMAD to learn about the future perspectives of storage technology in our country as well as the regulatory framework that will act for its regulation&#8221;- Enerland Group<\/p>\n<p>&nbsp;<\/p>\n<h3>Outlook for energy storage<\/h3>\n<p>Currently, this technology is seen as essential to meet the massive deployment of renewables in our country, Spain. For this reason, the Ministry for the Ecological Transition and the Demographic Challenge is already working on a regulatory framework for its regulation. Once published, the start of the immediate deployment of storage in Spain is expected. In order to promote the development of storage technology, the government will also make available 600 million euros in aid. Also, the ERDF funds will finance renewable energy projects with 316 million euros. Both impulses will give the necessary strength to the Spanish energy market for the development of both renewables and storage in order to achieve the objectives set for the 2050 Agenda set by the <a href=\"https:\/\/www.miteco.gob.es\/es\/prensa\/pniec.aspx\">PNIEC<\/a>. \u00a0<\/p>\n<p>&nbsp;<\/p>\n<h3>At a technical level<\/h3>\n<p>Taking into account the more technical aspects of energy storage, this technology is now ready for use. In other countries, both at European and international level, it has been used successfully for some years. Thanks to this technology, the way power generation assets are operated is expected to change completely.<\/p>\n","protected":false},"excerpt":{"rendered":"<p>We attended RENMAD Storage 2022, the new congress of the energy sector whose main<\/p>\n","protected":false},"author":4,"featured_media":10610,"comment_status":"open","ping_status":"open","sticky":false,"template":"","format":"standard","meta":{"_et_pb_use_builder":"","_et_pb_old_content":"","_et_gb_content_width":"","footnotes":""},"categories":[23,161],"tags":[],"class_list":["post-10614","post","type-post","status-publish","format-standard","has-post-thumbnail","hentry","category-corporativo","category-noticias"],"yoast_head":"<!-- This site is optimized with the Yoast SEO plugin v27.4 - https:\/\/yoast.com\/product\/yoast-seo-wordpress\/ -->\n<title>We attended RENMAD &#039;22 - Enerland Energ\u00eda Renovable<\/title>\n<meta name=\"description\" content=\"We attended RENMAD 2022 at the hands of our director of developments, Lorena Hern\u00e1ndez and Jos\u00e9 Alfambra, area manager of LATAM&amp;Spain.\" \/>\n<meta name=\"robots\" content=\"index, follow, max-snippet:-1, max-image-preview:large, max-video-preview:-1\" \/>\n<link rel=\"canonical\" href=\"https:\/\/www.enerlandgroup.com\/en\/we-attended-renmad-22\/\" \/>\n<meta property=\"og:locale\" content=\"en_US\" \/>\n<meta property=\"og:type\" content=\"article\" \/>\n<meta property=\"og:title\" content=\"We attended RENMAD &#039;22 - Enerland Energ\u00eda Renovable\" \/>\n<meta property=\"og:description\" content=\"We attended RENMAD 2022 at the hands of our director of developments, Lorena Hern\u00e1ndez and Jos\u00e9 Alfambra, area manager of LATAM&amp;Spain.\" \/>\n<meta property=\"og:url\" content=\"https:\/\/www.enerlandgroup.com\/en\/we-attended-renmad-22\/\" \/>\n<meta property=\"og:site_name\" content=\"Enerland Energ\u00eda Renovable\" \/>\n<meta property=\"article:published_time\" content=\"2022-07-11T08:55:44+00:00\" \/>\n<meta property=\"og:image\" content=\"https:\/\/www.enerlandgroup.com\/wp-content\/uploads\/2022\/06\/Post_web_RENMAD.jpg\" \/>\n\t<meta property=\"og:image:width\" content=\"1870\" \/>\n\t<meta property=\"og:image:height\" content=\"700\" \/>\n\t<meta property=\"og:image:type\" content=\"image\/jpeg\" \/>\n<meta name=\"author\" content=\"Pilar\" \/>\n<meta name=\"twitter:card\" content=\"summary_large_image\" \/>\n<script type=\"application\/ld+json\" class=\"yoast-schema-graph\">{\"@context\":\"https:\\\/\\\/schema.org\",\"@graph\":[{\"@type\":\"Article\",\"@id\":\"https:\\\/\\\/www.enerlandgroup.com\\\/en\\\/we-attended-renmad-22\\\/#article\",\"isPartOf\":{\"@id\":\"https:\\\/\\\/www.enerlandgroup.com\\\/en\\\/we-attended-renmad-22\\\/\"},\"author\":{\"name\":\"Pilar\",\"@id\":\"https:\\\/\\\/www.enerlandgroup.com\\\/es\\\/#\\\/schema\\\/person\\\/d842c1aed4fef077270deb261453486c\"},\"headline\":\"We attended RENMAD &#8217;22\",\"datePublished\":\"2022-07-11T08:55:44+00:00\",\"mainEntityOfPage\":{\"@id\":\"https:\\\/\\\/www.enerlandgroup.com\\\/en\\\/we-attended-renmad-22\\\/\"},\"wordCount\":311,\"commentCount\":0,\"publisher\":{\"@id\":\"https:\\\/\\\/www.enerlandgroup.com\\\/es\\\/#organization\"},\"image\":{\"@id\":\"https:\\\/\\\/www.enerlandgroup.com\\\/en\\\/we-attended-renmad-22\\\/#primaryimage\"},\"thumbnailUrl\":\"https:\\\/\\\/www.enerlandgroup.com\\\/wp-content\\\/uploads\\\/2022\\\/06\\\/Post_web_RENMAD.jpg\",\"articleSection\":[\"Corporativo\",\"Noticias\"],\"inLanguage\":\"en-US\",\"potentialAction\":[{\"@type\":\"CommentAction\",\"name\":\"Comment\",\"target\":[\"https:\\\/\\\/www.enerlandgroup.com\\\/en\\\/we-attended-renmad-22\\\/#respond\"]}]},{\"@type\":[\"WebPage\",\"ItemPage\"],\"@id\":\"https:\\\/\\\/www.enerlandgroup.com\\\/en\\\/we-attended-renmad-22\\\/\",\"url\":\"https:\\\/\\\/www.enerlandgroup.com\\\/en\\\/we-attended-renmad-22\\\/\",\"name\":\"We attended RENMAD '22 - Enerland Energ\u00eda Renovable\",\"isPartOf\":{\"@id\":\"https:\\\/\\\/www.enerlandgroup.com\\\/es\\\/#website\"},\"primaryImageOfPage\":{\"@id\":\"https:\\\/\\\/www.enerlandgroup.com\\\/en\\\/we-attended-renmad-22\\\/#primaryimage\"},\"image\":{\"@id\":\"https:\\\/\\\/www.enerlandgroup.com\\\/en\\\/we-attended-renmad-22\\\/#primaryimage\"},\"thumbnailUrl\":\"https:\\\/\\\/www.enerlandgroup.com\\\/wp-content\\\/uploads\\\/2022\\\/06\\\/Post_web_RENMAD.jpg\",\"datePublished\":\"2022-07-11T08:55:44+00:00\",\"description\":\"We attended RENMAD 2022 at the hands of our director of developments, Lorena Hern\u00e1ndez and Jos\u00e9 Alfambra, area manager of LATAM&Spain.\",\"breadcrumb\":{\"@id\":\"https:\\\/\\\/www.enerlandgroup.com\\\/en\\\/we-attended-renmad-22\\\/#breadcrumb\"},\"inLanguage\":\"en-US\",\"potentialAction\":[{\"@type\":\"ReadAction\",\"target\":[\"https:\\\/\\\/www.enerlandgroup.com\\\/en\\\/we-attended-renmad-22\\\/\"]}]},{\"@type\":\"ImageObject\",\"inLanguage\":\"en-US\",\"@id\":\"https:\\\/\\\/www.enerlandgroup.com\\\/en\\\/we-attended-renmad-22\\\/#primaryimage\",\"url\":\"https:\\\/\\\/www.enerlandgroup.com\\\/wp-content\\\/uploads\\\/2022\\\/06\\\/Post_web_RENMAD.jpg\",\"contentUrl\":\"https:\\\/\\\/www.enerlandgroup.com\\\/wp-content\\\/uploads\\\/2022\\\/06\\\/Post_web_RENMAD.jpg\",\"width\":1870,\"height\":700,\"caption\":\"We attended RENMAD: Lorena Hern\u00e1ndez and Jos\u00e9 Alfambra Subias\"},{\"@type\":\"BreadcrumbList\",\"@id\":\"https:\\\/\\\/www.enerlandgroup.com\\\/en\\\/we-attended-renmad-22\\\/#breadcrumb\",\"itemListElement\":[{\"@type\":\"ListItem\",\"position\":1,\"name\":\"Inicio\",\"item\":\"https:\\\/\\\/www.enerlandgroup.com\\\/en\\\/inicio\\\/\"},{\"@type\":\"ListItem\",\"position\":2,\"name\":\"We attended RENMAD &#8217;22\"}]},{\"@type\":\"WebSite\",\"@id\":\"https:\\\/\\\/www.enerlandgroup.com\\\/es\\\/#website\",\"url\":\"https:\\\/\\\/www.enerlandgroup.com\\\/es\\\/\",\"name\":\"Enerland Energ\u00eda Renovable\",\"description\":\"\",\"publisher\":{\"@id\":\"https:\\\/\\\/www.enerlandgroup.com\\\/es\\\/#organization\"},\"potentialAction\":[{\"@type\":\"SearchAction\",\"target\":{\"@type\":\"EntryPoint\",\"urlTemplate\":\"https:\\\/\\\/www.enerlandgroup.com\\\/es\\\/?s={search_term_string}\"},\"query-input\":{\"@type\":\"PropertyValueSpecification\",\"valueRequired\":true,\"valueName\":\"search_term_string\"}}],\"inLanguage\":\"en-US\"},{\"@type\":\"Organization\",\"@id\":\"https:\\\/\\\/www.enerlandgroup.com\\\/es\\\/#organization\",\"name\":\"Enerland Group\",\"url\":\"https:\\\/\\\/www.enerlandgroup.com\\\/es\\\/\",\"logo\":{\"@type\":\"ImageObject\",\"inLanguage\":\"en-US\",\"@id\":\"https:\\\/\\\/www.enerlandgroup.com\\\/es\\\/#\\\/schema\\\/logo\\\/image\\\/\",\"url\":\"https:\\\/\\\/www.enerlandgroup.com\\\/wp-content\\\/uploads\\\/2021\\\/05\\\/Logo_Enerland.png\",\"contentUrl\":\"https:\\\/\\\/www.enerlandgroup.com\\\/wp-content\\\/uploads\\\/2021\\\/05\\\/Logo_Enerland.png\",\"width\":184,\"height\":43,\"caption\":\"Enerland Group\"},\"image\":{\"@id\":\"https:\\\/\\\/www.enerlandgroup.com\\\/es\\\/#\\\/schema\\\/logo\\\/image\\\/\"},\"sameAs\":[\"https:\\\/\\\/www.linkedin.com\\\/company\\\/enerland-group\\\/\",\"https:\\\/\\\/www.youtube.com\\\/channel\\\/UCjdInbThgaPa2_D34vRChmA\"]},{\"@type\":\"Person\",\"@id\":\"https:\\\/\\\/www.enerlandgroup.com\\\/es\\\/#\\\/schema\\\/person\\\/d842c1aed4fef077270deb261453486c\",\"name\":\"Pilar\",\"image\":{\"@type\":\"ImageObject\",\"inLanguage\":\"en-US\",\"@id\":\"https:\\\/\\\/secure.gravatar.com\\\/avatar\\\/3e6e1323210dee16f137d8ab0ce7231001529459c2f5b2e4ec20c72d1fd442dc?s=96&d=mm&r=g\",\"url\":\"https:\\\/\\\/secure.gravatar.com\\\/avatar\\\/3e6e1323210dee16f137d8ab0ce7231001529459c2f5b2e4ec20c72d1fd442dc?s=96&d=mm&r=g\",\"contentUrl\":\"https:\\\/\\\/secure.gravatar.com\\\/avatar\\\/3e6e1323210dee16f137d8ab0ce7231001529459c2f5b2e4ec20c72d1fd442dc?s=96&d=mm&r=g\",\"caption\":\"Pilar\"},\"url\":\"https:\\\/\\\/www.enerlandgroup.com\\\/en\\\/author\\\/enerland\\\/\"}]}<\/script>\n<!-- \/ Yoast SEO plugin. -->","yoast_head_json":{"title":"We attended RENMAD '22 - Enerland Energ\u00eda Renovable","description":"We attended RENMAD 2022 at the hands of our director of developments, Lorena Hern\u00e1ndez and Jos\u00e9 Alfambra, area manager of LATAM&Spain.","robots":{"index":"index","follow":"follow","max-snippet":"max-snippet:-1","max-image-preview":"max-image-preview:large","max-video-preview":"max-video-preview:-1"},"canonical":"https:\/\/www.enerlandgroup.com\/en\/we-attended-renmad-22\/","og_locale":"en_US","og_type":"article","og_title":"We attended RENMAD '22 - Enerland Energ\u00eda Renovable","og_description":"We attended RENMAD 2022 at the hands of our director of developments, Lorena Hern\u00e1ndez and Jos\u00e9 Alfambra, area manager of LATAM&Spain.","og_url":"https:\/\/www.enerlandgroup.com\/en\/we-attended-renmad-22\/","og_site_name":"Enerland Energ\u00eda Renovable","article_published_time":"2022-07-11T08:55:44+00:00","og_image":[{"width":1870,"height":700,"url":"https:\/\/www.enerlandgroup.com\/wp-content\/uploads\/2022\/06\/Post_web_RENMAD.jpg","type":"image\/jpeg"}],"author":"Pilar","twitter_card":"summary_large_image","schema":{"@context":"https:\/\/schema.org","@graph":[{"@type":"Article","@id":"https:\/\/www.enerlandgroup.com\/en\/we-attended-renmad-22\/#article","isPartOf":{"@id":"https:\/\/www.enerlandgroup.com\/en\/we-attended-renmad-22\/"},"author":{"name":"Pilar","@id":"https:\/\/www.enerlandgroup.com\/es\/#\/schema\/person\/d842c1aed4fef077270deb261453486c"},"headline":"We attended RENMAD &#8217;22","datePublished":"2022-07-11T08:55:44+00:00","mainEntityOfPage":{"@id":"https:\/\/www.enerlandgroup.com\/en\/we-attended-renmad-22\/"},"wordCount":311,"commentCount":0,"publisher":{"@id":"https:\/\/www.enerlandgroup.com\/es\/#organization"},"image":{"@id":"https:\/\/www.enerlandgroup.com\/en\/we-attended-renmad-22\/#primaryimage"},"thumbnailUrl":"https:\/\/www.enerlandgroup.com\/wp-content\/uploads\/2022\/06\/Post_web_RENMAD.jpg","articleSection":["Corporativo","Noticias"],"inLanguage":"en-US","potentialAction":[{"@type":"CommentAction","name":"Comment","target":["https:\/\/www.enerlandgroup.com\/en\/we-attended-renmad-22\/#respond"]}]},{"@type":["WebPage","ItemPage"],"@id":"https:\/\/www.enerlandgroup.com\/en\/we-attended-renmad-22\/","url":"https:\/\/www.enerlandgroup.com\/en\/we-attended-renmad-22\/","name":"We attended RENMAD '22 - Enerland Energ\u00eda Renovable","isPartOf":{"@id":"https:\/\/www.enerlandgroup.com\/es\/#website"},"primaryImageOfPage":{"@id":"https:\/\/www.enerlandgroup.com\/en\/we-attended-renmad-22\/#primaryimage"},"image":{"@id":"https:\/\/www.enerlandgroup.com\/en\/we-attended-renmad-22\/#primaryimage"},"thumbnailUrl":"https:\/\/www.enerlandgroup.com\/wp-content\/uploads\/2022\/06\/Post_web_RENMAD.jpg","datePublished":"2022-07-11T08:55:44+00:00","description":"We attended RENMAD 2022 at the hands of our director of developments, Lorena Hern\u00e1ndez and Jos\u00e9 Alfambra, area manager of LATAM&Spain.","breadcrumb":{"@id":"https:\/\/www.enerlandgroup.com\/en\/we-attended-renmad-22\/#breadcrumb"},"inLanguage":"en-US","potentialAction":[{"@type":"ReadAction","target":["https:\/\/www.enerlandgroup.com\/en\/we-attended-renmad-22\/"]}]},{"@type":"ImageObject","inLanguage":"en-US","@id":"https:\/\/www.enerlandgroup.com\/en\/we-attended-renmad-22\/#primaryimage","url":"https:\/\/www.enerlandgroup.com\/wp-content\/uploads\/2022\/06\/Post_web_RENMAD.jpg","contentUrl":"https:\/\/www.enerlandgroup.com\/wp-content\/uploads\/2022\/06\/Post_web_RENMAD.jpg","width":1870,"height":700,"caption":"We attended RENMAD: Lorena Hern\u00e1ndez and Jos\u00e9 Alfambra Subias"},{"@type":"BreadcrumbList","@id":"https:\/\/www.enerlandgroup.com\/en\/we-attended-renmad-22\/#breadcrumb","itemListElement":[{"@type":"ListItem","position":1,"name":"Inicio","item":"https:\/\/www.enerlandgroup.com\/en\/inicio\/"},{"@type":"ListItem","position":2,"name":"We attended RENMAD &#8217;22"}]},{"@type":"WebSite","@id":"https:\/\/www.enerlandgroup.com\/es\/#website","url":"https:\/\/www.enerlandgroup.com\/es\/","name":"Enerland Energ\u00eda Renovable","description":"","publisher":{"@id":"https:\/\/www.enerlandgroup.com\/es\/#organization"},"potentialAction":[{"@type":"SearchAction","target":{"@type":"EntryPoint","urlTemplate":"https:\/\/www.enerlandgroup.com\/es\/?s={search_term_string}"},"query-input":{"@type":"PropertyValueSpecification","valueRequired":true,"valueName":"search_term_string"}}],"inLanguage":"en-US"},{"@type":"Organization","@id":"https:\/\/www.enerlandgroup.com\/es\/#organization","name":"Enerland Group","url":"https:\/\/www.enerlandgroup.com\/es\/","logo":{"@type":"ImageObject","inLanguage":"en-US","@id":"https:\/\/www.enerlandgroup.com\/es\/#\/schema\/logo\/image\/","url":"https:\/\/www.enerlandgroup.com\/wp-content\/uploads\/2021\/05\/Logo_Enerland.png","contentUrl":"https:\/\/www.enerlandgroup.com\/wp-content\/uploads\/2021\/05\/Logo_Enerland.png","width":184,"height":43,"caption":"Enerland Group"},"image":{"@id":"https:\/\/www.enerlandgroup.com\/es\/#\/schema\/logo\/image\/"},"sameAs":["https:\/\/www.linkedin.com\/company\/enerland-group\/","https:\/\/www.youtube.com\/channel\/UCjdInbThgaPa2_D34vRChmA"]},{"@type":"Person","@id":"https:\/\/www.enerlandgroup.com\/es\/#\/schema\/person\/d842c1aed4fef077270deb261453486c","name":"Pilar","image":{"@type":"ImageObject","inLanguage":"en-US","@id":"https:\/\/secure.gravatar.com\/avatar\/3e6e1323210dee16f137d8ab0ce7231001529459c2f5b2e4ec20c72d1fd442dc?s=96&d=mm&r=g","url":"https:\/\/secure.gravatar.com\/avatar\/3e6e1323210dee16f137d8ab0ce7231001529459c2f5b2e4ec20c72d1fd442dc?s=96&d=mm&r=g","contentUrl":"https:\/\/secure.gravatar.com\/avatar\/3e6e1323210dee16f137d8ab0ce7231001529459c2f5b2e4ec20c72d1fd442dc?s=96&d=mm&r=g","caption":"Pilar"},"url":"https:\/\/www.enerlandgroup.com\/en\/author\/enerland\/"}]}},"jetpack_featured_media_url":"https:\/\/www.enerlandgroup.com\/wp-content\/uploads\/2022\/06\/Post_web_RENMAD.jpg","_links":{"self":[{"href":"https:\/\/www.enerlandgroup.com\/en\/wp-json\/wp\/v2\/posts\/10614","targetHints":{"allow":["GET"]}}],"collection":[{"href":"https:\/\/www.enerlandgroup.com\/en\/wp-json\/wp\/v2\/posts"}],"about":[{"href":"https:\/\/www.enerlandgroup.com\/en\/wp-json\/wp\/v2\/types\/post"}],"author":[{"embeddable":true,"href":"https:\/\/www.enerlandgroup.com\/en\/wp-json\/wp\/v2\/users\/4"}],"replies":[{"embeddable":true,"href":"https:\/\/www.enerlandgroup.com\/en\/wp-json\/wp\/v2\/comments?post=10614"}],"version-history":[{"count":1,"href":"https:\/\/www.enerlandgroup.com\/en\/wp-json\/wp\/v2\/posts\/10614\/revisions"}],"predecessor-version":[{"id":11232,"href":"https:\/\/www.enerlandgroup.com\/en\/wp-json\/wp\/v2\/posts\/10614\/revisions\/11232"}],"wp:featuredmedia":[{"embeddable":true,"href":"https:\/\/www.enerlandgroup.com\/en\/wp-json\/wp\/v2\/media\/10610"}],"wp:attachment":[{"href":"https:\/\/www.enerlandgroup.com\/en\/wp-json\/wp\/v2\/media?parent=10614"}],"wp:term":[{"taxonomy":"category","embeddable":true,"href":"https:\/\/www.enerlandgroup.com\/en\/wp-json\/wp\/v2\/categories?post=10614"},{"taxonomy":"post_tag","embeddable":true,"href":"https:\/\/www.enerlandgroup.com\/en\/wp-json\/wp\/v2\/tags?post=10614"}],"curies":[{"name":"wp","href":"https:\/\/api.w.org\/{rel}","templated":true}]}}